{"id":130371,"date":"2025-12-06T18:27:13","date_gmt":"2025-12-06T18:27:13","guid":{"rendered":"https:\/\/rdnews.al\/?p=130371"},"modified":"2025-12-06T18:27:13","modified_gmt":"2025-12-06T18:27:13","slug":"berisha-do-kete-analize-per-cdo-njeri-ne-pd-e-vetmja-kerkese-eshte-qe-kjo-analize-te-behet-brenda-partise","status":"publish","type":"post","link":"https:\/\/rdnews.al\/index.php\/2025\/12\/06\/berisha-do-kete-analize-per-cdo-njeri-ne-pd-e-vetmja-kerkese-eshte-qe-kjo-analize-te-behet-brenda-partise\/","title":{"rendered":"Berisha: Do ket\u00eb analiz\u00eb p\u00ebr \u00e7do njeri n\u00eb PD! E vetmja k\u00ebrkes\u00eb \u00ebsht\u00eb q\u00eb kjo analiz\u00eb t\u00eb b\u00ebhet brenda partis\u00eb"},"content":{"rendered":"<p>Gjat\u00eb deklarat\u00ebs s\u00eb tij p\u00ebr mediat, kreu i PD, Sali Berisha theksoi se, Partia Demokratike do t\u00eb zhvilloj\u00eb nj\u00eb analiz\u00eb t\u00eb thelluar p\u00ebr \u00e7do individ brenda strukturave t\u00eb saj, duke e cil\u00ebsuar k\u00ebt\u00eb proces si domosdoshm\u00ebri p\u00ebr nj\u00eb forc\u00eb politike t\u00eb lir\u00eb dhe demokratike.<br \/>\nBerishau shpreh se an\u00ebtar\u00ebt, militant\u00ebt dhe simpatizant\u00ebt kan\u00eb t\u00eb drejt\u00eb t\u00eb k\u00ebrkojn\u00eb sqarime dhe llogari, nd\u00ebrsa drejtuesit e partis\u00eb kan\u00eb detyrimin t\u00eb d\u00ebgjojn\u00eb kritikat, t\u00eb shpjegojn\u00eb vendimmarrjet dhe t\u00eb informojn\u00eb \u00e7do demokrat p\u00ebr realitetin q\u00eb, sipas tij, \u00ebsht\u00eb p\u00ebrpjekur t\u00eb fshihet nga narko-regjimi.<br \/>\n\u201cDo ket\u00eb analiz\u00eb p\u00ebr \u00e7do njeri.<br \/>\nNj\u00eb parti e lir\u00eb nuk njeh kufij, absolutisht secilit nga ne.<br \/>\nNe do d\u00ebgjojm\u00eb z\u00ebrin e tyre.<br \/>\nKa gj\u00ebra q\u00eb militant\u00ebt, an\u00ebtar\u00ebt dhe simpatizant\u00ebt tan\u00eb kan\u00eb t\u00eb drejt\u00eb, ka gj\u00ebra q\u00eb duhet t\u2019ua shpjegojm\u00eb, nuk i din\u00eb, nuk kan\u00eb faj, nuk jan\u00eb informuar, duhet t\u2019i informojm\u00eb.<br \/>\nJu e kuptoni se p\u00ebrpjekje e madhe shum\u00eb q\u00eb ne t\u00eb mos denonconim krimin elektoral, t\u00eb mos i dilnim zot vot\u00ebs, p\u00ebrpjekje e jasht\u00ebzakonshme nga Edi Rama, k\u00ebrc\u00ebnim direkt ndaj drejtuesve t\u00eb misioneve v\u00ebzhguese.<br \/>\nSikur t\u00eb ishin n\u00eb Bandistan dhe jo n\u00eb nj\u00eb vend an\u00ebtar t\u00eb K\u00ebshillit t\u00eb Europ\u00ebs dhe q\u00eb ka negociatat.<br \/>\nKa t\u00eb tjer\u00eb q\u00eb vraponin o analiz\u00eb tani, q\u00eb t\u00eb b\u00ebjm\u00eb gjith\u00e7ka q\u00eb t\u2019i japim material Edi Ram\u00ebs p\u00ebr t\u00eb dob\u00ebsuar raportin.<br \/>\nKa t\u00eb tjer\u00eb q\u00eb prisnin q\u00eb t\u00eb mund t\u00eb thoshin se k\u00ebto ishin zgjedhjet m\u00eb t\u00eb mira n\u00eb m\u00ebnyr\u00eb q\u00eb t\u00eb mohojn\u00eb fars\u00ebn elektorale, t\u00eb mohojn\u00eb narko-diktatur\u00ebn, t\u00eb mohojn\u00eb diktatur\u00ebn autoritare.<br \/>\nPo k\u00ebta jan\u00eb skllev\u00ebr, jan\u00eb mjeran\u00eb, nuk e meritojn\u00eb lirin\u00eb, se k\u00ebt\u00eb q\u00eb b\u00ebjm\u00eb ne e b\u00ebjm\u00eb p\u00ebr \u00e7do shqiptar.<br \/>\nNe pat\u00ebm programin m\u00eb t\u00eb shk\u00eblqyer n\u00eb historin\u00eb e vendit.<br \/>\nNe mor\u00ebm ekspertin m\u00eb t\u00eb shk\u00eblqyer t\u00eb planetit.<br \/>\nPor farsa elektorale jo q\u00eb nuk u ndalua, por mori p\u00ebrmasat m\u00eb gjigante se kurr\u00eb.<br \/>\nK\u00ebshtu q\u00eb ne jemi pra, nuk i mbyllet kujt goja nj\u00ebher\u00eb, kjo t\u00eb jemi t\u00eb qart\u00eb, e vetmja k\u00ebrkes\u00eb, e vetmja gj\u00eb, q\u00eb kjo analiz\u00eb t\u00eb b\u00ebhet brenda partis\u00eb.<br \/>\nSi ta duan, t\u00eb hapur p\u00ebr mediat, t\u00eb mbyllur p\u00ebr mediat, si t\u00eb ken\u00eb qejf, nuk kan\u00eb asnj\u00eb lloj kufizimi\u201d, u shpreh Berisha.<\/p>\n","protected":false},"excerpt":{"rendered":"<p>Gjat\u00eb deklarat\u00ebs s\u00eb tij p\u00ebr mediat, kreu i PD, Sali Berisha theksoi se, Partia Demokratike do t\u00eb zhvilloj\u00eb nj\u00eb analiz\u00eb t\u00eb thelluar p\u00ebr \u00e7do individ brenda strukturave t\u00eb saj, duke e cil\u00ebsuar k\u00ebt\u00eb proces si domosdoshm\u00ebri p\u00ebr nj\u00eb forc\u00eb politike t\u00eb lir\u00eb dhe demokratike. Berishau shpreh se an\u00ebtar\u00ebt, militant\u00ebt dhe simpatizant\u00ebt kan\u00eb t\u00eb drejt\u00eb t\u00eb &hellip;<\/p>\n","protected":false},"author":4,"featured_media":130372,"comment_status":"closed","ping_status":"closed","sticky":false,"template":"","format":"standard","meta":{"footnotes":""},"categories":[37],"tags":[],"class_list":["post-130371","post","type-post","status-publish","format-standard","has-post-thumbnail","","category-politike"],"_links":{"self":[{"href":"https:\/\/rdnews.al\/index.php\/wp-json\/wp\/v2\/posts\/130371","targetHints":{"allow":["GET"]}}],"collection":[{"href":"https:\/\/rdnews.al\/index.php\/wp-json\/wp\/v2\/posts"}],"about":[{"href":"https:\/\/rdnews.al\/index.php\/wp-json\/wp\/v2\/types\/post"}],"author":[{"embeddable":true,"href":"https:\/\/rdnews.al\/index.php\/wp-json\/wp\/v2\/users\/4"}],"replies":[{"embeddable":true,"href":"https:\/\/rdnews.al\/index.php\/wp-json\/wp\/v2\/comments?post=130371"}],"version-history":[{"count":1,"href":"https:\/\/rdnews.al\/index.php\/wp-json\/wp\/v2\/posts\/130371\/revisions"}],"predecessor-version":[{"id":130373,"href":"https:\/\/rdnews.al\/index.php\/wp-json\/wp\/v2\/posts\/130371\/revisions\/130373"}],"wp:featuredmedia":[{"embeddable":true,"href":"https:\/\/rdnews.al\/index.php\/wp-json\/wp\/v2\/media\/130372"}],"wp:attachment":[{"href":"https:\/\/rdnews.al\/index.php\/wp-json\/wp\/v2\/media?parent=130371"}],"wp:term":[{"taxonomy":"category","embeddable":true,"href":"https:\/\/rdnews.al\/index.php\/wp-json\/wp\/v2\/categories?post=130371"},{"taxonomy":"post_tag","embeddable":true,"href":"https:\/\/rdnews.al\/index.php\/wp-json\/wp\/v2\/tags?post=130371"}],"curies":[{"name":"wp","href":"https:\/\/api.w.org\/{rel}","templated":true}]}}