{"id":130374,"date":"2025-12-06T18:32:12","date_gmt":"2025-12-06T18:32:12","guid":{"rendered":"https:\/\/rdnews.al\/?p=130374"},"modified":"2025-12-06T18:32:12","modified_gmt":"2025-12-06T18:32:12","slug":"albana-vokshi-rizgjidhet-si-zv-presidente-e-epp-women-sfide-dhe-pergjegjesi","status":"publish","type":"post","link":"https:\/\/rdnews.al\/index.php\/2025\/12\/06\/albana-vokshi-rizgjidhet-si-zv-presidente-e-epp-women-sfide-dhe-pergjegjesi\/","title":{"rendered":"Albana Vokshi, rizgjidhet si zv\/presidente e EPP Women: Sfid\u00eb dhe p\u00ebrgjegj\u00ebsi!"},"content":{"rendered":"<div id=\"rekl-49\">Deputetja e Partis\u00eb Demokratike, nj\u00ebkoh\u00ebsisht edhe drejtuesja e forumit t\u00eb gruas n\u00eb PD, Albana Vokshi \u00ebsht\u00eb rizgjedhur si zv\/presidente e forumit t\u00eb Grat\u00eb t\u00eb Partive Popullore Europiane.<\/div>\n<div class=\"readmore-text-here\">\n<p>Gjat\u00eb mbledhjes s\u00eb p\u00ebrgjithshme t\u00eb mbajtur dit\u00ebn e sotme n\u00eb Bruksel, Vokshi \u00ebsht\u00eb votuar nga an\u00ebtaret e k\u00ebtij forumit p\u00ebr nj\u00eb mandat t\u00eb dyt\u00eb n\u00eb k\u00ebt\u00eb detyr\u00eb, nd\u00ebrkoh\u00eb q\u00eb presidentja e re e k\u00ebtij forumi \u00ebsht\u00eb zgjedhur, Mariya Gabriel ish-zv\/kryeministre dhe ish-ministre e Jashtme e Bullgaris\u00eb.<br \/>\nPasi u rikonfirmua n\u00eb k\u00ebt\u00eb detyre, Vokshi shprehu fal\u00ebnderimet p\u00ebr mb\u00ebshtetjen q\u00eb mori.<\/p>\n<p>\u2018Jam ve\u00e7an\u00ebrisht krenare q\u00eb kemi mbrojtur demokracin\u00eb dhe vlerat europiane n\u00eb Ballkanin Per\u00ebndimor dhe kemi punuar p\u00ebr t\u00eb forcuar integrimin europian t\u00eb k\u00ebtij rajoni\u2019,\u00a0tha nd\u00ebr t\u00eb tjera Albana Vokshi zv\/presidente e EPP Women.<\/p>\n<div class=\"fotogaleri\">\n<div class=\"bx-wrapper\">\n<div class=\"bx-viewport\">\n<ul class=\"read-slider\">\n<li><a href=\"https:\/\/www.syri.net\/fotogaleria\/845079\/albana-vokshi-rizgjidhet-si-zv-presidente-e-epp-women-sfide-dhe-pergjegjesi\/\" target=\"_blank\" rel=\"noopener\"><img loading=\"lazy\" decoding=\"async\" class=\"\" src=\"https:\/\/www.syri.net\/uploads\/syri.net\/images\/2025\/December\/06\/auto_v21765030162.jpg\" width=\"596\" height=\"447\" \/><i class=\"fa fa-search-plus syri_zoom\" aria-hidden=\"true\"><\/i><\/a><\/li>\n<\/ul>\n<\/div>\n<div class=\"bx-controls bx-has-pager bx-has-controls-direction\">\n<div class=\"bx-controls-direction\"><strong>Fjala e saj<\/strong><\/div>\n<div><\/div>\n<div class=\"bx-controls-direction\">\u00cbsht\u00eb nj\u00eb nder i madh t\u00eb q\u00ebndroj sot para jush dhe t\u00eb k\u00ebrkoj mb\u00ebshtetjen tuaj p\u00ebr t\u00eb sh\u00ebrbyer p\u00ebrs\u00ebri si Zv\/Presidente. Jam thell\u00ebsisht mir\u00ebnjoh\u00ebse p\u00ebr besimin q\u00eb m\u00eb keni dh\u00ebn\u00eb gjat\u00eb k\u00ebtyre dy viteve t\u00eb fundit. Ju fal\u00ebnderoj q\u00eb m\u00eb lejuat t\u00eb punoj me ju dhe t\u00eb p\u00ebrfaq\u00ebsoj besimin ton\u00eb t\u00eb p\u00ebrbashk\u00ebt n\u00eb fuqin\u00eb dhe potencialin e grave n\u00eb Europ\u00eb.<\/div>\n<div><\/div>\n<div class=\"bx-controls-direction\">P\u00ebr mua, si nj\u00eb grua shqiptare, kjo rol ka nj\u00eb kuptim t\u00eb ve\u00e7ant\u00eb. Sh\u00ebrbimi si zv\/presidentja juaj \u00ebsht\u00eb nj\u00eb nga pozicionet m\u00eb t\u00eb larta q\u00eb nj\u00eb grua shqiptare ka mbajtur ndonj\u00ebher\u00eb n\u00eb politik\u00ebn nd\u00ebrkomb\u00ebtare. Shum\u00eb gra n\u00eb partin\u00eb time, dhe shum\u00eb gra n\u00eb t\u00eb gjith\u00eb Shqip\u00ebrin\u00eb, kan\u00eb ndjer\u00eb krenari dhe frym\u00ebzim nga besimi q\u00eb ju vendos\u00ebt tek nj\u00eb prej tyre. Besimi juaj ka dh\u00ebn\u00eb forc\u00eb mij\u00ebra grave q\u00eb \u00ebnd\u00ebrrojn\u00eb t\u00eb gjejn\u00eb vendin e tyre n\u00eb udh\u00ebheqje.<\/div>\n<\/div>\n<\/div>\n<\/div>\n<p>Kur kthehem pas dhe shoh pun\u00ebn ton\u00eb s\u00eb bashku, ndihem krenare. Ne kemi punuar shum\u00eb p\u00ebr t\u00eb ngritur z\u00ebrat e grave n\u00eb marrjen e vendimeve. Ne kemi mb\u00ebshtetur kandidat\u00ebt gra n\u00eb partit\u00eb tona an\u00ebtare. Ne kemi mbrojtur vlerat tona themelore, dinjitetin njer\u00ebzor, lirin\u00eb, demokracin\u00eb dhe sundimin e ligjit.<\/p>\n<p>M\u00eb e r\u00ebnd\u00ebsishmja, ne kemi siguruar q\u00eb grat\u00eb nga \u00e7do pjes\u00eb e familjes ton\u00eb politike t\u00eb ndihen t\u00eb v\u00ebna re, t\u00eb p\u00ebrfshira dhe t\u00eb fuqizuara.<\/p>\n<p>Jam ve\u00e7an\u00ebrisht krenare q\u00eb kemi mbrojtur demokracin\u00eb dhe vlerat europiane n\u00eb Ballkanin Per\u00ebndimor dhe kemi punuar p\u00ebr t\u00eb forcuar integrimin europian t\u00eb k\u00ebtij rajoni.<\/p>\n<p>T\u00eb dashura mikesha,<\/p>\n<p>Sot, Europa p\u00ebrballet me shum\u00eb sfida, t\u00eb vjetra dhe t\u00eb reja. Shohim shkelje t\u00eb demokracis\u00eb, k\u00ebrc\u00ebnime ndaj siguris\u00eb, ndryshime t\u00eb shpejta digjitale dhe presione demografike.<\/p>\n<p>N\u00eb t\u00eb gjitha k\u00ebto fusha, grat\u00eb kan\u00eb shum\u00eb p\u00ebr t\u00eb dh\u00ebn\u00eb. Grat\u00eb mund t\u00eb udh\u00ebheqin.<\/p>\n<p>Dhe EPP Women duhet t\u00eb vazhdoj\u00eb t\u00eb jet\u00eb vendi ku grat\u00eb rriten, ku ne mb\u00ebshtesim nj\u00ebra-tjetr\u00ebn dhe ku z\u00ebrat tan\u00eb b\u00ebhen m\u00eb t\u00eb fort\u00eb.<\/p>\n<p>N\u00ebse m\u00eb besoni nj\u00eb mandat tjet\u00ebr, un\u00eb do t\u00eb vazhdoj t\u00eb:<\/p>\n<p>-Krijoj m\u00eb shum\u00eb mund\u00ebsi p\u00ebr grat\u00eb e reja n\u00eb politik\u00eb, sepse e ardhmja jon\u00eb varet prej tyre;<br \/>\n-Forcoj bashk\u00ebpunimin n\u00eb t\u00eb gjitha organizatat tona an\u00ebtare, n\u00eb m\u00ebnyr\u00eb q\u00eb \u00e7do z\u00eb t\u00eb mund t\u00eb form\u00ebsoj\u00eb pun\u00ebn ton\u00eb;<br \/>\n-Nd\u00ebrtoj lidhje edhe m\u00eb t\u00eb forta midis rajoneve dhe kulturave, duke mb\u00ebshtetur ve\u00e7an\u00ebrisht rrug\u00ebn europiane t\u00eb Ballkanit Per\u00ebndimor.<\/p>\n<p>Nd\u00ebrsa q\u00ebndroj k\u00ebtu me t\u00eb gjitha grat\u00eb e mrekullueshme dhe t\u00eb afta q\u00eb jan\u00eb kandidate sot, ndihem krenare p\u00ebr organizat\u00ebn ton\u00eb. Ne jemi t\u00eb pasura me talent, energji dhe p\u00ebrkushtim. Pa marr\u00eb parasysh si votoni, EPP Women do t\u00eb ket\u00eb nj\u00eb udh\u00ebheqje t\u00eb fort\u00eb dhe t\u00eb p\u00ebrkushtuar.<\/p>\n<p>Por m\u00eb e r\u00ebnd\u00ebsishmja, misioni yn\u00eb mbetet i nj\u00ebjt\u00eb: ta b\u00ebjm\u00eb EPP Women nj\u00eb forc\u00eb l\u00ebviz\u00ebse p\u00ebr progresin n\u00eb Europ\u00eb.<\/p>\n<p>Ju k\u00ebrkoj me respekt mb\u00ebshtetjen tuaj p\u00ebr t\u00eb vazhduar k\u00ebt\u00eb pun\u00eb, me ndershm\u00ebri, p\u00ebrkushtim dhe me t\u00eb nj\u00ebjt\u00ebn pasion q\u00eb kam sjell\u00eb q\u00eb nga dita e par\u00eb.<br \/>\nFaleminderit!<\/p>\n<\/div>\n","protected":false},"excerpt":{"rendered":"<p>Deputetja e Partis\u00eb Demokratike, nj\u00ebkoh\u00ebsisht edhe drejtuesja e forumit t\u00eb gruas n\u00eb PD, Albana Vokshi \u00ebsht\u00eb rizgjedhur si zv\/presidente e forumit t\u00eb Grat\u00eb t\u00eb Partive Popullore Europiane. Gjat\u00eb mbledhjes s\u00eb p\u00ebrgjithshme t\u00eb mbajtur dit\u00ebn e sotme n\u00eb Bruksel, Vokshi \u00ebsht\u00eb votuar nga an\u00ebtaret e k\u00ebtij forumit p\u00ebr nj\u00eb mandat t\u00eb dyt\u00eb n\u00eb k\u00ebt\u00eb detyr\u00eb, nd\u00ebrkoh\u00eb &hellip;<\/p>\n","protected":false},"author":4,"featured_media":130375,"comment_status":"closed","ping_status":"closed","sticky":false,"template":"","format":"standard","meta":{"footnotes":""},"categories":[37],"tags":[],"class_list":["post-130374","post","type-post","status-publish","format-standard","has-post-thumbnail","","category-politike"],"_links":{"self":[{"href":"https:\/\/rdnews.al\/index.php\/wp-json\/wp\/v2\/posts\/130374","targetHints":{"allow":["GET"]}}],"collection":[{"href":"https:\/\/rdnews.al\/index.php\/wp-json\/wp\/v2\/posts"}],"about":[{"href":"https:\/\/rdnews.al\/index.php\/wp-json\/wp\/v2\/types\/post"}],"author":[{"embeddable":true,"href":"https:\/\/rdnews.al\/index.php\/wp-json\/wp\/v2\/users\/4"}],"replies":[{"embeddable":true,"href":"https:\/\/rdnews.al\/index.php\/wp-json\/wp\/v2\/comments?post=130374"}],"version-history":[{"count":1,"href":"https:\/\/rdnews.al\/index.php\/wp-json\/wp\/v2\/posts\/130374\/revisions"}],"predecessor-version":[{"id":130376,"href":"https:\/\/rdnews.al\/index.php\/wp-json\/wp\/v2\/posts\/130374\/revisions\/130376"}],"wp:featuredmedia":[{"embeddable":true,"href":"https:\/\/rdnews.al\/index.php\/wp-json\/wp\/v2\/media\/130375"}],"wp:attachment":[{"href":"https:\/\/rdnews.al\/index.php\/wp-json\/wp\/v2\/media?parent=130374"}],"wp:term":[{"taxonomy":"category","embeddable":true,"href":"https:\/\/rdnews.al\/index.php\/wp-json\/wp\/v2\/categories?post=130374"},{"taxonomy":"post_tag","embeddable":true,"href":"https:\/\/rdnews.al\/index.php\/wp-json\/wp\/v2\/tags?post=130374"}],"curies":[{"name":"wp","href":"https:\/\/api.w.org\/{rel}","templated":true}]}}