{"id":130380,"date":"2025-12-06T18:40:21","date_gmt":"2025-12-06T18:40:21","guid":{"rendered":"https:\/\/rdnews.al\/?p=130380"},"modified":"2025-12-06T18:40:21","modified_gmt":"2025-12-06T18:40:21","slug":"bozdo-pd-ne-berat-ka-nisur-procesin-e-analizes-dhe-organizimit-te-strukturave","status":"publish","type":"post","link":"https:\/\/rdnews.al\/index.php\/2025\/12\/06\/bozdo-pd-ne-berat-ka-nisur-procesin-e-analizes-dhe-organizimit-te-strukturave\/","title":{"rendered":"Bozdo: PD n\u00eb Berat ka nisur procesin e analiz\u00ebs dhe organizimit t\u00eb strukturave"},"content":{"rendered":"<div id=\"rekl-49\">Drejtuesi politik, nj\u00ebkoh\u00ebsisht deputeti i PD n\u00eb Berat Eno Bozdo, b\u00ebn t\u00eb ditur se, dega e k\u00ebsaj partie ka nisur analiz\u00ebn dhe organizimin e strukturave.<\/div>\n<div class=\"readmore-text-here\">\n<p>\u2018Zhvilluam nj\u00eb mbledhje pune s\u00eb bashku me Shk\u00eblqim Lepenica, t\u00eb d\u00ebrguar nga Kryesia e Partis\u00eb Demokratike p\u00ebr analiz\u00ebn e Zgjedhjeve 2025\u2019, shkruan Bozdo.<\/p>\n<p><strong>Reagimi i deputetit t\u00eb PD, Eno Bozdo<\/strong><\/p>\n<p>Me Shtabin e Partis\u00eb Demokratike, Dega Berat, zhvilluam nj\u00eb mbledhje pune s\u00eb bashku me z. Shk\u00eblqim Lepenica, t\u00eb d\u00ebrguar nga Kryesia e Partis\u00eb Demokratike p\u00ebr analiz\u00ebn e Zgjedhjeve 2025.<\/p>\n<p>Kjo mbledhje sh\u00ebnon nisjen e procesit t\u00eb organizimit, rivler\u00ebsimit dhe analiz\u00ebs s\u00eb strukturave n\u00eb deg\u00eb.<\/p>\n<p>Partia Demokratike Dega Berat mbetet e angazhuar maksimalisht p\u00ebr nj\u00eb proces rip\u00ebrt\u00ebrit\u00ebs, transparent dhe t\u00eb hapur, q\u00eb garanton forcimin e partis\u00eb dhe p\u00ebrfaq\u00ebsimin m\u00eb t\u00eb mir\u00eb t\u00eb qytetar\u00ebve tan\u00eb.<\/p>\n<p><iframe loading=\"lazy\" src=\"https:\/\/www.facebook.com\/plugins\/post.php?href=https%3A%2F%2Fwww.facebook.com%2Fpermalink.php%3Fstory_fbid%3Dpfbid037B1cg31MNaQAAtLkiWHR3yeA9SWjfUH2Crtahx6vRyk4cGFaSZ6Z6QjsRHVFHXSMl%26id%3D100083960594964&amp;show_text=true&amp;width=500\" width=\"500\" height=\"767\" frameborder=\"0\" scrolling=\"no\" allowfullscreen=\"allowfullscreen\" data-mce-fragment=\"1\"><\/iframe><\/p>\n<\/div>\n<div id=\"rekl-45\"><\/div>\n<div id=\"rekl-33\"><\/div>\n","protected":false},"excerpt":{"rendered":"<p>Drejtuesi politik, nj\u00ebkoh\u00ebsisht deputeti i PD n\u00eb Berat Eno Bozdo, b\u00ebn t\u00eb ditur se, dega e k\u00ebsaj partie ka nisur analiz\u00ebn dhe organizimin e strukturave. \u2018Zhvilluam nj\u00eb mbledhje pune s\u00eb bashku me Shk\u00eblqim Lepenica, t\u00eb d\u00ebrguar nga Kryesia e Partis\u00eb Demokratike p\u00ebr analiz\u00ebn e Zgjedhjeve 2025\u2019, shkruan Bozdo. Reagimi i deputetit t\u00eb PD, Eno Bozdo &hellip;<\/p>\n","protected":false},"author":4,"featured_media":130381,"comment_status":"closed","ping_status":"closed","sticky":false,"template":"","format":"standard","meta":{"footnotes":""},"categories":[37],"tags":[],"class_list":["post-130380","post","type-post","status-publish","format-standard","has-post-thumbnail","","category-politike"],"_links":{"self":[{"href":"https:\/\/rdnews.al\/index.php\/wp-json\/wp\/v2\/posts\/130380","targetHints":{"allow":["GET"]}}],"collection":[{"href":"https:\/\/rdnews.al\/index.php\/wp-json\/wp\/v2\/posts"}],"about":[{"href":"https:\/\/rdnews.al\/index.php\/wp-json\/wp\/v2\/types\/post"}],"author":[{"embeddable":true,"href":"https:\/\/rdnews.al\/index.php\/wp-json\/wp\/v2\/users\/4"}],"replies":[{"embeddable":true,"href":"https:\/\/rdnews.al\/index.php\/wp-json\/wp\/v2\/comments?post=130380"}],"version-history":[{"count":1,"href":"https:\/\/rdnews.al\/index.php\/wp-json\/wp\/v2\/posts\/130380\/revisions"}],"predecessor-version":[{"id":130382,"href":"https:\/\/rdnews.al\/index.php\/wp-json\/wp\/v2\/posts\/130380\/revisions\/130382"}],"wp:featuredmedia":[{"embeddable":true,"href":"https:\/\/rdnews.al\/index.php\/wp-json\/wp\/v2\/media\/130381"}],"wp:attachment":[{"href":"https:\/\/rdnews.al\/index.php\/wp-json\/wp\/v2\/media?parent=130380"}],"wp:term":[{"taxonomy":"category","embeddable":true,"href":"https:\/\/rdnews.al\/index.php\/wp-json\/wp\/v2\/categories?post=130380"},{"taxonomy":"post_tag","embeddable":true,"href":"https:\/\/rdnews.al\/index.php\/wp-json\/wp\/v2\/tags?post=130380"}],"curies":[{"name":"wp","href":"https:\/\/api.w.org\/{rel}","templated":true}]}}