{"id":130386,"date":"2025-12-06T18:52:03","date_gmt":"2025-12-06T18:52:03","guid":{"rendered":"https:\/\/rdnews.al\/?p=130386"},"modified":"2025-12-06T18:52:35","modified_gmt":"2025-12-06T18:52:35","slug":"gjinia-e-trete-e-presidentit","status":"publish","type":"post","link":"https:\/\/rdnews.al\/index.php\/2025\/12\/06\/gjinia-e-trete-e-presidentit\/","title":{"rendered":"Gjinia e tret\u00eb e Presidentit"},"content":{"rendered":"<p><strong>Nga Lu\u00e7iano BO\u00c7I<\/strong><\/p>\n<p>Kur Parlamenti miraton nj\u00eb ligj q\u00eb prek n\u00eb themel raportin e shoq\u00ebris\u00eb me identitetin, familjen dhe edukimin, Presidenti ka detyrimin minimal q\u00eb t\u00eb flas\u00eb.<\/p>\n<p>T\u00eb jap\u00eb nj\u00eb q\u00ebndrim.<\/p>\n<p>T\u00eb p\u00ebrdor\u00eb nj\u00eb nga dy instrumentet q\u00eb i jep Kushtetuta.<\/p>\n<p>Ta dekretoj\u00eb, ose ta kthej\u00eb p\u00ebr rishqyrtim.<\/p>\n<p>Presidenti i Republik\u00ebs zgjodhi nj\u00eb t\u00eb tret\u00eb.<\/p>\n<p>Heshtjen.<\/p>\n<p>N\u00eb vend t\u00eb detyr\u00ebs p\u00ebr t\u00eb mbrojtur dy gjinit\u00eb e Zotit, Presidenti zgjodhi gjinin\u00eb e tret\u00eb (alternativen), me ligj dhe q\u00ebndrim.<\/p>\n<p>As nuk e dekretoi ligjin p\u00ebr barazin\u00eb gjinore, as nuk e kund\u00ebrshtoi.<\/p>\n<p>N\u00eb fakt e pranoi, pasi ligji k\u00ebshtu konsiderohet i miratuar.<\/p>\n<p>E la t\u00eb kalonte si nj\u00eb tren pa frena, me pasoja t\u00eb llahtarshme n\u00eb p\u00ebrplasjen q\u00eb do krijoj\u00eb me shoq\u00ebrin\u00eb e t\u00eb ardhmen.<\/p>\n<p>Kjo heshtje nuk \u00ebsht\u00eb as e pafajshme, as neutrale. Heshtja n\u00eb k\u00ebt\u00eb rast \u00ebsht\u00eb miratim absurd.<\/p>\n<p>\u00cbsht\u00eb nj\u00eb firm\u00eb pa boj\u00eb.<\/p>\n<p>Kur nuk kund\u00ebrshton, ke zgjedhur tashm\u00eb nj\u00eb an\u00eb, edhe n\u00ebse b\u00ebn sikur nuk je aty n\u00eb at\u00eb an\u00eb, n\u00eb krah t\u00eb Ram\u00ebs me shpat\u00eb n\u00eb dor\u00eb kund\u00ebr familjes.<\/p>\n<p>Presidenti p\u00ebr syt\u00eb e publikut u arratis nga p\u00ebrgjegj\u00ebsia, por p\u00ebr Ram\u00ebn ama, thjesht b\u00ebri sejmenin e p\u00ebrhersh\u00ebm.<\/p>\n<p>N\u00eb vend t\u00eb jet\u00eb garanci, apo filt\u00ebr e ndales\u00eb kontrolli, Presidenti b\u00ebn policin q\u00eb jep leje t\u00eb kaloj\u00eb treni megjith\u00ebse semafori \u00ebsht\u00eb i kuq.<\/p>\n<p>Z. President!<\/p>\n<p>tani dhe vet\u00eb mos harro! Sipas k\u00ebtij ligji nuk je m\u00eb \u2018Zoti\u2019 President, por \u2018Identiteti i vet\u00ebp\u00ebrcaktuar\u2019 President.<\/p>\n<p>Identitet i vet\u00ebp\u00ebrcaktuar President!<\/p>\n<p>Ligji p\u00ebr barazin\u00eb gjinore nuk \u00ebsht\u00eb nj\u00eb ligj teknik.<\/p>\n<p>\u00cbsht\u00eb ligj me ndikim t\u00eb thell\u00eb shoq\u00ebror, kulturor dhe edukativ afatgjat\u00eb.<\/p>\n<p>Prek shkoll\u00ebn, familjen, administrat\u00ebn, gjuh\u00ebn zyrtare dhe konceptin e identitetit.<\/p>\n<p>P\u00ebrmbys vlerat e krijon trauma sociale e psikologjike.<\/p>\n<p>Ndaj zgjedhja e luksit t\u00eb spektatorit, nuk t\u00eb shp\u00ebton nga d\u00ebnimi i historis\u00eb, sepse disfatat dhe harrohen, por turpet jo.<\/p>\n<p><img decoding=\"async\" src=\"https:\/\/scontent.ftia5-1.fna.fbcdn.net\/v\/t39.30808-6\/594528776_1416787133149142_2028227829636013189_n.jpg?_nc_cat=107&amp;ccb=1-7&amp;_nc_sid=833d8c&amp;_nc_ohc=tc9nicDLdyUQ7kNvwFRf_bt&amp;_nc_oc=Adnpk2xUPbs-lqECkyB-GhiczpwSEcSCwIK-9YNS77jDAE91Sv4d66pLiaJcwAyO7yo&amp;_nc_zt=23&amp;_nc_ht=scontent.ftia5-1.fna&amp;_nc_gid=h8NFoWRotmhQlc5taaYaXA&amp;oh=00_AfkQfiD6AUe6koInU4vFUi3iyubDs99zNZ1dQJ8QJOAIaQ&amp;oe=693A5B98\" alt=\"Mund t\u00eb jet\u00eb nj\u00eb imazh i tribun\u00eb dhe teksti\" \/><\/p>\n","protected":false},"excerpt":{"rendered":"<p>Nga Lu\u00e7iano BO\u00c7I Kur Parlamenti miraton nj\u00eb ligj q\u00eb prek n\u00eb themel raportin e shoq\u00ebris\u00eb me identitetin, familjen dhe edukimin, Presidenti ka detyrimin minimal q\u00eb t\u00eb flas\u00eb. T\u00eb jap\u00eb nj\u00eb q\u00ebndrim. T\u00eb p\u00ebrdor\u00eb nj\u00eb nga dy instrumentet q\u00eb i jep Kushtetuta. Ta dekretoj\u00eb, ose ta kthej\u00eb p\u00ebr rishqyrtim. Presidenti i Republik\u00ebs zgjodhi nj\u00eb t\u00eb tret\u00eb. &hellip;<\/p>\n","protected":false},"author":4,"featured_media":125932,"comment_status":"closed","ping_status":"closed","sticky":false,"template":"","format":"standard","meta":{"footnotes":""},"categories":[44],"tags":[],"class_list":["post-130386","post","type-post","status-publish","format-standard","has-post-thumbnail","","category-editorial"],"_links":{"self":[{"href":"https:\/\/rdnews.al\/index.php\/wp-json\/wp\/v2\/posts\/130386","targetHints":{"allow":["GET"]}}],"collection":[{"href":"https:\/\/rdnews.al\/index.php\/wp-json\/wp\/v2\/posts"}],"about":[{"href":"https:\/\/rdnews.al\/index.php\/wp-json\/wp\/v2\/types\/post"}],"author":[{"embeddable":true,"href":"https:\/\/rdnews.al\/index.php\/wp-json\/wp\/v2\/users\/4"}],"replies":[{"embeddable":true,"href":"https:\/\/rdnews.al\/index.php\/wp-json\/wp\/v2\/comments?post=130386"}],"version-history":[{"count":2,"href":"https:\/\/rdnews.al\/index.php\/wp-json\/wp\/v2\/posts\/130386\/revisions"}],"predecessor-version":[{"id":130388,"href":"https:\/\/rdnews.al\/index.php\/wp-json\/wp\/v2\/posts\/130386\/revisions\/130388"}],"wp:featuredmedia":[{"embeddable":true,"href":"https:\/\/rdnews.al\/index.php\/wp-json\/wp\/v2\/media\/125932"}],"wp:attachment":[{"href":"https:\/\/rdnews.al\/index.php\/wp-json\/wp\/v2\/media?parent=130386"}],"wp:term":[{"taxonomy":"category","embeddable":true,"href":"https:\/\/rdnews.al\/index.php\/wp-json\/wp\/v2\/categories?post=130386"},{"taxonomy":"post_tag","embeddable":true,"href":"https:\/\/rdnews.al\/index.php\/wp-json\/wp\/v2\/tags?post=130386"}],"curies":[{"name":"wp","href":"https:\/\/api.w.org\/{rel}","templated":true}]}}