{"id":130417,"date":"2025-12-08T09:38:53","date_gmt":"2025-12-08T09:38:53","guid":{"rendered":"https:\/\/rdnews.al\/?p=130417"},"modified":"2025-12-08T09:49:26","modified_gmt":"2025-12-08T09:49:26","slug":"8-dhjetori-dita-e-rinise-berisha-sot-ora-1100-ejani-ne-qytetin-studenti","status":"publish","type":"post","link":"https:\/\/rdnews.al\/index.php\/2025\/12\/08\/8-dhjetori-dita-e-rinise-berisha-sot-ora-1100-ejani-ne-qytetin-studenti\/","title":{"rendered":"&#8220;8 Dhjetori &#8211; Dita e Rinis\u00eb&#8221;\/ Berisha: Nderojm\u00eb p\u00ebrjet\u00eb guximtar\u00ebt e demokracis\u00eb!"},"content":{"rendered":"<p>Kryetari i PD, Sali Berisha u ka b\u00ebr\u00eb thirrje qytetar\u00ebve dhe t\u00eb rinjve, t\u2019i bashkohen &#8220;8 Dhjetorit &#8211; Dit\u00ebs s\u00eb Rinis\u00eb&#8221;, t\u00eb h\u00ebn\u00ebn n\u00eb Qytetin Studenti.<\/p>\n<p>P\u00ebrmes nj\u00eb statusi n\u00eb rrjetet sociale, Berisha shkruan se, Dita e Rinis\u00eb \u00ebsht\u00eb nj\u00eb dat\u00eb e bekuar, teksa i \u00ebsht\u00eb rikthyer l\u00ebvizjes studentore t\u00eb dhjetorit t\u00eb 1990-\u00ebs.<\/p>\n<p><strong>Postimi<\/strong><\/p>\n<p>8 Dhjetori-Dita e Rinis\u00eb \u00ebsht\u00eb data e bekuar kur rinia studentore shqiptare nisi at\u00eb q\u00eb u fut n\u00eb histori si \u201cL\u00ebvizja e Dhjetorit\u201d, q\u00eb rr\u00ebzoi komunizmin dhe solli demokracin\u00eb. Nderime p\u00ebrjet\u00eb atyre t\u00eb rinjve guximtar\u00eb.<\/p>\n<p>Nes\u00ebr m\u00eb 8 dhjetor, ora 11:00 tek Qyteti Studenti kremtojm\u00eb liderin e Dhjetorit, Azem Hajdarin,<br \/>\ndhe student\u00ebt, pedagog\u00ebt, pun\u00ebtor\u00ebt dhe t\u00eb rinjt\u00eb q\u00eb u vun\u00eb n\u00eb krye t\u00eb L\u00ebvizjes p\u00ebr Ndryshim, Shpres\u00eb dhe Liri.<\/p>\n<p><img decoding=\"async\" src=\"https:\/\/scontent.ftia9-1.fna.fbcdn.net\/v\/t39.30808-6\/596800962_1634871837993912_2035274295679064883_n.jpg?_nc_cat=108&amp;ccb=1-7&amp;_nc_sid=833d8c&amp;_nc_ohc=Lj9VmoRkHUgQ7kNvwFJ6_ez&amp;_nc_oc=AdlWNS6vg5BaszVrCQUwMKd0JTaqbquPguCa176ncNKWGw_cbACtyFFkdNW0Ur_A5oc&amp;_nc_zt=23&amp;_nc_ht=scontent.ftia9-1.fna&amp;_nc_gid=WM5hZkxiPRtODqwv4yHPZQ&amp;oh=00_AfkEyLiVv5VthBGdeGNqkrGqVjKelV3zXqindWr5EUTuew&amp;oe=693C5F85\" alt=\"Mund t\u00eb jet\u00eb nj\u00eb imazh i turm\u00eb dhe teksti q\u00eb thot\u00eb &quot;NEVER MORE COMMUNISM. \u0e2d FTESE LEVIZJA E PANDERPRERE) E DHJETORIT 35 vjet Te von\u00eb kremtojme liderin e Dhjetorit, Azem Hajdarin, dhe studentet, pedagog\u00ebt, pun\u00ebtor\u00ebt dhe rinjt\u00eb, Ae vune n\u00eb krye t\u00eb L\u00ebvizjes p\u00ebr Ndryshim, Shprese dhe Liri. N\u00ebn kujdesin e kryetarit e Partis\u00eb Demokratike, Sali Berisha. Qyteti Studenti, 8 dhjetor, ora 11.00&quot;\" \/><\/p>\n","protected":false},"excerpt":{"rendered":"<p>Kryetari i PD, Sali Berisha u ka b\u00ebr\u00eb thirrje qytetar\u00ebve dhe t\u00eb rinjve, t\u2019i bashkohen &#8220;8 Dhjetorit &#8211; Dit\u00ebs s\u00eb Rinis\u00eb&#8221;, t\u00eb h\u00ebn\u00ebn n\u00eb Qytetin Studenti. P\u00ebrmes nj\u00eb statusi n\u00eb rrjetet sociale, Berisha shkruan se, Dita e Rinis\u00eb \u00ebsht\u00eb nj\u00eb dat\u00eb e bekuar, teksa i \u00ebsht\u00eb rikthyer l\u00ebvizjes studentore t\u00eb dhjetorit t\u00eb 1990-\u00ebs. Postimi 8 &hellip;<\/p>\n","protected":false},"author":4,"featured_media":130418,"comment_status":"closed","ping_status":"closed","sticky":false,"template":"","format":"standard","meta":{"footnotes":""},"categories":[37],"tags":[],"class_list":["post-130417","post","type-post","status-publish","format-standard","has-post-thumbnail","","category-politike"],"_links":{"self":[{"href":"https:\/\/rdnews.al\/index.php\/wp-json\/wp\/v2\/posts\/130417","targetHints":{"allow":["GET"]}}],"collection":[{"href":"https:\/\/rdnews.al\/index.php\/wp-json\/wp\/v2\/posts"}],"about":[{"href":"https:\/\/rdnews.al\/index.php\/wp-json\/wp\/v2\/types\/post"}],"author":[{"embeddable":true,"href":"https:\/\/rdnews.al\/index.php\/wp-json\/wp\/v2\/users\/4"}],"replies":[{"embeddable":true,"href":"https:\/\/rdnews.al\/index.php\/wp-json\/wp\/v2\/comments?post=130417"}],"version-history":[{"count":3,"href":"https:\/\/rdnews.al\/index.php\/wp-json\/wp\/v2\/posts\/130417\/revisions"}],"predecessor-version":[{"id":130427,"href":"https:\/\/rdnews.al\/index.php\/wp-json\/wp\/v2\/posts\/130417\/revisions\/130427"}],"wp:featuredmedia":[{"embeddable":true,"href":"https:\/\/rdnews.al\/index.php\/wp-json\/wp\/v2\/media\/130418"}],"wp:attachment":[{"href":"https:\/\/rdnews.al\/index.php\/wp-json\/wp\/v2\/media?parent=130417"}],"wp:term":[{"taxonomy":"category","embeddable":true,"href":"https:\/\/rdnews.al\/index.php\/wp-json\/wp\/v2\/categories?post=130417"},{"taxonomy":"post_tag","embeddable":true,"href":"https:\/\/rdnews.al\/index.php\/wp-json\/wp\/v2\/tags?post=130417"}],"curies":[{"name":"wp","href":"https:\/\/api.w.org\/{rel}","templated":true}]}}