{"id":130428,"date":"2025-12-08T09:58:44","date_gmt":"2025-12-08T09:58:44","guid":{"rendered":"https:\/\/rdnews.al\/?p=130428"},"modified":"2025-12-08T10:49:15","modified_gmt":"2025-12-08T10:49:15","slug":"ardhi-ne-uashington-u-miratua-rezoluta-kerkohen-sanksione","status":"publish","type":"post","link":"https:\/\/rdnews.al\/index.php\/2025\/12\/08\/ardhi-ne-uashington-u-miratua-rezoluta-kerkohen-sanksione\/","title":{"rendered":"Bardhi: N\u00eb Uashington u miratua rezoluta, k\u00ebrkohen sanksione!"},"content":{"rendered":"<p>Unioni Internacional Demokratik ka miratuar n\u00eb forumin vjetor t\u00eb organizat\u00ebs, nj\u00eb tjet\u00ebr rezolut\u00eb mbi Shqip\u00ebrin\u00eb, ku nd\u00ebr t\u00eb tjera ngre shqet\u00ebsimin se vendi yn\u00eb mund t\u00eb shkas\u00eb drejt \u201cnarkoshtetit\u201d n\u00ebse nuk b\u00ebn reforma t\u00eb menj\u00ebhershme.<\/p>\n<p>Rezoluta ngre alarmin p\u00ebr nj\u00eb s\u00ebr\u00eb zhvillimesh t\u00eb cilat, sipas IDU-s\u00eb, k\u00ebrc\u00ebnojn\u00eb funksionimin demokratik t\u00eb vendit dhe rrezikojn\u00eb ta shtyjn\u00eb Shqip\u00ebrin\u00eb drejt nj\u00eb \u201cnarkoshteti\u201d.<\/p>\n<p>Bardhi ka ndar\u00eb me ndjek\u00ebsit n\u00eb rrjetet sociale pikat e k\u00ebsaj rezolute q\u00eb thot\u00eb se u miratuan nga partit\u00eb an\u00ebtare, republikan\u00ebt e Trump e deri te CDU-ja gjermane.<\/p>\n<p><strong>Mesazhi i Bardhit<\/strong><\/p>\n<div class=\"jnews_inline_related_post_wrapper left\">\n<div class=\"jnews_inline_related_post\">\n<div class=\"jeg_postblock_29 jeg_postblock jeg_module_hook jeg_pagination_disable jeg_col_2o3 jnews_module_1633161_1_693693490ffaa \" data-unique=\"jnews_module_1633161_1_693693490ffaa\">\n<div class=\"jeg_block_heading jeg_block_heading_6 jeg_subcat_right\"><\/div>\n<\/div>\n<\/div>\n<\/div>\n<div class=\"jeg_ad jeg_ad_article jnews_content_inline_2_ads \">\n<div class=\"ads-wrapper align-center \">\n<div class=\"ads_code\">N\u00eb forumin vjetor t\u00eb IDU-s\u00eb n\u00eb Washington DC, u miratua nj\u00ebz\u00ebri Rezoluta p\u00ebr Shqip\u00ebrin\u00eb, nga t\u00eb gjith\u00eb forcat politike t\u00eb pranishme n\u00eb mbledhjen e Komitetit Ekzekutiv t\u00eb IDU-s\u00eb, nga Partia Republikane e SHBA tek CDU e Gjermanis\u00eb.<\/div>\n<\/div>\n<\/div>\n<p>Rezoluta adreson k\u00ebto \u00e7\u00ebshtje:<\/p>\n<p><strong>Rr\u00ebshqitje Demokratike<\/strong><\/p>\n<p>IDU n\u00ebnvizon shkelje sistemike gjat\u00eb zgjedhjeve, p\u00ebrfshir\u00eb blerjen e vot\u00ebs, intimidimin dhe keqp\u00ebrdorimin e burimeve shtet\u00ebrore. Mbi 4,500 aktivitete shtet\u00ebrore jan\u00eb p\u00ebrdorur p\u00ebr fushat\u00eb, p\u00ebr t\u00eb cilat askush nuk mban asnj\u00eb p\u00ebrgjegj\u00ebsi.<br \/>\nShkrirja Shtet-Parti-Krim<\/p>\n<p>Rezoluta paralajm\u00ebron se rrjete kriminale kan\u00eb ndikuar listat e kandidat\u00ebve dhe proceset politike n\u00eb Elbasan, Durr\u00ebs dhe Vor\u00eb, duke c\u00ebnuar integritetin demokratik.<\/p>\n<p><strong>Kapja politike e drejt\u00ebsis\u00eb<\/strong><\/p>\n<p>IDU shpreh shqet\u00ebsim t\u00eb thell\u00eb p\u00ebr hetime t\u00eb bllokuara, vendime t\u00eb injoruara nga Gjykata Kushtetuese dhe kontroll n\u00eb rritje t\u00eb ekzekutivit mbi prokurorin\u00eb, gjyq\u00ebsorin, shtypin dhe institucionet rregullatore.<br \/>\nP\u00ebrndjekje selektive e opozit\u00ebs<\/p>\n<p>Rezoluta d\u00ebnon ndjekjet penale me motive politike ndaj disa figurave t\u00eb opozit\u00ebs, p\u00ebrfshir\u00eb kreun e PD Sali Berisha, kreun e PR, Fatmir Mediu dhe kreun e PL, Ilir Meta.<\/p>\n<p><strong>Shqip\u00ebria si rrezik narkoshteti<\/strong><\/p>\n<p>IDU thekson se Shqip\u00ebria mbetet nj\u00eb qend\u00ebr rajonale p\u00ebr trafik droge dhe pastrim parash, nj\u00eb k\u00ebrc\u00ebnim p\u00ebr sigurin\u00eb europiane dhe besueshm\u00ebrin\u00eb e procesit t\u00eb zgjerimit t\u00eb BE-s\u00eb.<\/p>\n<p>Thirrje p\u00ebr BE-n\u00eb, SHBA-t\u00eb dhe K\u00ebshillin e Europ\u00ebs: Rezoluta k\u00ebrkon kushte strikte meritokracie p\u00ebr rrug\u00ebn e Shqip\u00ebris\u00eb drejt BE dhe propozon krijimin e nj\u00eb mekanizmi nd\u00ebrkomb\u00ebtar t\u00eb pavarur p\u00ebr monitorimin e zgjedhjeve, drejt\u00ebsis\u00eb dhe medias.<\/p>\n<p><strong>Sanksione t\u00eb synuara<\/strong><\/p>\n<p>IDU k\u00ebrkon sanksione t\u00eb synuara ndaj zyrtar\u00ebve t\u00eb lidhur me korrupsion, krimin e organizuar dhe ndjekjen politike n\u00eb vend.<br \/>\nRreziku i nj\u00eb regjimi narkoautoritar<\/p>\n<p>Rezoluta paralajm\u00ebron se Shqip\u00ebria rrezikon t\u00eb fundoset n\u00eb nj\u00eb regjim narkoautoritar n\u00ebse nuk nd\u00ebrmerren reforma t\u00eb menj\u00ebhershme.<\/p>\n<p>Mb\u00ebshtetje p\u00ebr demokrat\u00ebt dhe opozitar\u00ebt shqiptar\u00eb: IDU u b\u00ebn thirrje an\u00ebtar\u00ebve t\u00eb saj t\u00eb mbeten vigjilent\u00eb dhe t\u00eb mb\u00ebshtesin ata q\u00eb luftojn\u00eb p\u00ebr liri, pluraliz\u00ebm dhe vlera europiane n\u00eb Shqip\u00ebri.<\/p>\n<p><img loading=\"lazy\" decoding=\"async\" class=\"alignnone size-medium wp-image-1633162\" src=\"https:\/\/boldnews.al\/wp-content\/uploads\/2025\/12\/595273913_1279572897522870_4217784374572039866_n-640x586.jpg\" sizes=\"auto, (max-width: 640px) 100vw, 640px\" srcset=\"https:\/\/boldnews.al\/wp-content\/uploads\/2025\/12\/595273913_1279572897522870_4217784374572039866_n-640x586.jpg 640w, https:\/\/boldnews.al\/wp-content\/uploads\/2025\/12\/595273913_1279572897522870_4217784374572039866_n-1280x1172.jpg 1280w, https:\/\/boldnews.al\/wp-content\/uploads\/2025\/12\/595273913_1279572897522870_4217784374572039866_n-1024x938.jpg 1024w, https:\/\/boldnews.al\/wp-content\/uploads\/2025\/12\/595273913_1279572897522870_4217784374572039866_n-750x687.jpg 750w, https:\/\/boldnews.al\/wp-content\/uploads\/2025\/12\/595273913_1279572897522870_4217784374572039866_n-1140x1044.jpg 1140w, https:\/\/boldnews.al\/wp-content\/uploads\/2025\/12\/595273913_1279572897522870_4217784374572039866_n.jpg 1320w\" alt=\"\" width=\"640\" height=\"586\" data-pin-no-hover=\"true\" \/><img loading=\"lazy\" decoding=\"async\" class=\"alignnone size-medium wp-image-1633163\" src=\"https:\/\/boldnews.al\/wp-content\/uploads\/2025\/12\/597419330_1279572894189537_890342715514237233_n-640x672.jpg\" sizes=\"auto, (max-width: 640px) 100vw, 640px\" srcset=\"https:\/\/boldnews.al\/wp-content\/uploads\/2025\/12\/597419330_1279572894189537_890342715514237233_n-640x672.jpg 640w, https:\/\/boldnews.al\/wp-content\/uploads\/2025\/12\/597419330_1279572894189537_890342715514237233_n-1280x1343.jpg 1280w, https:\/\/boldnews.al\/wp-content\/uploads\/2025\/12\/597419330_1279572894189537_890342715514237233_n-1024x1074.jpg 1024w, https:\/\/boldnews.al\/wp-content\/uploads\/2025\/12\/597419330_1279572894189537_890342715514237233_n-750x787.jpg 750w, https:\/\/boldnews.al\/wp-content\/uploads\/2025\/12\/597419330_1279572894189537_890342715514237233_n-1140x1196.jpg 1140w, https:\/\/boldnews.al\/wp-content\/uploads\/2025\/12\/597419330_1279572894189537_890342715514237233_n.jpg 1320w\" alt=\"\" width=\"640\" height=\"672\" data-pin-no-hover=\"true\" \/><\/p>\n<div class=\"jeg_ad jeg_ad_article jnews_content_inline_3_ads \">\n<div class=\"ads-wrapper align-center \">\n<div class=\"ads_code\">\n<div class=\"desktopi\" align=\"center\">\n<p>&nbsp;<\/p>\n<div id=\"beacon_c2708a27a9\"><img loading=\"lazy\" decoding=\"async\" src=\"https:\/\/ads.adsense.al\/www\/delivery\/lg.php?bannerid=0&amp;campaignid=0&amp;zoneid=138&amp;loc=https%3A%2F%2Fboldnews.al%2F2025%2F12%2F07%2Fshqiperia-ne-regjim-narko-autoritar-bardhi-ne-uashington-u-miratua-rezoluta-kerkohen-sanksione%2F&amp;referer=https%3A%2F%2Fboldnews.al%2Fcategory%2Faktualitet%2Fpage%2F3%2F&amp;cb=c2708a27a9\" alt=\"\" width=\"0\" height=\"0\" \/><\/div>\n<p>&nbsp;<\/p>\n<\/div>\n<\/div>\n<\/div>\n<\/div>\n<p><iframe loading=\"lazy\" src=\"https:\/\/www.facebook.com\/plugins\/post.php?href=https%3A%2F%2Fwww.facebook.com%2Fgazmentbardhi.al%2Fposts%2Fpfbid0Pv11ZdnzDFUndH2uEQGG8ZUSXHjPkSMgd5kHokpG9XSYm6wMV7eg4yD2ZZBvGjD8l&amp;show_text=true&amp;width=500\" width=\"500\" height=\"505\" frameborder=\"0\" scrolling=\"no\" allowfullscreen=\"allowfullscreen\" data-mce-fragment=\"1\"><\/iframe><\/p>\n","protected":false},"excerpt":{"rendered":"<p>Unioni Internacional Demokratik ka miratuar n\u00eb forumin vjetor t\u00eb organizat\u00ebs, nj\u00eb tjet\u00ebr rezolut\u00eb mbi Shqip\u00ebrin\u00eb, ku nd\u00ebr t\u00eb tjera ngre shqet\u00ebsimin se vendi yn\u00eb mund t\u00eb shkas\u00eb drejt \u201cnarkoshtetit\u201d n\u00ebse nuk b\u00ebn reforma t\u00eb menj\u00ebhershme. Rezoluta ngre alarmin p\u00ebr nj\u00eb s\u00ebr\u00eb zhvillimesh t\u00eb cilat, sipas IDU-s\u00eb, k\u00ebrc\u00ebnojn\u00eb funksionimin demokratik t\u00eb vendit dhe rrezikojn\u00eb ta shtyjn\u00eb &hellip;<\/p>\n","protected":false},"author":4,"featured_media":130429,"comment_status":"closed","ping_status":"closed","sticky":false,"template":"","format":"standard","meta":{"footnotes":""},"categories":[37],"tags":[],"class_list":["post-130428","post","type-post","status-publish","format-standard","has-post-thumbnail","","category-politike"],"_links":{"self":[{"href":"https:\/\/rdnews.al\/index.php\/wp-json\/wp\/v2\/posts\/130428","targetHints":{"allow":["GET"]}}],"collection":[{"href":"https:\/\/rdnews.al\/index.php\/wp-json\/wp\/v2\/posts"}],"about":[{"href":"https:\/\/rdnews.al\/index.php\/wp-json\/wp\/v2\/types\/post"}],"author":[{"embeddable":true,"href":"https:\/\/rdnews.al\/index.php\/wp-json\/wp\/v2\/users\/4"}],"replies":[{"embeddable":true,"href":"https:\/\/rdnews.al\/index.php\/wp-json\/wp\/v2\/comments?post=130428"}],"version-history":[{"count":2,"href":"https:\/\/rdnews.al\/index.php\/wp-json\/wp\/v2\/posts\/130428\/revisions"}],"predecessor-version":[{"id":130433,"href":"https:\/\/rdnews.al\/index.php\/wp-json\/wp\/v2\/posts\/130428\/revisions\/130433"}],"wp:featuredmedia":[{"embeddable":true,"href":"https:\/\/rdnews.al\/index.php\/wp-json\/wp\/v2\/media\/130429"}],"wp:attachment":[{"href":"https:\/\/rdnews.al\/index.php\/wp-json\/wp\/v2\/media?parent=130428"}],"wp:term":[{"taxonomy":"category","embeddable":true,"href":"https:\/\/rdnews.al\/index.php\/wp-json\/wp\/v2\/categories?post=130428"},{"taxonomy":"post_tag","embeddable":true,"href":"https:\/\/rdnews.al\/index.php\/wp-json\/wp\/v2\/tags?post=130428"}],"curies":[{"name":"wp","href":"https:\/\/api.w.org\/{rel}","templated":true}]}}