{"id":130440,"date":"2025-12-08T11:07:12","date_gmt":"2025-12-08T11:07:12","guid":{"rendered":"https:\/\/rdnews.al\/?p=130440"},"modified":"2025-12-08T11:07:12","modified_gmt":"2025-12-08T11:07:12","slug":"xhaferri-jemi-nje-brez-qe-lindem-ne-demokraci-por-sot-jetojme-ne-diktature","status":"publish","type":"post","link":"https:\/\/rdnews.al\/index.php\/2025\/12\/08\/xhaferri-jemi-nje-brez-qe-lindem-ne-demokraci-por-sot-jetojme-ne-diktature\/","title":{"rendered":"Xhaferri: Jemi nj\u00eb brez q\u00eb lind\u00ebm n\u00eb demokraci, por sot jetojm\u00eb n\u00eb diktatur\u00eb!"},"content":{"rendered":"<p>Kreu i Forumit Rinor t\u00eb PD-s\u00eb, Besart Xhaferi, mbajti fjal\u00ebn e tij gjat\u00eb nj\u00eb aktiviteti p\u00ebrkujtimor p\u00ebr L\u00ebvizjen Studentore t\u00eb Dhjetorit 1990. Ai deklaroi se Shqip\u00ebria \u00ebsht\u00eb zhytur nga demokracia n\u00eb nj\u00eb \u201cdiktatur\u00eb moderne\u201d dhe \u201cnarko-shtet\u201d, duke identifikuar kryeministrin Edi Rama si \u201carmikun e vet\u00ebm\u201d largimi i t\u00eb cilit \u00ebsht\u00eb urgjent.<\/p>\n<p>Xhaferri u b\u00ebri apel rinis\u00eb shqiptare p\u00ebr t\u2019u zgjuar dhe p\u00ebr t\u00eb ndjekur shembullin e prind\u00ebrve t\u00eb tyre q\u00eb nis\u00ebn l\u00ebvizjen p\u00ebr demokraci. \u201c\u00cbsht\u00eb koha t\u00eb zgjohemi dhe t\u00eb b\u00ebjm\u00eb po t\u00eb nj\u00ebjt\u00ebn gj\u00eb q\u00eb b\u00ebn\u00eb prind\u00ebrit tan\u00eb,\u201d tha ai, duke e cil\u00ebsuar k\u00ebt\u00eb si nj\u00eb \u201cborxh\u201d ndaj vetes, brezave t\u00eb ardhsh\u00ebm dhe brezit q\u00eb solli ndryshimin.<\/p>\n<p><strong>Besart Xhaferri:<\/strong> Mir\u00ebdita zonja dhe zot\u00ebrinj, t\u00eb rinj dhe t\u00eb reja t\u00eb p\u00ebrjetsh\u00ebm t\u00eb grupimit Dhjetorit &#8217;90, atyre q\u00eb ne i falemi dhe jemi mir\u00ebnjoh\u00ebs p\u00ebr vitet e demokracis\u00eb q\u00eb arrit\u00ebm t\u00eb jetojm\u00eb, sepse jemi nj\u00eb brez q\u00eb lind\u00ebm n\u00eb demokraci, po p\u00ebr fat t\u00eb keq jetojm\u00eb sot n\u00eb diktatur\u00eb. Si\u00e7 e kan\u00eb th\u00ebn\u00eb dhe shum\u00eb studiues, politolog\u00eb n\u00eb bot\u00eb, demokracia mund t\u00eb duhet breza t\u00eb t\u00ebr\u00eb p\u00ebr t&#8217;u fituar, por mjafton dhe vet\u00ebm nj\u00eb brez p\u00ebr t&#8217;u humbur.<\/p>\n<p>Dhe kjo duhet t\u00eb na b\u00ebj\u00eb patjet\u00ebr t\u00eb mendohemi se si na rr\u00ebshkiti situata n\u00eb k\u00ebt\u00eb pik\u00eb, ku Shqip\u00ebria sot, p\u00ebrve\u00e7 se nj\u00eb diktature moderne t\u00eb instaluar, \u00ebsht\u00eb dhe nj\u00eb narko-shtet, \u00ebsht\u00eb dhe nj\u00eb vend q\u00eb vret \u00ebndrrat e t\u00eb rinjve, por \u00ebsht\u00eb dhe nj\u00eb vend q\u00eb ka larguar mbi 1.1 milion\u00eb shqiptar\u00eb n\u00eb k\u00ebto 10 vite. I nderuar Kiri, djali i madh i tribunit t\u00eb demokracis\u00eb, Azem Hajdarit.<\/p>\n<p>I nderuar Azem, ngjallja e tij dhe k\u00ebnaq\u00ebsia jon\u00eb m\u00eb e madhe q\u00eb t\u00eb kemi mes nesh dhe rikujtojm\u00eb pik\u00ebrisht veprat e babait t\u00ebnd. I nderuar zoti Berisha, kryetar i Partis\u00eb Demokratike, bashkudh\u00ebtari i Azem Hajdarit dhe mbi t\u00eb gjitha, ai q\u00eb arriti ta sillte demokracin\u00eb dhe ta instalonte at\u00eb demokraci n\u00eb ato vite q\u00eb ne jetuam. Nderuar zoti Arjet Ram\u00e7aj, kryetar i grupimit Dhjetor &#8217;90 dhe pik\u00ebrisht organizat\u00ebs partnere m\u00eb t\u00eb r\u00ebnd\u00ebsishme t\u00eb Partis\u00eb Demokratike, q\u00eb \u00ebsht\u00eb identiteti real i k\u00ebsaj partie.<\/p>\n<p>Un\u00eb sot patjet\u00ebr i b\u00ebj thirrje rinis\u00eb shqiptare q\u00eb megjith\u00ebse sot jetojm\u00eb n\u00eb diktatur\u00eb, \u00ebsht\u00eb koha t\u00eb zgjohemi dhe t\u00eb b\u00ebjm\u00eb po t\u00eb nj\u00ebjt\u00ebn gj\u00eb q\u00eb b\u00ebn\u00eb prind\u00ebrit tan\u00eb 35 vite m\u00eb par\u00eb. Ja kemi borxh n\u00eb radh\u00eb t\u00eb par\u00eb vetes ton\u00eb, ja kemi borxh brezave q\u00eb do vijn\u00eb, por ja kemi borxh dhe prind\u00ebrve tan\u00eb q\u00eb me aq sa mund\u00ebn, b\u00ebn\u00eb impaktin q\u00eb duhet t\u00eb kishte n\u00eb histori dhe do mbahen mend n\u00eb histori si brezi i art\u00eb i k\u00ebtij kombi. Nuk duhet t\u00eb largohemi nga ky vend, nuk duhet t\u00eb themi \u00e7&#8217;m\u00eb duhet mua dhe nuk duhet ta heqim v\u00ebmendjen nga problemet e p\u00ebrditshme t\u00eb shoq\u00ebris\u00eb ton\u00eb.<\/p>\n<p>Nuk duhet vet\u00ebm t\u00eb fokusohemi n\u00eb padrejt\u00ebsit\u00eb q\u00eb na b\u00ebhet neve personalisht, duke vendosur edhe se si do protestojm\u00eb duke u larguar nga ky vend. Por duhet t\u00eb solidarizohemi, t\u00eb mblidhemi, t\u00eb unifikohemi dhe t\u00eb shpallim vet\u00ebm nj\u00eb armik. Ai armik \u00ebsht\u00eb Edi Rama. \u00cbsht\u00eb njeriu q\u00eb po na largon nga ky vend, \u00ebsht\u00eb njeriu q\u00eb na ka vjedhur t\u00eb ardhmen ton\u00eb dhe \u00ebsht\u00eb ai njeri q\u00eb ne duhet ta d\u00ebnojm\u00eb me protesta dhe me largimin e tij p\u00ebrfundimtar. Gjithmon\u00eb diktaturat duket sikur s&#8217;do bien kurr\u00eb. Jam i bindur q\u00eb dhe n\u00eb 8 Dhjetor kur ka filluar ajo protest\u00eb n\u00eb k\u00ebt\u00eb shesh, shum\u00eb pak veta e kan\u00eb menduar me optimiz\u00ebm se kjo diktatur\u00eb do rr\u00ebzohet. Por diktaturat deri n\u00eb 10 minuta para se t\u00eb bien, duken sikur s&#8217;do bien.<\/p>\n<p>N\u00eb 10 minut\u00ebshin e fundit \u00e7do gj\u00eb shkrumohet dhe \u00e7do gj\u00eb ik\u00ebn dhe duket sa kollaj paska qen\u00eb. Prandaj duhet q\u00ebndres\u00eb, vendosm\u00ebri dhe nj\u00eb betim ndaj nj\u00ebri-tjetrit q\u00eb ne nuk do e lejojm\u00eb k\u00ebt\u00eb gj\u00eb t\u00eb vazhdoj\u00eb k\u00ebshtu si\u00e7 ka vazhduar. Boll m\u00eb, nga k\u00ebtej e tutje duhet protest\u00eb, duhet grev\u00eb, duhet revolt\u00eb dhe duhet largimi urgjent i Edi Ram\u00ebs. Ju fal\u00ebnderoj nga zemra dhe g\u00ebzuar Dit\u00ebn e 8 Dhjetorit e kujtojm\u00eb.<\/p>\n","protected":false},"excerpt":{"rendered":"<p>Kreu i Forumit Rinor t\u00eb PD-s\u00eb, Besart Xhaferi, mbajti fjal\u00ebn e tij gjat\u00eb nj\u00eb aktiviteti p\u00ebrkujtimor p\u00ebr L\u00ebvizjen Studentore t\u00eb Dhjetorit 1990. Ai deklaroi se Shqip\u00ebria \u00ebsht\u00eb zhytur nga demokracia n\u00eb nj\u00eb \u201cdiktatur\u00eb moderne\u201d dhe \u201cnarko-shtet\u201d, duke identifikuar kryeministrin Edi Rama si \u201carmikun e vet\u00ebm\u201d largimi i t\u00eb cilit \u00ebsht\u00eb urgjent. Xhaferri u b\u00ebri apel &hellip;<\/p>\n","protected":false},"author":4,"featured_media":130441,"comment_status":"closed","ping_status":"closed","sticky":false,"template":"","format":"standard","meta":{"footnotes":""},"categories":[37],"tags":[],"class_list":["post-130440","post","type-post","status-publish","format-standard","has-post-thumbnail","","category-politike"],"_links":{"self":[{"href":"https:\/\/rdnews.al\/index.php\/wp-json\/wp\/v2\/posts\/130440","targetHints":{"allow":["GET"]}}],"collection":[{"href":"https:\/\/rdnews.al\/index.php\/wp-json\/wp\/v2\/posts"}],"about":[{"href":"https:\/\/rdnews.al\/index.php\/wp-json\/wp\/v2\/types\/post"}],"author":[{"embeddable":true,"href":"https:\/\/rdnews.al\/index.php\/wp-json\/wp\/v2\/users\/4"}],"replies":[{"embeddable":true,"href":"https:\/\/rdnews.al\/index.php\/wp-json\/wp\/v2\/comments?post=130440"}],"version-history":[{"count":1,"href":"https:\/\/rdnews.al\/index.php\/wp-json\/wp\/v2\/posts\/130440\/revisions"}],"predecessor-version":[{"id":130442,"href":"https:\/\/rdnews.al\/index.php\/wp-json\/wp\/v2\/posts\/130440\/revisions\/130442"}],"wp:featuredmedia":[{"embeddable":true,"href":"https:\/\/rdnews.al\/index.php\/wp-json\/wp\/v2\/media\/130441"}],"wp:attachment":[{"href":"https:\/\/rdnews.al\/index.php\/wp-json\/wp\/v2\/media?parent=130440"}],"wp:term":[{"taxonomy":"category","embeddable":true,"href":"https:\/\/rdnews.al\/index.php\/wp-json\/wp\/v2\/categories?post=130440"},{"taxonomy":"post_tag","embeddable":true,"href":"https:\/\/rdnews.al\/index.php\/wp-json\/wp\/v2\/tags?post=130440"}],"curies":[{"name":"wp","href":"https:\/\/api.w.org\/{rel}","templated":true}]}}