{"id":130443,"date":"2025-12-08T11:11:08","date_gmt":"2025-12-08T11:11:08","guid":{"rendered":"https:\/\/rdnews.al\/?p=130443"},"modified":"2025-12-08T11:11:08","modified_gmt":"2025-12-08T11:11:08","slug":"djali-i-azem-hajdarit-nje-rrefim-emocional-per-sakrificen-lirine-dhe-fuqine-e-rinise","status":"publish","type":"post","link":"https:\/\/rdnews.al\/index.php\/2025\/12\/08\/djali-i-azem-hajdarit-nje-rrefim-emocional-per-sakrificen-lirine-dhe-fuqine-e-rinise\/","title":{"rendered":"Djali i Azem Hajdarit, nj\u00eb rr\u00ebfim emocional p\u00ebr sakrific\u00ebn, lirin\u00eb dhe fuqin\u00eb e rinis\u00eb"},"content":{"rendered":"<p>N\u00eb Qytetin Studenti, ku po kremtohet figura e liderit t\u00eb Dhjetorit, Azem Hajdari, djali i tij mbajti nj\u00eb fjalim prek\u00ebs, duke lidhur t\u00eb shkuar\u00ebn e sakrific\u00ebs me t\u00eb tashmen e liris\u00eb, p\u00ebr student\u00ebt, pedagog\u00ebt, pun\u00ebtor\u00ebt dhe t\u00eb rinjt\u00eb q\u00eb u vun\u00eb n\u00eb krye t\u00eb L\u00ebvizjes p\u00ebr Ndryshim, Shpres\u00eb dhe Liri. Fjalimi, i cili u mbajt n\u00eb prani t\u00eb figurave qendrore t\u00eb asaj kohe, p\u00ebrfshir\u00eb kreun e PD Sali Berisha, sh\u00ebrbeu jo vet\u00ebm si nj\u00eb moment p\u00ebrkujtimor, por si nj\u00eb thirrje e fuqishme p\u00ebr nd\u00ebrgjegj\u00ebsimin e rinis\u00eb shqiptare sot.<\/p>\n<p>Azem Hajdari i Riu e nisi fjal\u00ebn e tij duke kujtuar se lirit\u00eb e thjeshta q\u00eb g\u00ebzojm\u00eb sot, nga shkollimi, te muzika q\u00eb d\u00ebgjojm\u00eb, m\u00ebnyra se si vishemi, apo liria p\u00ebr t\u00eb zgjedhur partnerin e jet\u00ebs nuk jan\u00eb t\u00eb mir\u00ebqena.<\/p>\n<p>Ato jan\u00eb fryt i nj\u00eb gjakderdhjeje dhe sakrifice sublime t\u00eb b\u00ebr\u00eb nga nj\u00eb brez student\u00ebsh q\u00eb guxuan t\u00eb dilnin p\u00ebrpara tankeve t\u00eb regjimit komunist.<\/p>\n<p>Ai solli n\u00eb v\u00ebmendje kontrastin e thell\u00eb mes asaj kohe t\u00eb err\u00ebt dhe mund\u00ebsive t\u00eb sotme, duke theksuar se mir\u00ebnjohja ndaj heronjve t\u00eb L\u00ebvizjes Studentore \u00ebsht\u00eb nj\u00eb detyrim moral p\u00ebr \u00e7do shqiptar.<\/p>\n<p>Nj\u00eb nga momentet m\u00eb kulmore t\u00eb fjalimit ishte zbulimi i dimensioneve t\u00eb panjohura njer\u00ebzore t\u00eb babait t\u00eb tij. P\u00ebrtej figur\u00ebs s\u00eb politikanit t\u00eb zjarrt\u00eb q\u00eb p\u00ebrballej me autoblindat, u shpalos portreti i nj\u00eb babai t\u00eb ri, i cili n\u00eb kulmin e rrezikut, la garant jet\u00ebn e f\u00ebmij\u00ebve t\u00eb tij p\u00ebr t\u00eb fituar besimin e student\u00ebve t\u00eb frik\u00ebsuar.<\/p>\n<p>&#8220;Un\u00eb l\u00eb garant f\u00ebmij\u00ebt e mi,&#8221; citoi ai fjal\u00ebt e t\u00eb atit. Ky akt nuk ishte thjesht trim\u00ebri, por nj\u00eb d\u00ebshmi e besimit absolut te kauza e liris\u00eb dhe demokracis\u00eb.<\/p>\n<p>P\u00ebr m\u00eb tep\u00ebr, rr\u00ebfimi personal mbi v\u00ebshtir\u00ebsit\u00eb akademike t\u00eb Azem Hajdarit, i cili fuste k\u00ebmb\u00ebt n\u00eb &#8216;uj\u00eb t\u00eb ftoht\u00eb&#8217; p\u00ebr t\u00eb q\u00ebndruar zgjuar duke m\u00ebsuar pas nj\u00eb dite t\u00eb gjat\u00eb politike, tregon p\u00ebrkushtimin e jasht\u00ebzakonsh\u00ebm p\u00ebr t\u00eb balancuar detyr\u00ebn publike me formimin intelektual.<\/p>\n<p>N\u00eb mbyllje, mesazhi u drejtua drejtp\u00ebrdrejt te brezi i ri. Azem Hajdari Jr. u ndal edhe tek apatia politike dhe cinizmin q\u00eb shpesh karakterizon rinin\u00eb e sotme.<\/p>\n<p>Ai hodhi posht\u00eb iden\u00eb se &#8220;nj\u00eb vot\u00eb nuk b\u00ebn ndryshim&#8221;, duke argumentuar se fuqia e diskutimit qytetar dhe angazhimit, qoft\u00eb edhe n\u00eb grupe t\u00eb vogla, \u00ebsht\u00eb motori i v\u00ebrtet\u00eb i ndryshimit shoq\u00ebror.<\/p>\n<p>Duke evokuar filozofin\u00eb e babait t\u00eb tij se &#8220;frika nuk ndalon vdekjen, por ndalon jet\u00ebn dhe fitoren&#8221;, ai ftoi t\u00eb rinjt\u00eb t\u00eb marrin n\u00eb dor\u00eb fatet e vendit, jo p\u00ebr interesa personale, por p\u00ebr t\u00eb ardhmen e f\u00ebmij\u00ebve dhe nip\u00ebrve t\u00eb tyre, duke siguruar k\u00ebshtu vazhdim\u00ebsin\u00eb e idealeve t\u00eb Dhjetorit &#8217;90.<\/p>\n","protected":false},"excerpt":{"rendered":"<p>N\u00eb Qytetin Studenti, ku po kremtohet figura e liderit t\u00eb Dhjetorit, Azem Hajdari, djali i tij mbajti nj\u00eb fjalim prek\u00ebs, duke lidhur t\u00eb shkuar\u00ebn e sakrific\u00ebs me t\u00eb tashmen e liris\u00eb, p\u00ebr student\u00ebt, pedagog\u00ebt, pun\u00ebtor\u00ebt dhe t\u00eb rinjt\u00eb q\u00eb u vun\u00eb n\u00eb krye t\u00eb L\u00ebvizjes p\u00ebr Ndryshim, Shpres\u00eb dhe Liri. Fjalimi, i cili u mbajt &hellip;<\/p>\n","protected":false},"author":4,"featured_media":130444,"comment_status":"closed","ping_status":"closed","sticky":false,"template":"","format":"standard","meta":{"footnotes":""},"categories":[37],"tags":[],"class_list":["post-130443","post","type-post","status-publish","format-standard","has-post-thumbnail","","category-politike"],"_links":{"self":[{"href":"https:\/\/rdnews.al\/index.php\/wp-json\/wp\/v2\/posts\/130443","targetHints":{"allow":["GET"]}}],"collection":[{"href":"https:\/\/rdnews.al\/index.php\/wp-json\/wp\/v2\/posts"}],"about":[{"href":"https:\/\/rdnews.al\/index.php\/wp-json\/wp\/v2\/types\/post"}],"author":[{"embeddable":true,"href":"https:\/\/rdnews.al\/index.php\/wp-json\/wp\/v2\/users\/4"}],"replies":[{"embeddable":true,"href":"https:\/\/rdnews.al\/index.php\/wp-json\/wp\/v2\/comments?post=130443"}],"version-history":[{"count":1,"href":"https:\/\/rdnews.al\/index.php\/wp-json\/wp\/v2\/posts\/130443\/revisions"}],"predecessor-version":[{"id":130445,"href":"https:\/\/rdnews.al\/index.php\/wp-json\/wp\/v2\/posts\/130443\/revisions\/130445"}],"wp:featuredmedia":[{"embeddable":true,"href":"https:\/\/rdnews.al\/index.php\/wp-json\/wp\/v2\/media\/130444"}],"wp:attachment":[{"href":"https:\/\/rdnews.al\/index.php\/wp-json\/wp\/v2\/media?parent=130443"}],"wp:term":[{"taxonomy":"category","embeddable":true,"href":"https:\/\/rdnews.al\/index.php\/wp-json\/wp\/v2\/categories?post=130443"},{"taxonomy":"post_tag","embeddable":true,"href":"https:\/\/rdnews.al\/index.php\/wp-json\/wp\/v2\/tags?post=130443"}],"curies":[{"name":"wp","href":"https:\/\/api.w.org\/{rel}","templated":true}]}}