{"id":130450,"date":"2025-12-08T11:21:17","date_gmt":"2025-12-08T11:21:17","guid":{"rendered":"https:\/\/rdnews.al\/?p=130450"},"modified":"2025-12-08T11:21:17","modified_gmt":"2025-12-08T11:21:17","slug":"berisha-azem-hajdari-dhe-studentet-liberatore-do-mbeten-te-pavdekshem-ne-panteonin-e-lirise-se-kombit-shqiptar","status":"publish","type":"post","link":"https:\/\/rdnews.al\/index.php\/2025\/12\/08\/berisha-azem-hajdari-dhe-studentet-liberatore-do-mbeten-te-pavdekshem-ne-panteonin-e-lirise-se-kombit-shqiptar\/","title":{"rendered":"Berisha: Azem Hajdari dhe student\u00ebt liberator\u00eb do mbeten t\u00eb pavdeksh\u00ebm n\u00eb panteonin e liris\u00eb s\u00eb kombit shqiptar!"},"content":{"rendered":"<p>Lideri i opozit\u00ebs, Sali Berisha, gjat\u00eb nj\u00eb takimi n\u00eb Qytetin Studenti, deklaroi se 8 dhjetori 1990 sh\u00ebnoi \u201cmrekullin\u00eb e kombit shqiptar\u201d, duke i dh\u00ebn\u00eb fund nj\u00eb viti t\u00eb err\u00ebt p\u00ebr vendin.<\/p>\n<p>Ai vler\u00ebsoi l\u00ebvizjen studentore si forc\u00ebn q\u00eb rr\u00ebzoi diktatur\u00ebn dhe hapi rrug\u00ebn e pluralizmit, liris\u00eb dhe integrimit euroatlantik.<\/p>\n<p>Berisha theksoi se idealet e student\u00ebve t\u00eb dhjetorit mbeten ende sot udh\u00ebrr\u00ebfyes p\u00ebr shqiptar\u00ebt. Ai nderoi ve\u00e7an\u00ebrisht Azem Hajdarin, t\u00eb cilin e quajti \u201ct\u00eb pavdeksh\u00ebm n\u00eb panteonin e liris\u00eb\u201d.<\/p>\n<p><strong>Berisha:<\/strong> T\u00eb dashur miq, gjer n\u00eb m\u00ebngjesin e 8 dhjetorit t\u00eb vitit 1990, shqiptar\u00ebt n\u00eb Shqip\u00ebri p\u00ebrjetonin shtypjen e diktatur\u00ebs m\u00eb t\u00eb eg\u00ebr, kurse shqiptar\u00ebt e Kosov\u00ebs, Maqedonis\u00eb, Malit t\u00eb Zi, Serbi, jetonin n\u00ebn pushtimin barbar serb dhe kishin mbetur kolonia e fundit n\u00eb Europ\u00eb.<\/p>\n<p>Viti 1990 gjer n\u00eb 8 dhjetor ishte p\u00ebr shqiptar\u00ebt nj\u00eb vit i gjat\u00eb, nj\u00eb vit i tmerrsh\u00ebm.<\/p>\n<p>Protestat e guximshme t\u00eb qytetar\u00ebve t\u00eb Shkodr\u00ebs, t\u00eb Kavaj\u00ebs, protesta e heshtur e Tiran\u00ebs dhe kryengritja paq\u00ebsore e 2 korrikut, e t\u00eb rinjve q\u00eb hyn\u00eb n\u00eb ambasada dhe ndez\u00ebn zemrat dhe shpresat e shqiptar\u00ebve, u shtyp\u00ebn dhe bashk\u00eb me to shpresat e shqiptar\u00ebve t\u00eb topitur q\u00eb ndanin nj\u00ebri me tjetrin frik\u00ebn nga dhuna shtet\u00ebrore dhe p\u00ebrtypnin n\u00eb \u00e7do kafshat\u00eb varf\u00ebrin\u00eb dhe shumica e tyre mjerimin e v\u00ebrtet\u00eb.<\/p>\n<p>Ndaj mund t\u00eb thuhet se gjer me 8 dhjetor, viti 1990 po mbyllej si vit i shpresave t\u00eb vrara, i d\u00ebshp\u00ebrimit t\u00eb thell\u00eb, nj\u00eb anum horribilis p\u00ebr shqiptar\u00ebt n\u00eb historin\u00eb e tyre.<\/p>\n<p>Por l\u00ebvizja studentore e vitit 1990, beteja paq\u00ebsore e student\u00ebve n\u00eb rrug\u00eb dhe sheshet e k\u00ebtij qyteti t\u00eb bekuar dhe n\u00eb kryeqytetin e vendit, triumfi i tyre mbi diktatur\u00ebn e shnd\u00ebrroi dhjetorin dhe vitin 1990 n\u00eb vitin e mrekullis\u00eb t\u00eb kombit shqiptar, anum mirabilis.<\/p>\n<p>Hodhi themelet e liris\u00eb dhe nd\u00ebrtimit t\u00eb shoq\u00ebris\u00eb s\u00eb lir\u00eb n\u00eb Shqip\u00ebri, t\u00eb z\u00ebvend\u00ebsimit t\u00eb hiperkolektivizimit total me tregun e liris\u00eb, t\u00ebdaljes s\u00eb vendit nga izolimi m\u00eb i thell\u00eb, t\u00eb hapjes dhe integrimit evropian dhe euroatlantik t\u00eb tij.<\/p>\n<p>Kjo l\u00ebvizje, \u00e7\u00ebshtjen komb\u00ebtare, nga nj\u00eb \u00e7\u00ebshtje e tradhtuar nga klika hoxhiste, e vendosi n\u00eb piedestalin e merituar p\u00ebr zgjidhjen e saj.<\/p>\n<p>Idealet e rinis\u00eb studentore t\u00eb dhjetorit 1990 ishin dhe mbeten idealet m\u00eb t\u00eb larta, m\u00eb fisnike njer\u00ebzore dhe komb\u00ebtare shqiptare.<\/p>\n<p>K\u00ebto ideale, energjia e tyre i b\u00ebri shqiptar\u00ebt m\u00eb t\u00eb lir\u00eb se kurr\u00eb.<\/p>\n<p>U riktheu atyre dinjitetin e munguar njer\u00ebzor.<\/p>\n<p>Vendosi n\u00eb Shqip\u00ebri pluralizmin e v\u00ebrtet\u00eb politik, sistemin demokratik.<\/p>\n<p>An\u00ebtar\u00ebsuan Shqip\u00ebrin\u00eb n\u00eb K\u00ebshillin e Europ\u00ebs, n\u00eb NATO, i dhan\u00eb asaj propozimin p\u00ebr statusin e vendit kandidat n\u00eb BE.<\/p>\n<p>Kosova u b\u00eb e pavarur ndaj dhe 8 dhjetori i vitit 1990 \u00ebsht\u00eb dita e nderimit t\u00eb liris\u00eb dhe vlerave t\u00eb saj nga mbar\u00eb shqiptar\u00ebt, i nderimit t\u00eb vepr\u00ebs s\u00eb pavdekshme t\u00eb prij\u00ebsit legjendar t\u00eb asaj l\u00ebvizje, Azem Hajdari dhe student\u00ebve liberator\u00eb q\u00eb shkallmuan dyert e mbyllura t\u00eb liris\u00eb p\u00ebr shqiptar\u00ebt.<\/p>\n<p>Azem Hajdari dhe student\u00ebt liberator\u00eb do mbeten t\u00eb pavdeksh\u00ebm n\u00eb panteonin e liris\u00eb s\u00eb kombit shqiptar p\u00ebrgjithmon\u00eb.<\/p>\n<p>Azem, ti je gjall\u00eb!<\/p>\n","protected":false},"excerpt":{"rendered":"<p>Lideri i opozit\u00ebs, Sali Berisha, gjat\u00eb nj\u00eb takimi n\u00eb Qytetin Studenti, deklaroi se 8 dhjetori 1990 sh\u00ebnoi \u201cmrekullin\u00eb e kombit shqiptar\u201d, duke i dh\u00ebn\u00eb fund nj\u00eb viti t\u00eb err\u00ebt p\u00ebr vendin. Ai vler\u00ebsoi l\u00ebvizjen studentore si forc\u00ebn q\u00eb rr\u00ebzoi diktatur\u00ebn dhe hapi rrug\u00ebn e pluralizmit, liris\u00eb dhe integrimit euroatlantik. Berisha theksoi se idealet e student\u00ebve &hellip;<\/p>\n","protected":false},"author":4,"featured_media":130447,"comment_status":"closed","ping_status":"closed","sticky":false,"template":"","format":"standard","meta":{"footnotes":""},"categories":[37],"tags":[],"class_list":["post-130450","post","type-post","status-publish","format-standard","has-post-thumbnail","","category-politike"],"_links":{"self":[{"href":"https:\/\/rdnews.al\/index.php\/wp-json\/wp\/v2\/posts\/130450","targetHints":{"allow":["GET"]}}],"collection":[{"href":"https:\/\/rdnews.al\/index.php\/wp-json\/wp\/v2\/posts"}],"about":[{"href":"https:\/\/rdnews.al\/index.php\/wp-json\/wp\/v2\/types\/post"}],"author":[{"embeddable":true,"href":"https:\/\/rdnews.al\/index.php\/wp-json\/wp\/v2\/users\/4"}],"replies":[{"embeddable":true,"href":"https:\/\/rdnews.al\/index.php\/wp-json\/wp\/v2\/comments?post=130450"}],"version-history":[{"count":1,"href":"https:\/\/rdnews.al\/index.php\/wp-json\/wp\/v2\/posts\/130450\/revisions"}],"predecessor-version":[{"id":130451,"href":"https:\/\/rdnews.al\/index.php\/wp-json\/wp\/v2\/posts\/130450\/revisions\/130451"}],"wp:featuredmedia":[{"embeddable":true,"href":"https:\/\/rdnews.al\/index.php\/wp-json\/wp\/v2\/media\/130447"}],"wp:attachment":[{"href":"https:\/\/rdnews.al\/index.php\/wp-json\/wp\/v2\/media?parent=130450"}],"wp:term":[{"taxonomy":"category","embeddable":true,"href":"https:\/\/rdnews.al\/index.php\/wp-json\/wp\/v2\/categories?post=130450"},{"taxonomy":"post_tag","embeddable":true,"href":"https:\/\/rdnews.al\/index.php\/wp-json\/wp\/v2\/tags?post=130450"}],"curies":[{"name":"wp","href":"https:\/\/api.w.org\/{rel}","templated":true}]}}