{"id":130457,"date":"2025-12-08T11:41:49","date_gmt":"2025-12-08T11:41:49","guid":{"rendered":"https:\/\/rdnews.al\/?p=130457"},"modified":"2025-12-08T22:57:39","modified_gmt":"2025-12-08T22:57:39","slug":"mediu-ne-uashington-kongresi-amerikan-i-alarmuar-per-manipulimin-e-zgjedhjeve-dhe-kapjen-e-drejtesise-ne-shqiperi","status":"publish","type":"post","link":"https:\/\/rdnews.al\/index.php\/2025\/12\/08\/mediu-ne-uashington-kongresi-amerikan-i-alarmuar-per-manipulimin-e-zgjedhjeve-dhe-kapjen-e-drejtesise-ne-shqiperi\/","title":{"rendered":"Kongresi Amerikan, i alarmuar p\u00ebr manipulimin e zgjedhjeve dhe kapjen e drejt\u00ebsis\u00eb"},"content":{"rendered":"<p><strong>Fatmir Mediu\/ <\/strong><strong>Uashington DC<\/strong><\/p>\n<p>Gjat\u00eb vizit\u00ebs n\u00eb SHBA vazhdova takimet me miq n\u00eb Kongres.<br \/>\nM\u00ebngjes miq\u00ebsor pune, me kryetarin e Komisionit p\u00ebr Europ\u00ebn Kongresmenin Keith Self i cili organizoj seanc\u00ebn d\u00ebgjimore p\u00ebr Ballkanin, mikun Eduard Jospeh nj\u00eb nga d\u00ebshmitar\u00ebt kryesor t\u00eb k\u00ebsaj seance n\u00eb kongres, ku u theksua nevoja e vler\u00ebsimit t\u00eb problemeve t\u00eb gjyq\u00ebsorit n\u00eb Shqip\u00ebri dhe problemeve t\u00eb zgjedhjeve dhe krimit organizuar.<\/p>\n<p>Kongresmenin Pete Sessions Kryetar i Komisioni i Mbik\u00ebqyrjes s\u00eb Kongresit p\u00ebr Operacionet e Qeveris\u00eb, Kongresmenin Robert Aderholt Kryetar i Grupit p\u00ebr Shqip\u00ebrin\u00eb n\u00eb Kongres, Kongreswoman Virginia Foxx Kryetare e Komitetit t\u00eb Rregullave n\u00eb Kongres, Kongresmenin Jonathan Jackson, Kongresmenin Juan Vargas, si dhe me p\u00ebrfaq\u00ebsues t\u00eb Komitetit p\u00ebr Drejt\u00ebsin\u00eb.<\/p>\n<p>N\u00eb k\u00ebto takime biseduam p\u00ebr situat\u00ebn e r\u00ebnd\u00eb politike n\u00eb Shqip\u00ebri manipulimin e zgjedhjeve t\u00eb denoncuar qart\u00eb nga raporti i ODHIR, krimi i organizuar lidhur me kartelet e drog\u00ebs dhe ndikimi tyre i fuqish\u00ebm n\u00eb politik\u00eb dhe qeveri, korrupsioni i qeveris\u00eb dhe ve\u00e7an\u00ebrisht p\u00ebrdorimi politik i gjyq\u00ebsorit p\u00ebr t\u00eb shkat\u00ebrruar opozit\u00ebn.<\/p>\n","protected":false},"excerpt":{"rendered":"<p>Fatmir Mediu\/ Uashington DC Gjat\u00eb vizit\u00ebs n\u00eb SHBA vazhdova takimet me miq n\u00eb Kongres. M\u00ebngjes miq\u00ebsor pune, me kryetarin e Komisionit p\u00ebr Europ\u00ebn Kongresmenin Keith Self i cili organizoj seanc\u00ebn d\u00ebgjimore p\u00ebr Ballkanin, mikun Eduard Jospeh nj\u00eb nga d\u00ebshmitar\u00ebt kryesor t\u00eb k\u00ebsaj seance n\u00eb kongres, ku u theksua nevoja e vler\u00ebsimit t\u00eb problemeve t\u00eb gjyq\u00ebsorit &hellip;<\/p>\n","protected":false},"author":4,"featured_media":130521,"comment_status":"closed","ping_status":"closed","sticky":false,"template":"","format":"standard","meta":{"footnotes":""},"categories":[37],"tags":[],"class_list":["post-130457","post","type-post","status-publish","format-standard","has-post-thumbnail","","category-politike"],"_links":{"self":[{"href":"https:\/\/rdnews.al\/index.php\/wp-json\/wp\/v2\/posts\/130457","targetHints":{"allow":["GET"]}}],"collection":[{"href":"https:\/\/rdnews.al\/index.php\/wp-json\/wp\/v2\/posts"}],"about":[{"href":"https:\/\/rdnews.al\/index.php\/wp-json\/wp\/v2\/types\/post"}],"author":[{"embeddable":true,"href":"https:\/\/rdnews.al\/index.php\/wp-json\/wp\/v2\/users\/4"}],"replies":[{"embeddable":true,"href":"https:\/\/rdnews.al\/index.php\/wp-json\/wp\/v2\/comments?post=130457"}],"version-history":[{"count":3,"href":"https:\/\/rdnews.al\/index.php\/wp-json\/wp\/v2\/posts\/130457\/revisions"}],"predecessor-version":[{"id":130522,"href":"https:\/\/rdnews.al\/index.php\/wp-json\/wp\/v2\/posts\/130457\/revisions\/130522"}],"wp:featuredmedia":[{"embeddable":true,"href":"https:\/\/rdnews.al\/index.php\/wp-json\/wp\/v2\/media\/130521"}],"wp:attachment":[{"href":"https:\/\/rdnews.al\/index.php\/wp-json\/wp\/v2\/media?parent=130457"}],"wp:term":[{"taxonomy":"category","embeddable":true,"href":"https:\/\/rdnews.al\/index.php\/wp-json\/wp\/v2\/categories?post=130457"},{"taxonomy":"post_tag","embeddable":true,"href":"https:\/\/rdnews.al\/index.php\/wp-json\/wp\/v2\/tags?post=130457"}],"curies":[{"name":"wp","href":"https:\/\/api.w.org\/{rel}","templated":true}]}}