{"id":130460,"date":"2025-12-08T11:44:29","date_gmt":"2025-12-08T11:44:29","guid":{"rendered":"https:\/\/rdnews.al\/?p=130460"},"modified":"2025-12-08T11:44:29","modified_gmt":"2025-12-08T11:44:29","slug":"dita-e-rinise-pa-rini-2","status":"publish","type":"post","link":"https:\/\/rdnews.al\/index.php\/2025\/12\/08\/dita-e-rinise-pa-rini-2\/","title":{"rendered":"Dita e Rinis\u00eb, pa rini!"},"content":{"rendered":"<div class=\"clear\"><strong>Nga Belind KELLI\u00c7I<\/strong><\/div>\n<div class=\"entry\">\n<p>8 Dhjetori e gjen shoq\u00ebrin\u00eb shqiptare n\u00eb nj\u00eb situat\u00eb tejet problematike sa i takon rinis\u00eb.<\/p>\n<p>Shifrat e d\u00ebshir\u00ebs p\u00ebr t\u00eb emigruar jan\u00eb n\u00eb nivele alarmante, ku 79% e student\u00ebve deklarojn\u00eb se kan\u00eb d\u00ebshir\u00eb t\u00eb largohen, nga nj\u00eb anket\u00eb e Qendr\u00ebs p\u00ebr Studime<\/p>\n<p>Ekonomike dhe Sociale.<\/p>\n<p>Klasa e mesme, shtresa m\u00eb produktive e shoq\u00ebris\u00eb dhe ajo q\u00eb nxit zhvillimin demografik dhe ekonomik t\u00eb nj\u00eb vendi, deklaron se ka d\u00ebshir\u00eb t\u00eb emigroj\u00eb n\u00eb mas\u00ebn 40%.<\/p>\n<p>K\u00ebto shifra tregojn\u00eb p\u00ebr nj\u00eb tendenc\u00eb masive t\u00eb ikjes e cila sigurisht q\u00eb sjell pasojat e saj sociale, ekonomike dhe politike.<\/p>\n<p>Nx\u00ebn\u00ebsit n\u00eb arsimin parauniversitar jan\u00eb pak\u00ebsuar, me fenomenin gjithnj\u00eb n\u00eb rritje t\u00eb shkollave t\u00eb mbyllura, sidomos n\u00eb fshat.<\/p>\n<p>Arsimi universitar nuk \u00ebsht\u00eb n\u00eb cil\u00ebsin\u00eb e duhur dhe student\u00ebt, t\u00eb cil\u00ebt do duhej t\u00eb ishin t\u00eb par\u00ebt t\u00eb interesuar p\u00ebr ta reformuar, ndihen indiferent\u00eb dhe presin rastin t\u00eb emigrojn\u00eb.<\/p>\n<p>Arsimin nuk e shohin t\u00eb lidhur me tregun e pun\u00ebs dhe diplom\u00ebn t\u00eb pavler\u00eb p\u00ebr nj\u00eb jet\u00eb t\u00eb suksesshme.<\/p>\n<p>Xhan\u00ebm, cila alternativ\u00eb ju jepet?<\/p>\n<p>Vet\u00eb Kryeministri ju premton \u201cpasaport\u00ebn europiane\u201d si zgjidhje p\u00ebr \u00e7do hall, n\u00ebp\u00ebrmjet largimit.<\/p>\n<p>Kjo situat\u00eb ka krijuar problemet e veta t\u00eb pashmangshme edhe n\u00eb tregun e pun\u00ebs, n\u00eb produktivitet, n\u00eb frenimin e rritjes.<\/p>\n<p>Bizneset n\u00eb sektor\u00eb si nd\u00ebrtimi, industria apo turizmi po hasen me munges\u00eb t\u00eb fuqis\u00eb pun\u00ebtore dhe po p\u00ebrpiqen ta marrin at\u00eb nga vende t\u00eb huaja si India, Bangladeshi apo shtete afrikane.<\/p>\n<p>Profesionist\u00ebt, zanat\u00e7injt\u00eb mungojn\u00eb n\u00eb qendrat urbane aty ku ka m\u00eb shum\u00eb nevoj\u00eb.<\/p>\n<p>Rinia shqiptare \u00ebsht\u00eb e keqinformuar, e keqorientuar, e d\u00ebbuar.<\/p>\n<p>Shum\u00eb prej t\u00eb rinjve kan\u00eb p\u00ebrfunduar jo vet\u00ebm p\u00ebrdorues t\u00eb drog\u00ebs por edhe ushtar\u00eb apo pun\u00ebtor\u00eb krahu t\u00eb krimit t\u00eb organizuar, i cili me bekimin qeveritar e shfaq veten si e vetmja shkall\u00eb sociale dhe m\u00ebnyr\u00eb e shpejt\u00eb p\u00ebr t\u00eb dal\u00eb nga varf\u00ebria.<\/p>\n<p>A ka nj\u00eb drit\u00eb n\u00eb fund t\u00eb tunelit?<\/p>\n<p>Sigurisht q\u00eb po.<\/p>\n<p>Shqip\u00ebria nuk \u00ebsht\u00eb nj\u00eb vend gjeografikisht i varf\u00ebr, historikisht i pashpres\u00eb apo institucionalisht i destinuar p\u00ebr d\u00ebshtim.<\/p>\n<p>Shqip\u00ebria i ng\u00ebrthen n\u00eb vetvete energjit\u00eb p\u00ebr t\u2019u rinovuar, p\u00ebr t\u2019u rritur, p\u00ebr t\u00eb ndryshuar.<\/p>\n<p>Kjo sigurisht q\u00eb do t\u00eb k\u00ebrkoj\u00eb reforma strukturore por asnj\u00eb prej k\u00ebtyre reformave nuk mund t\u00eb jet\u00ebsohet pa nj\u00eb angazhim real, t\u00eb drejtp\u00ebrdrejt\u00eb dhe me vullnet t\u00eb lir\u00eb t\u00eb t\u00eb rinjve.<\/p>\n<p>Shqip\u00ebria mund ta shp\u00ebtoj\u00eb veten.<\/p>\n<p>T\u00eb rinjt\u00eb mund ta shp\u00ebtojn\u00eb veten.<\/p>\n<p>Me energjin\u00eb, talentin, p\u00ebrkushtimin, idealizmin e mosh\u00ebs.<\/p>\n<p>Thjesht duhet t\u2019i b\u00ebjn\u00eb vetes pyetjet:<\/p>\n<p>N\u00ebse jo sot, kur?<\/p>\n<p>N\u00ebse jo un\u00eb, kush?<\/p>\n<p>G\u00ebzuar 8 dhjetorin, ju t\u00eb rinj q\u00eb keni vendosur t\u00eb vijoni betej\u00ebn n\u00eb vendin tuaj e ta b\u00ebni Shqip\u00ebrin\u00eb nj\u00eb vend europian!<\/p>\n<\/div>\n","protected":false},"excerpt":{"rendered":"<p>Nga Belind KELLI\u00c7I 8 Dhjetori e gjen shoq\u00ebrin\u00eb shqiptare n\u00eb nj\u00eb situat\u00eb tejet problematike sa i takon rinis\u00eb. Shifrat e d\u00ebshir\u00ebs p\u00ebr t\u00eb emigruar jan\u00eb n\u00eb nivele alarmante, ku 79% e student\u00ebve deklarojn\u00eb se kan\u00eb d\u00ebshir\u00eb t\u00eb largohen, nga nj\u00eb anket\u00eb e Qendr\u00ebs p\u00ebr Studime Ekonomike dhe Sociale. Klasa e mesme, shtresa m\u00eb produktive e &hellip;<\/p>\n","protected":false},"author":4,"featured_media":17409,"comment_status":"closed","ping_status":"closed","sticky":false,"template":"","format":"standard","meta":{"footnotes":""},"categories":[44],"tags":[],"class_list":["post-130460","post","type-post","status-publish","format-standard","has-post-thumbnail","","category-editorial"],"_links":{"self":[{"href":"https:\/\/rdnews.al\/index.php\/wp-json\/wp\/v2\/posts\/130460","targetHints":{"allow":["GET"]}}],"collection":[{"href":"https:\/\/rdnews.al\/index.php\/wp-json\/wp\/v2\/posts"}],"about":[{"href":"https:\/\/rdnews.al\/index.php\/wp-json\/wp\/v2\/types\/post"}],"author":[{"embeddable":true,"href":"https:\/\/rdnews.al\/index.php\/wp-json\/wp\/v2\/users\/4"}],"replies":[{"embeddable":true,"href":"https:\/\/rdnews.al\/index.php\/wp-json\/wp\/v2\/comments?post=130460"}],"version-history":[{"count":1,"href":"https:\/\/rdnews.al\/index.php\/wp-json\/wp\/v2\/posts\/130460\/revisions"}],"predecessor-version":[{"id":130461,"href":"https:\/\/rdnews.al\/index.php\/wp-json\/wp\/v2\/posts\/130460\/revisions\/130461"}],"wp:featuredmedia":[{"embeddable":true,"href":"https:\/\/rdnews.al\/index.php\/wp-json\/wp\/v2\/media\/17409"}],"wp:attachment":[{"href":"https:\/\/rdnews.al\/index.php\/wp-json\/wp\/v2\/media?parent=130460"}],"wp:term":[{"taxonomy":"category","embeddable":true,"href":"https:\/\/rdnews.al\/index.php\/wp-json\/wp\/v2\/categories?post=130460"},{"taxonomy":"post_tag","embeddable":true,"href":"https:\/\/rdnews.al\/index.php\/wp-json\/wp\/v2\/tags?post=130460"}],"curies":[{"name":"wp","href":"https:\/\/api.w.org\/{rel}","templated":true}]}}