{"id":130463,"date":"2025-12-08T11:51:15","date_gmt":"2025-12-08T11:51:15","guid":{"rendered":"https:\/\/rdnews.al\/?p=130463"},"modified":"2025-12-08T11:55:07","modified_gmt":"2025-12-08T11:55:07","slug":"xhamise-se-beqareve-i-hiqet-minarja-pd-berat-akuza-bashkise-dhe-qeverise-per-falsifikim-te-historise","status":"publish","type":"post","link":"https:\/\/rdnews.al\/index.php\/2025\/12\/08\/xhamise-se-beqareve-i-hiqet-minarja-pd-berat-akuza-bashkise-dhe-qeverise-per-falsifikim-te-historise\/","title":{"rendered":"&#8220;Xhamis\u00eb s\u00eb Beqar\u00ebve i hiqet minarja&#8221;\/ PD Berat: Po falsifikohet historia!"},"content":{"rendered":"<p>Partia Demokratike, Dega Berat, ka reaguar ashp\u00ebr ndaj nj\u00eb vepre arti t\u00eb dhuruar Ambasadorit Italian nga ministri i Pushtetit Vendor, Ervin Demo, dhe kryetari i Bashkis\u00eb Berat, Ervin Ceca. Sipas PD-s\u00eb, n\u00eb k\u00ebt\u00eb vep\u00ebr paraqitet Xhamia e Beqar\u00ebve pa minaren e saj, \u00e7ka p\u00ebrb\u00ebn nj\u00eb shtremb\u00ebrim t\u00eb vlerave historike, kulturore dhe fetare t\u00eb qytetit.<\/p>\n<p>PD k\u00ebrkon q\u00eb Demo dhe Ceca t\u00eb k\u00ebrkojn\u00eb falje dhe t\u00eb distancohen nga ky veprim, duke theksuar se Berati, si pjes\u00eb e trash\u00ebgimis\u00eb UNESCO, \u00ebsht\u00eb simbol i bashk\u00ebjetes\u00ebs shembullore fetare.<\/p>\n<p><strong>Deklarata e plot\u00eb<\/strong><\/p>\n<p>N\u00eb em\u00ebr t\u00eb Partis\u00eb Demokratike, Dega Berat, jemi mbledhur sot t\u00eb d\u00ebnojm\u00eb aktin e pap\u00ebrgjegjsh\u00ebm t\u00eb shtremb\u00ebrimit t\u00eb vlerave kulturore, fetare dhe historike t\u00eb Beratit, nga ana e p\u00ebrfaq\u00ebsuesve t\u00eb lart\u00eb t\u00eb qeveris\u00eb dhe pushtetit vendor socialist.<\/p>\n<p>Kjo ngjarje b\u00ebhet edhe m\u00eb e r\u00ebnd\u00eb, kur \u00ebsht\u00eb vet\u00eb ministri i pushtetit vendor, Ervin Demo, si dhe zgjatimi i tij n\u00eb Bashkin\u00eb Berat, Ervin Ceca, q\u00eb i japin Ambasadorit Italian nj\u00eb vep\u00ebr arti q\u00eb \u201cp\u00ebrfaq\u00ebson\u201d Beratin, ku shihet qart\u00eb se Xhamia historike e Beqar\u00ebve paraqitet pa minaren e saj, simbol t\u00eb besimit n\u00eb Zot!<\/p>\n<p>Kjo nuk \u00ebsht\u00eb thjesht injoranc\u00eb, por nj\u00eb akt provokues q\u00eb cenon r\u00ebnd\u00eb vlerat tona t\u00eb bashk\u00ebjetes\u00ebs fetare, vlerat tona historike dhe kulturore!<\/p>\n<p>U k\u00ebrkojm\u00eb t\u00eb dy p\u00ebrfaq\u00ebsuesve t\u00eb Partis\u00eb Socialiste, Ervin Demos dhe Ervin Cecos, t\u00eb k\u00ebrkojn\u00eb ndjes\u00eb dhe t\u00eb distancohen nga kjo ngjarje provokuese.<\/p>\n<p>Duam t\u2019ju kujtojm\u00eb atyre, por edhe gjith\u00eb t\u00eb tjer\u00ebve, se Berati, p\u00ebrve\u00e7 vlerave t\u00eb padiskutueshme historike, \u00ebsht\u00eb pjes\u00eb e trash\u00ebgimis\u00eb bot\u00ebrore t\u00eb UNESCO-s, pik\u00ebrisht p\u00ebr k\u00ebto vlera t\u00eb bashk\u00ebjetes\u00ebs shembullore nd\u00ebrfetare!<\/p>\n<p>Duam gjithashtu t\u2019ju b\u00ebjm\u00eb me dije se do t\u2019i k\u00ebrkojm\u00eb zyrtarisht K\u00ebshillit Bashkiak t\u00eb Beratit t\u00eb d\u00ebnoj\u00eb k\u00ebt\u00eb ngjarje me an\u00eb t\u00eb nj\u00eb rezolute t\u00eb p\u00ebrbashk\u00ebt t\u00eb t\u00eb gjith\u00eb k\u00ebshilltar\u00ebve, si dhe t\u00eb autorizoj\u00eb Policin\u00eb Bashkiake t\u00eb gjej\u00eb dhe sekuestroj\u00eb t\u00eb gjitha k\u00ebto t\u00eb ashtuquajtura vepra arti n\u00eb qytet, sepse ka shum\u00eb prej tyre q\u00eb shtremb\u00ebrojn\u00eb historin\u00eb dhe ofendojn\u00eb t\u00eb gjith\u00eb qytetar\u00ebt e Beratit.<\/p>\n<p>Shpresojm\u00eb q\u00eb t\u00eb gjith\u00eb k\u00ebshilltar\u00ebt bashkiak\u00eb do t\u2019i bashkohen nism\u00ebs ton\u00eb!<\/p>\n<p>Berati \u00ebsht\u00eb i vlerave dhe jo i provokator\u00ebve!<\/p>\n<p>Faleminderit!<\/p>\n<div class=\"readmore-text-here\">\n<div class=\"fotogaleri\">\n<div class=\"bx-wrapper\">\n<div class=\"bx-viewport\">\n<ul class=\"read-slider\">\n<li><a href=\"https:\/\/www.syri.net\/fotogaleria\/845513\/xhamise-se-beqareve-i-hiqet-minarja-pd-akuza-bashkise-dhe-qeverise-per-falsifikim-te-historise\/\" target=\"_blank\" rel=\"noopener\"><img decoding=\"async\" src=\"https:\/\/www.syri.net\/uploads\/syri.net\/images\/2025\/December\/08\/auto_Screenshot_101765193936.jpg\" \/><i class=\"fa fa-search-plus syri_zoom\" aria-hidden=\"true\"><\/i><\/a><\/li>\n<\/ul>\n<\/div>\n<\/div>\n<\/div>\n<p>&nbsp;<\/p>\n<\/div>\n<div id=\"rekl-45\"><\/div>\n<div id=\"rekl-16\"><\/div>\n<div id=\"rekl-33\"><\/div>\n","protected":false},"excerpt":{"rendered":"<p>Partia Demokratike, Dega Berat, ka reaguar ashp\u00ebr ndaj nj\u00eb vepre arti t\u00eb dhuruar Ambasadorit Italian nga ministri i Pushtetit Vendor, Ervin Demo, dhe kryetari i Bashkis\u00eb Berat, Ervin Ceca. Sipas PD-s\u00eb, n\u00eb k\u00ebt\u00eb vep\u00ebr paraqitet Xhamia e Beqar\u00ebve pa minaren e saj, \u00e7ka p\u00ebrb\u00ebn nj\u00eb shtremb\u00ebrim t\u00eb vlerave historike, kulturore dhe fetare t\u00eb qytetit. PD &hellip;<\/p>\n","protected":false},"author":4,"featured_media":130464,"comment_status":"closed","ping_status":"closed","sticky":false,"template":"","format":"standard","meta":{"footnotes":""},"categories":[37],"tags":[],"class_list":["post-130463","post","type-post","status-publish","format-standard","has-post-thumbnail","","category-politike"],"_links":{"self":[{"href":"https:\/\/rdnews.al\/index.php\/wp-json\/wp\/v2\/posts\/130463","targetHints":{"allow":["GET"]}}],"collection":[{"href":"https:\/\/rdnews.al\/index.php\/wp-json\/wp\/v2\/posts"}],"about":[{"href":"https:\/\/rdnews.al\/index.php\/wp-json\/wp\/v2\/types\/post"}],"author":[{"embeddable":true,"href":"https:\/\/rdnews.al\/index.php\/wp-json\/wp\/v2\/users\/4"}],"replies":[{"embeddable":true,"href":"https:\/\/rdnews.al\/index.php\/wp-json\/wp\/v2\/comments?post=130463"}],"version-history":[{"count":3,"href":"https:\/\/rdnews.al\/index.php\/wp-json\/wp\/v2\/posts\/130463\/revisions"}],"predecessor-version":[{"id":130467,"href":"https:\/\/rdnews.al\/index.php\/wp-json\/wp\/v2\/posts\/130463\/revisions\/130467"}],"wp:featuredmedia":[{"embeddable":true,"href":"https:\/\/rdnews.al\/index.php\/wp-json\/wp\/v2\/media\/130464"}],"wp:attachment":[{"href":"https:\/\/rdnews.al\/index.php\/wp-json\/wp\/v2\/media?parent=130463"}],"wp:term":[{"taxonomy":"category","embeddable":true,"href":"https:\/\/rdnews.al\/index.php\/wp-json\/wp\/v2\/categories?post=130463"},{"taxonomy":"post_tag","embeddable":true,"href":"https:\/\/rdnews.al\/index.php\/wp-json\/wp\/v2\/tags?post=130463"}],"curies":[{"name":"wp","href":"https:\/\/api.w.org\/{rel}","templated":true}]}}