{"id":130475,"date":"2025-12-08T17:09:45","date_gmt":"2025-12-08T17:09:45","guid":{"rendered":"https:\/\/rdnews.al\/?p=130475"},"modified":"2025-12-08T17:09:45","modified_gmt":"2025-12-08T17:09:45","slug":"berisha-do-te-riparaqesim-ne-parlament-amendamentin-per-minimumin-jetik","status":"publish","type":"post","link":"https:\/\/rdnews.al\/index.php\/2025\/12\/08\/berisha-do-te-riparaqesim-ne-parlament-amendamentin-per-minimumin-jetik\/","title":{"rendered":"Berisha: Do t\u00eb riparaqesim n\u00eb parlament amendamentin p\u00ebr minimumin jetik!"},"content":{"rendered":"<p>Kryetari i PD, Sali Berisha, n\u00eb mbledhjen e grupit parlamentar, deklaroi se opozita do t\u00eb riparaqesoj\u00eb n\u00eb parlament amendamentin p\u00ebr vendosjen e minimumit jetik, si hapin e par\u00eb p\u00ebr mb\u00ebshtetjen e qytetar\u00ebve.<\/p>\n<p>Ai akuzoi qeverin\u00eb p\u00ebr rr\u00ebzimin e euros me 30\u201335%, duke th\u00ebn\u00eb se kjo ka falimentuar mij\u00ebra biznese eksporti dhe ka shkat\u00ebrruar dhjet\u00ebra mij\u00ebra vende pune. Berisha theksoi se prodhimi vendas dhe ai industrial jan\u00eb n\u00eb r\u00ebnie, nd\u00ebrsa \u00e7mimet rriten dhe xhepat e qytetar\u00ebve po \u201cgrabiten\u201d.<\/p>\n<p><strong>Berisha:<\/strong> \u00c7far\u00eb ndodh, pse droga, pse narkoja. Shum\u00eb thjesht\u00eb.<\/p>\n<p>Zhvler\u00ebsimi i euros me 30-35 % ka falimentuar me mij\u00ebra nd\u00ebrmarrje eksporti. Falimentimi i nd\u00ebrmarrjeve t\u00eb eksportit ka shkat\u00ebrruar dhjet\u00ebra mij\u00ebra vende pune, por ka shkat\u00ebrruar dhe prodhim dhe prodhimi n\u00eb pikiat\u00eb, prodhimi industrial \u00ebsht\u00eb n\u00eb recension, \u00ebsht\u00eb me minus.<\/p>\n<p>Prandaj dhe taksat nuk vijn\u00eb se \u00ebsht\u00eb rritur prodhimi, t\u00eb ardhurat nuk rriten se \u00ebsht\u00eb rritur prodhimi. Por taksat rriten se rriten \u00e7mimet dhe grabiten xhepat e qytetar\u00ebve.<br \/>\nKjo \u00ebsht\u00eb e qart\u00eb si kristali, grabiten xhepat e qytetar\u00ebve.<\/p>\n<p>Prodhimi bujq\u00ebsor bie, \u00e7mimet rriten. Shqip\u00ebria me rregullat e Ballkanit t\u00eb Hapur q\u00eb ka instaluar argati i Vu\u00e7i\u00e7it dhe me sistemin e TVSH-s\u00eb asimetrit, t\u00eb gjith\u00eb prodhuesit kan\u00eb leverdi t\u00eb marrin prodhimet serbe, importi thon\u00eb, por serb\u00ebve e jo serb\u00ebve dhe jo prodhimit e vendit.<\/p>\n<p>Prandaj bie prodhimi vendas.<\/p>\n<p>Pra n\u00ebse ka nj\u00eb gj\u00eb q\u00eb po shkat\u00ebrron me shpejt\u00ebsi, si nj\u00eb s\u00ebmundje e pash\u00ebrueshme k\u00ebt\u00eb vend, \u00ebsht\u00eb narkoshtetit, narkosi.<\/p>\n<p>\u00c7ka sjell rr\u00ebzimi i Euros. Ju lutem merrni statistikat, vet\u00ebm t\u00eb INSTAT-it dhe do t\u00eb gjeni se nga viti 2023 n\u00eb 2024, r\u00ebnie drastike t\u00eb kontributit t\u00eb akomodimeve dhe sh\u00ebrbimeve.<\/p>\n<p>Kjo lidhet dhe me largimin masiv t\u00eb shqiptar\u00ebve, sepse t\u00eb jemi realist turizmi i bregut ka qen\u00eb turizmi i Tiran\u00ebs. Po, kishte t\u00eb huaj, por ishte turizmi i Tiran\u00ebs. Tirana dyndej n\u00eb breg, e keni par\u00eb si\u00e7 ka qen\u00eb bregu e kan\u00eb treguar mediat. Tani si ishte bregu e tregon INSTAT-i.<\/p>\n<p>Tjet\u00ebr, shkat\u00ebrrim i paimagjinuesh\u00ebm i profesioneve t\u00eb lira. Largim masiv i tyre nga Shqip\u00ebria. Kontributi i tyre nga 10-12% q\u00eb ka qen\u00eb n\u00eb rritje, n\u00eb at\u00eb koh\u00eb nuk e kishin 23% taks\u00ebn, por at\u00eb q\u00eb kishin e paguanin, ka zbritur n\u00eb 1%. K\u00ebt\u00eb e thot\u00eb INSTAT.<br \/>\nPra, ky \u00ebsht\u00eb efekti m\u00eb shkat\u00ebrrimtar i narko-euros, i drog\u00ebs n\u00eb ekonomin\u00eb shqiptare.<\/p>\n<p>Do t\u00eb riparaqesim n\u00eb parlament amendamentin p\u00ebr minimumin jetik, si amandamenti, si l\u00ebvizja e par\u00eb m\u00eb e domosdoshme p\u00ebr mb\u00ebshtetje t\u00eb qytetar\u00ebve shqiptar\u00eb.<\/p>\n<p>Me k\u00ebt\u00eb rritje \u00e7mimesh, \u00ebsht\u00eb e domosdoshme q\u00eb minimumi jetik t\u00eb jet\u00eb mbi 200 euro. Minimumin jetik nuk e kompenson asnj\u00eb lloj rritje tjet\u00ebr.<\/p>\n<p>Cilido q\u00eb t\u00eb jet\u00eb kostoja e tij, alfa e \u00e7do hapi duhet t\u00eb jet\u00eb vendosja e minimumit jetik. \u00cbsht\u00eb e paimagjinueshme t\u00eb pranosh nj\u00eb situat\u00eb t\u00eb till\u00eb. \u00cbsht\u00eb pashpirt\u00ebsi e madhe.<\/p>\n<p>Kur sheh q\u00eb \u00e7mimet, un\u00eb po marr at\u00eb q\u00eb ka dh\u00ebn\u00eb 1 vit m\u00eb par\u00eb Eurostati, jan\u00eb edhe n\u00eb gjer 17% edhe m\u00eb t\u00eb larta se n\u00eb mesataren e BE-s\u00eb, n\u00eb nj\u00eb koh\u00eb kur rroga mesatare \u00ebsht\u00eb 4-5 her\u00eb nd\u00ebn mesataren e BE-s\u00eb.<\/p>\n<p>Nd\u00ebrkoh\u00eb q\u00eb rritjet e rrogave, asnj\u00ebra nuk jep fuqin\u00eb bler\u00ebse q\u00eb kishin ato 3 vite m\u00eb par\u00eb, n\u00eb 2023. Ndaj dhe vendosja e minimumit jetik do t\u00eb jet\u00eb beteja jon\u00eb n\u00eb parlament.<br \/>\nNe kemi b\u00ebr\u00eb shume amendamente, por amendamenti m\u00eb i r\u00ebnd\u00ebsish\u00ebm \u00ebsht\u00eb vendosja e minimumit jetik.<\/p>\n","protected":false},"excerpt":{"rendered":"<p>Kryetari i PD, Sali Berisha, n\u00eb mbledhjen e grupit parlamentar, deklaroi se opozita do t\u00eb riparaqesoj\u00eb n\u00eb parlament amendamentin p\u00ebr vendosjen e minimumit jetik, si hapin e par\u00eb p\u00ebr mb\u00ebshtetjen e qytetar\u00ebve. Ai akuzoi qeverin\u00eb p\u00ebr rr\u00ebzimin e euros me 30\u201335%, duke th\u00ebn\u00eb se kjo ka falimentuar mij\u00ebra biznese eksporti dhe ka shkat\u00ebrruar dhjet\u00ebra mij\u00ebra &hellip;<\/p>\n","protected":false},"author":4,"featured_media":130476,"comment_status":"closed","ping_status":"closed","sticky":false,"template":"","format":"standard","meta":{"footnotes":""},"categories":[37],"tags":[],"class_list":["post-130475","post","type-post","status-publish","format-standard","has-post-thumbnail","","category-politike"],"_links":{"self":[{"href":"https:\/\/rdnews.al\/index.php\/wp-json\/wp\/v2\/posts\/130475","targetHints":{"allow":["GET"]}}],"collection":[{"href":"https:\/\/rdnews.al\/index.php\/wp-json\/wp\/v2\/posts"}],"about":[{"href":"https:\/\/rdnews.al\/index.php\/wp-json\/wp\/v2\/types\/post"}],"author":[{"embeddable":true,"href":"https:\/\/rdnews.al\/index.php\/wp-json\/wp\/v2\/users\/4"}],"replies":[{"embeddable":true,"href":"https:\/\/rdnews.al\/index.php\/wp-json\/wp\/v2\/comments?post=130475"}],"version-history":[{"count":1,"href":"https:\/\/rdnews.al\/index.php\/wp-json\/wp\/v2\/posts\/130475\/revisions"}],"predecessor-version":[{"id":130477,"href":"https:\/\/rdnews.al\/index.php\/wp-json\/wp\/v2\/posts\/130475\/revisions\/130477"}],"wp:featuredmedia":[{"embeddable":true,"href":"https:\/\/rdnews.al\/index.php\/wp-json\/wp\/v2\/media\/130476"}],"wp:attachment":[{"href":"https:\/\/rdnews.al\/index.php\/wp-json\/wp\/v2\/media?parent=130475"}],"wp:term":[{"taxonomy":"category","embeddable":true,"href":"https:\/\/rdnews.al\/index.php\/wp-json\/wp\/v2\/categories?post=130475"},{"taxonomy":"post_tag","embeddable":true,"href":"https:\/\/rdnews.al\/index.php\/wp-json\/wp\/v2\/tags?post=130475"}],"curies":[{"name":"wp","href":"https:\/\/api.w.org\/{rel}","templated":true}]}}