{"id":130509,"date":"2025-12-08T19:33:19","date_gmt":"2025-12-08T19:33:19","guid":{"rendered":"https:\/\/rdnews.al\/?p=130509"},"modified":"2025-12-08T19:33:19","modified_gmt":"2025-12-08T19:33:19","slug":"igli-cara-nje-grusht-njerezish-po-rrembejne-vendin-te-zgjohet-fryma-e-dhjetorit-90","status":"publish","type":"post","link":"https:\/\/rdnews.al\/index.php\/2025\/12\/08\/igli-cara-nje-grusht-njerezish-po-rrembejne-vendin-te-zgjohet-fryma-e-dhjetorit-90\/","title":{"rendered":"Igli Cara: Nj\u00eb grusht njer\u00ebzish po rr\u00ebmbejn\u00eb vendin! T\u00eb zgjohet fryma e dhjetorit &#8217;90"},"content":{"rendered":"<p>&nbsp;<\/p>\n<p>Deputeti i PD, Igli Cara, n\u00eb nj\u00eb fjalim t\u00eb mbajtur me rastin e 8 Dhjetorit, n\u00eb foltoren e opozit\u00ebs para kryeministris\u00eb tha se sot n\u00eb Shqip\u00ebri mbizot\u00ebron korrupsioni, klientelizmi dhe shpopullimi masiv. Duke evokuar l\u00ebvizjen studentore t\u00eb vitit 1990, Cara theksoi se liria nuk \u00ebsht\u00eb thjesht nj\u00eb dhurat\u00eb, por nj\u00eb thesar p\u00ebr t\u00eb cilin duhet luftuar vazhdimisht.<\/p>\n<p>Deputeti Cara, theksoi se pasojat e k\u00ebsaj qeverisjeje jan\u00eb dramatike, nd\u00ebrsa shpopullimi \u00ebsht\u00eb i friksh\u00ebm&#8221;.<\/p>\n<p><strong>Igli Cara:\u00a0<\/strong>T\u00eb nderuar profesor doktor Sali Berisha.<\/p>\n<p>T\u00eb dashur demokrat\u00eb, t\u00eb dashur qytetar\u00eb t\u00eb Tiran\u00ebs, Durr\u00ebsit dhe t\u00eb gjith\u00eb Shqip\u00ebris\u00eb.<\/p>\n<p>Sot n\u00eb fakt \u00ebsht\u00eb nj\u00eb dit\u00eb e ve\u00e7ant\u00eb. \u00cbsht\u00eb 8 dhjetori. \u00cbsht\u00eb data q\u00eb p\u00ebrjet\u00ebsoi l\u00ebvizjen e student\u00ebve t\u00eb dhjetorit &#8217;90. Si nj\u00eb nga kulmet m\u00eb t\u00eb ndritura, por at\u00eb nd\u00ebrgjegj\u00ebsimit t\u00eb shoq\u00ebris\u00eb shqiptare n\u00eb dekadat e fundit.<\/p>\n<p>\u00cbsht\u00eb dita kur guximi i rinis\u00eb dhe etja e saj p\u00ebr liri kap\u00ebrcyen hijet e frik\u00ebs, duke sfiduar nj\u00eb epok\u00eb t\u00eb gjat\u00eb izolimi dhe represioni. Fati e desh t\u00eb jem pjes\u00eb e asaj l\u00ebvizje. E \u00e7do p\u00ebrvjetor m\u00eb rikujton se ndryshimet e m\u00ebdha nuk lindin kurr\u00eb rast\u00ebsisht.<\/p>\n<p>Ato lindin kur qytetar\u00ebt marrin p\u00ebrgjegj\u00ebsit\u00eb p\u00ebr fatin e vendit t\u00eb tyre, kur e kuptojn\u00eb se liria nuk \u00ebsht\u00eb nj\u00eb dhurat\u00eb, por nj\u00eb thesar p\u00ebr t\u00eb cilin duhet luftuar.<\/p>\n<p>Shoq\u00ebria ec\u00ebn p\u00ebrpara vet\u00ebm at\u00ebher\u00eb kur rinia ka hap\u00ebsir\u00ebn, guximin dhe \u00ebndrr\u00ebn p\u00ebr t\u00eb nd\u00ebrtuar t\u00eb ardhmen sipas vizionit dhe potencialit t\u00eb vet.<\/p>\n<p>Kujtesa historike mbetet themeli i domosdosh\u00ebm mbi t\u00eb cilin ngrihet nj\u00eb e ardhme m\u00eb e drejt\u00eb dhe m\u00eb humane. Liria nuk \u00ebsht\u00eb thjesht dhe vet\u00ebm nj\u00eb e drejt\u00eb apo dhurat\u00eb p\u00ebr t\u00eb folur. Liria mbi t\u00eb gjitha \u00ebsht\u00eb nj\u00eb mund\u00ebsi, nj\u00eb mund\u00ebsi p\u00ebr t\u00eb ardhmen. Por, mbi t\u00eb gjitha kjo k\u00ebrkon dhe angazhim maksimal.<\/p>\n<p>Reflektimi mbi t\u00eb shkuar\u00ebn totalitare \u00ebsht\u00eb i domosdosh\u00ebm p\u00ebr t\u00eb kuptuar pesh\u00ebn e t\u00eb drejtave q\u00eb g\u00ebzojm\u00eb sot dhe p\u00ebr t\u00eb mos lejuar q\u00eb historia t\u00eb p\u00ebrs\u00ebritet.<\/p>\n<p>Ndryshimi i dhjetorit &#8217;90 u b\u00eb i mundur sepse t\u00eb rinjt\u00eb e asaj kohe vepruan s\u00eb bashku. Nga auditoret te sheshet, duke mposhtur frik\u00ebn, duke thyer izolimin dhe duke ringjallur shpres\u00ebn.<\/p>\n<p>Me k\u00ebt\u00eb rast dua t\u00eb b\u00ebj nj\u00eb p\u00ebrsh\u00ebndetje t\u00eb ve\u00e7ant\u00eb p\u00ebr t\u00eb gjith\u00eb student\u00ebt e dhjetorit t\u00eb vitit &#8217;90 dhe n\u00eb m\u00ebnyr\u00eb t\u00eb ve\u00e7ant\u00eb p\u00ebr liderin e asaj periudhe, Azem Hajdarin.<\/p>\n<p>Dhe sot, 8 dhjetori \u00ebsht\u00eb nj\u00eb dit\u00eb reflektimi shoq\u00ebror, nj\u00eb kujtes\u00eb se rinia duhet t\u00eb ket\u00eb nj\u00eb rol m\u00eb t\u00eb madh n\u00eb jet\u00ebn publike, m\u00eb shum\u00eb mund\u00ebsi p\u00ebr t\u00eb vepruar, m\u00eb shum\u00eb hap\u00ebsir\u00eb p\u00ebr t\u00eb nd\u00ebrtuar \u00ebndrr\u00ebn e saj. Sot me t\u00eb drejt\u00eb t\u00eb gjith\u00eb kudo b\u00ebjn\u00eb pyetjen, a jemi v\u00ebrtet\u00eb t\u00eb lir\u00eb? A jemi t\u00eb lir\u00eb kur tregu sundohet nga miqt\u00eb e Ram\u00ebs? A jemi t\u00eb lir\u00eb kur pushteti ekonomik u jep privilegje vet\u00ebm nj\u00eb grushti njer\u00ebzish af\u00ebr Ram\u00ebs? A jemi t\u00eb lir\u00eb ku vota blihet? Kur administrata k\u00ebrc\u00ebnohet? Kur bandat b\u00ebjn\u00eb ligjin? A jemi t\u00eb lir\u00eb ku media b\u00ebhet pal\u00eb me pushtetin? Me nj\u00ebher\u00eb me d\u00ebshir\u00eb dhe nj\u00ebher\u00eb me k\u00ebrba\u00e7.<\/p>\n<p>A mundet t\u00eb flasim p\u00ebr liri kur korrupsioni ka arritur n\u00eb nivele marramend\u00ebse dhe kur ministra, z\u00ebvend\u00ebsministra, drejtor\u00eb, kryetar\u00eb bashkish jan\u00eb d\u00ebnuar apo jan\u00eb n\u00eb radh\u00eb kandidat\u00eb p\u00ebr burg. A mund t\u00eb flasim p\u00ebr liri kur me dosjen McGonigal vazhdon dhe z\u00ebvend\u00ebskryeministre e k\u00ebtij vendit q\u00eb mbrohet nga zoti Rama dhe ky \u00ebsht\u00eb nj\u00eb rast unik n\u00eb bot\u00eb. Nj\u00eb z\u00ebvend\u00ebskryeminist\u00ebr e kapur n\u00eb korrupsion vazhdon t\u00eb jet\u00eb n\u00eb detyr\u00eb. Korrupsioni miqt\u00eb e mi nuk \u00ebsht\u00eb gabim njer\u00ebzor, jo. Korrupsioni \u00ebsht\u00eb dhun\u00eb. \u00ebsht\u00eb dhun\u00eb ndaj t\u00eb drejt\u00ebs, dhun\u00eb ndaj mir\u00ebq\u00ebnies, dhun\u00eb ndaj shpres\u00ebs, dhun\u00eb ndaj mund\u00ebsive, dhun\u00eb ndaj \u00e7do qytetari q\u00eb p\u00ebrpiqet t\u00eb nd\u00ebrtoj\u00eb jet\u00ebn e tij.<\/p>\n<p>A e shohim ne t\u00eb gjith\u00eb k\u00ebt\u00eb realitet? Absolutisht q\u00eb po. A jemi n\u00eb gjendje t\u00eb kuptojm\u00eb q\u00eb \u00e7do marr\u00ebveshje e fsheht\u00eb, \u00e7do favor politik me pasurit\u00eb komb\u00ebtare dhe fondet publike n\u00eb thelb \u00ebsht\u00eb nj\u00eb goditje ndaj shqiptar\u00ebve dhe ndaj s\u00eb ardhmes. Po \u00e7far\u00eb \u00ebsht\u00eb n\u00eb fund kombi, Shqip\u00ebria? Jan\u00eb pik\u00ebrisht tokat, pasurit\u00eb komb\u00ebtare, familja, banor\u00ebt. A jan\u00eb k\u00ebto element\u00eb sot t\u00eb goditur r\u00ebnd\u00eb nga ky i ashtuquajtur kryeminist\u00ebr dhe banda e tij? A jan\u00eb pronat publike q\u00eb po i jepen miqve t\u00eb Ram\u00ebs dhe arriti kulmin me portin me asetin m\u00eb t\u00eb madh publik q\u00eb ka Shqip\u00ebria, me portin e Durr\u00ebsit.<\/p>\n<p>Po \u00e7far\u00eb ka sjell\u00eb kjo n\u00eb fund t\u00eb fare? Ka sjell\u00eb pik\u00ebrisht at\u00eb shpopullimin e friksh\u00ebm. Sepse sot sipas Eurostatit kemi 1.1 milion\u00eb qytetar\u00eb q\u00eb jan\u00eb larguar. Fshatra e komuna q\u00eb ekzistojn\u00eb n\u00eb let\u00ebr, sepse nuk ka m\u00eb njer\u00ebz. Kapitali m\u00eb i r\u00ebnd\u00ebsish\u00ebm q\u00eb \u00ebsht\u00eb kapitali njer\u00ebzor, sot \u00ebsht\u00eb 40% m\u00eb pak. Emigrimi nuk ka pse t\u00eb jet\u00eb fati i pashmangsh\u00ebm i f\u00ebmij\u00ebve tan\u00eb.<\/p>\n<p>Emigrimi \u00ebsht\u00eb pasoj\u00eb e padrejt\u00ebsive, e munges\u00ebs s\u00eb mund\u00ebsive. \u00cbsht\u00eb pasoj\u00eb e nj\u00eb sistemi q\u00eb nuk shp\u00ebrblen m\u00eb t\u00eb mirin, talentin dhe pun\u00ebn e ndershme. Dhe me t\u00eb drejt\u00eb t\u00eb gjith\u00eb jan\u00eb t\u00eb shqet\u00ebsuar dhe p\u00ebr goditjen e fundit q\u00eb i dhan\u00eb dhe familjes me ligjin e barazis\u00eb gjinore.<\/p>\n<p>Godit\u00ebn pik\u00ebrisht at\u00eb qeliz\u00eb, qeliz\u00ebn m\u00eb t\u00eb r\u00ebnd\u00ebsishme t\u00eb shoq\u00ebris\u00eb, q\u00eb \u00ebsht\u00eb familja. T\u00eb dashur motra dhe v\u00ebllez\u00ebr shqiptar\u00eb, liria nuk \u00ebsht\u00eb vet\u00ebm nj\u00eb fjal\u00eb, por \u00ebsht\u00eb nj\u00eb mund\u00ebsi p\u00ebr t\u00eb vepruar, p\u00ebr t\u00eb nd\u00ebrtuar t\u00eb ardhmen ton\u00eb pa pengesa.<\/p>\n<p>Fryma e dhjetorit &#8217;90 nuk \u00ebsht\u00eb dhe nuk duhet t\u00eb jet\u00eb vet\u00ebm nostalgji, por \u00ebsht\u00eb dhe duhet t\u00eb jet\u00eb thirrje p\u00ebr veprim. Koha nuk pret. Shpresa, guximi, drejt\u00ebsia duhet t\u00eb triumfojn\u00eb dhe ne duhet t\u00eb tregojm\u00eb q\u00eb jemi t\u00eb gatsh\u00ebm p\u00ebr t\u00eb q\u00ebndruar krah tyre. Sepse nj\u00eb shoq\u00ebri q\u00eb nuk e b\u00ebn k\u00ebt\u00eb, do t\u00eb jet\u00eb gjithnj\u00eb e m\u00eb shum\u00eb pa liri dhe qytetar\u00ebt pa drejt\u00ebsi.<\/p>\n<p>Sot, si at\u00ebher\u00eb, liria k\u00ebrkon q\u00eb t\u00eb jemi t\u00eb gjith\u00eb bashk\u00eb p\u00ebr t\u00eb shporrur nj\u00ebher\u00eb e mir\u00eb Ram\u00ebn e k\u00ebt\u00eb far\u00eb t\u00eb keqe rilindase q\u00eb \u00ebsht\u00eb n\u00eb pushtet. Kini besim miq, ne do t\u00eb fitojm\u00eb, e drejta do t\u00eb fitoj\u00eb.<\/p>\n<p>Nj\u00eb grusht njer\u00ebzish po rr\u00ebmbejn\u00eb vendin, Fryma e dhjetorit &#8217;90 nuk duhet t\u00eb jet\u00eb vet\u00ebm nostalgji&#8230;<\/p>\n","protected":false},"excerpt":{"rendered":"<p>&nbsp; Deputeti i PD, Igli Cara, n\u00eb nj\u00eb fjalim t\u00eb mbajtur me rastin e 8 Dhjetorit, n\u00eb foltoren e opozit\u00ebs para kryeministris\u00eb tha se sot n\u00eb Shqip\u00ebri mbizot\u00ebron korrupsioni, klientelizmi dhe shpopullimi masiv. Duke evokuar l\u00ebvizjen studentore t\u00eb vitit 1990, Cara theksoi se liria nuk \u00ebsht\u00eb thjesht nj\u00eb dhurat\u00eb, por nj\u00eb thesar p\u00ebr t\u00eb cilin &hellip;<\/p>\n","protected":false},"author":4,"featured_media":43838,"comment_status":"closed","ping_status":"closed","sticky":false,"template":"","format":"standard","meta":{"footnotes":""},"categories":[37],"tags":[],"class_list":["post-130509","post","type-post","status-publish","format-standard","has-post-thumbnail","","category-politike"],"_links":{"self":[{"href":"https:\/\/rdnews.al\/index.php\/wp-json\/wp\/v2\/posts\/130509","targetHints":{"allow":["GET"]}}],"collection":[{"href":"https:\/\/rdnews.al\/index.php\/wp-json\/wp\/v2\/posts"}],"about":[{"href":"https:\/\/rdnews.al\/index.php\/wp-json\/wp\/v2\/types\/post"}],"author":[{"embeddable":true,"href":"https:\/\/rdnews.al\/index.php\/wp-json\/wp\/v2\/users\/4"}],"replies":[{"embeddable":true,"href":"https:\/\/rdnews.al\/index.php\/wp-json\/wp\/v2\/comments?post=130509"}],"version-history":[{"count":1,"href":"https:\/\/rdnews.al\/index.php\/wp-json\/wp\/v2\/posts\/130509\/revisions"}],"predecessor-version":[{"id":130510,"href":"https:\/\/rdnews.al\/index.php\/wp-json\/wp\/v2\/posts\/130509\/revisions\/130510"}],"wp:featuredmedia":[{"embeddable":true,"href":"https:\/\/rdnews.al\/index.php\/wp-json\/wp\/v2\/media\/43838"}],"wp:attachment":[{"href":"https:\/\/rdnews.al\/index.php\/wp-json\/wp\/v2\/media?parent=130509"}],"wp:term":[{"taxonomy":"category","embeddable":true,"href":"https:\/\/rdnews.al\/index.php\/wp-json\/wp\/v2\/categories?post=130509"},{"taxonomy":"post_tag","embeddable":true,"href":"https:\/\/rdnews.al\/index.php\/wp-json\/wp\/v2\/tags?post=130509"}],"curies":[{"name":"wp","href":"https:\/\/api.w.org\/{rel}","templated":true}]}}