{"id":130548,"date":"2025-12-09T12:20:29","date_gmt":"2025-12-09T12:20:29","guid":{"rendered":"https:\/\/rdnews.al\/?p=130548"},"modified":"2025-12-09T22:49:17","modified_gmt":"2025-12-09T22:49:17","slug":"rama-fut-kandidatin-e-tij-pd-terhiqet-nga-procesi-i-avokatit-te-popullit","status":"publish","type":"post","link":"https:\/\/rdnews.al\/index.php\/2025\/12\/09\/rama-fut-kandidatin-e-tij-pd-terhiqet-nga-procesi-i-avokatit-te-popullit\/","title":{"rendered":"Rama fut kandidatin e tij\/ PD t\u00ebrhiqet nga procesi i Avokatit t\u00eb Popullit"},"content":{"rendered":"<p>Kryetari i PD, Berisha deklaroi sot se PD t\u00ebrhiqet nga procesi i zgjedhjes s\u00eb Avokatit t\u00eb Popullit pas futjes s\u00eb kandidaturave t\u00eb reja nga Rama, i cili m\u00eb par\u00eb kishte deklaruar p\u00ebrmes Ball\u00ebs se Avokati i Popullit do ti lihej opozit\u00ebs.<\/p>\n","protected":false},"excerpt":{"rendered":"<p>Kryetari i PD, Berisha deklaroi sot se PD t\u00ebrhiqet nga procesi i zgjedhjes s\u00eb Avokatit t\u00eb Popullit pas futjes s\u00eb kandidaturave t\u00eb reja nga Rama, i cili m\u00eb par\u00eb kishte deklaruar p\u00ebrmes Ball\u00ebs se Avokati i Popullit do ti lihej opozit\u00ebs.<\/p>\n","protected":false},"author":3,"featured_media":130552,"comment_status":"closed","ping_status":"closed","sticky":false,"template":"","format":"standard","meta":{"footnotes":""},"categories":[37],"tags":[],"class_list":["post-130548","post","type-post","status-publish","format-standard","has-post-thumbnail","","category-politike"],"_links":{"self":[{"href":"https:\/\/rdnews.al\/index.php\/wp-json\/wp\/v2\/posts\/130548","targetHints":{"allow":["GET"]}}],"collection":[{"href":"https:\/\/rdnews.al\/index.php\/wp-json\/wp\/v2\/posts"}],"about":[{"href":"https:\/\/rdnews.al\/index.php\/wp-json\/wp\/v2\/types\/post"}],"author":[{"embeddable":true,"href":"https:\/\/rdnews.al\/index.php\/wp-json\/wp\/v2\/users\/3"}],"replies":[{"embeddable":true,"href":"https:\/\/rdnews.al\/index.php\/wp-json\/wp\/v2\/comments?post=130548"}],"version-history":[{"count":1,"href":"https:\/\/rdnews.al\/index.php\/wp-json\/wp\/v2\/posts\/130548\/revisions"}],"predecessor-version":[{"id":130553,"href":"https:\/\/rdnews.al\/index.php\/wp-json\/wp\/v2\/posts\/130548\/revisions\/130553"}],"wp:featuredmedia":[{"embeddable":true,"href":"https:\/\/rdnews.al\/index.php\/wp-json\/wp\/v2\/media\/130552"}],"wp:attachment":[{"href":"https:\/\/rdnews.al\/index.php\/wp-json\/wp\/v2\/media?parent=130548"}],"wp:term":[{"taxonomy":"category","embeddable":true,"href":"https:\/\/rdnews.al\/index.php\/wp-json\/wp\/v2\/categories?post=130548"},{"taxonomy":"post_tag","embeddable":true,"href":"https:\/\/rdnews.al\/index.php\/wp-json\/wp\/v2\/tags?post=130548"}],"curies":[{"name":"wp","href":"https:\/\/api.w.org\/{rel}","templated":true}]}}