{"id":130557,"date":"2025-12-09T12:36:06","date_gmt":"2025-12-09T12:36:06","guid":{"rendered":"https:\/\/rdnews.al\/?p=130557"},"modified":"2025-12-09T12:53:16","modified_gmt":"2025-12-09T12:53:16","slug":"presionet-ndaj-kushtetueses-berisha-paralajmeroj-ramen-se-do-kete-pasoja-direkt-mbi-te","status":"publish","type":"post","link":"https:\/\/rdnews.al\/index.php\/2025\/12\/09\/presionet-ndaj-kushtetueses-berisha-paralajmeroj-ramen-se-do-kete-pasoja-direkt-mbi-te\/","title":{"rendered":"K\u00ebrc\u00ebnime me metoda kriminale ndaj Kushtetueses\/ Berisha paralajm\u00ebron Ram\u00ebn: Pasoja direkte ndaj teje"},"content":{"rendered":"<p>Kryetari i PD, Sali Berisha, theksoi se presioni i ushtruar ndaj Gjykat\u00ebs Kushtetuese nga qeveria p\u00ebr \u00e7\u00ebshtjen e pezullimit t\u00eb ministres Balluku p\u00ebrb\u00ebn nj\u00eb precedent t\u00eb rreziksh\u00ebm dhe t\u00eb paprecedent\u00eb, ku Edi Rama p\u00ebrmes tentativave t\u00eb paligjshme, syno t\u00eb pengojn\u00eb luft\u00ebn kund\u00ebr korrupsionit.<br \/>\nBerisha paralajm\u00ebroi se nj\u00eb veprim i till\u00eb do t\u00eb ket\u00eb pasoja t\u00eb drejtp\u00ebrdrejta politike p\u00ebr kryeministrin, nd\u00ebrsa u b\u00ebri thirrje qytetar\u00ebve t\u00eb mos pranojn\u00eb at\u00eb q\u00eb e cil\u00ebsoi si turp\u00ebrim kushtetues dhe t\u00eb mbrojn\u00eb z\u00ebrin e tyre n\u00eb k\u00ebt\u00eb proces.<br \/>\n&#8220;Jam k\u00ebtu gjithashtu p\u00ebr t\u00eb d\u00ebnuar p\u00ebrs\u00ebri me forc\u00ebn m\u00eb t\u00eb madhe presionin e jasht\u00ebzakonsh\u00ebm, t\u00eb pad\u00ebgjuar kurr\u00eb m\u00eb par\u00eb mbi Gjykat\u00ebn Kushtetuese, metodat antiligjore dhe antikushtetuese q\u00eb po p\u00ebrdoren p\u00ebr t\u2019i diktuar k\u00ebsaj gjykate vendimin e Edi Ram\u00ebs, me t\u00eb cilin po bllokon luft\u00ebn kund\u00ebr korrupsionin, p\u00ebr t\u00eb mbrojtur veten e tij dhe Lubi Ballukun nga vjedhja e 50 milion\u00eb eurove n\u00eb tunelin e Llogaras\u00eb.<br \/>\nSulmet ndaj Gjykat\u00ebs Kushtetuese n\u00eb k\u00ebt\u00eb \u00e7\u00ebshtje jan\u00eb t\u00eb papara ndonj\u00ebher\u00eb n\u00eb historin\u00eb e k\u00ebtij vendi.<br \/>\nK\u00ebrc\u00ebnimet, paritja dhe metoda t\u00eb tjera kriminale po p\u00ebrdoren nga m\u00ebngjesi gjer n\u00eb dark\u00eb.<br \/>\nPik\u00ebrisht p\u00ebr shkak t\u00eb tyre, Gjykata, n\u00eb kund\u00ebrshtim me \u00e7do ligj dhe precedent, pranoi t\u00eb shqyrtoj\u00eb k\u00ebrkes\u00ebn dhe u dha edhe koh\u00ebn e mjaftueshme p\u00ebr t\u00eb ushtruar t\u00eb gjitha format e presionit.<br \/>\nQytetar\u00eb dhe qytetare, mbetet vet\u00ebm fjala dhe guximin juaj p\u00ebr t\u00eb folur p\u00ebr veten, p\u00ebr \u00e7do shqiptar, kudo q\u00eb \u00ebsht\u00eb dhe p\u00ebr mbar\u00eb Europ\u00ebn dhe bot\u00ebn.<br \/>\nMe k\u00ebt\u00eb rast, paralajm\u00ebroj Edi Ram\u00ebn se k\u00ebto q\u00ebndrimet e tij dhe kjo p\u00ebrpjekje p\u00ebr t\u00eb mbrojtur veten e tij p\u00ebrmes Gjykat\u00ebs Kushtetuese, do ken\u00eb pasoja direkt mbi t\u00eb.<br \/>\nSe populli shqiptar nuk do ta pranoj\u00eb kurr\u00eb nj\u00eb turp\u00ebrim t\u00eb till\u00eb.<br \/>\nMashtrimi i tij duke cituar dit\u00eb m\u00eb par\u00eb n\u00eb disa paragraf\u00eb Komisionin e Venecias, mori p\u00ebrgjigjen m\u00eb t\u00eb merituar nga ekspert\u00eb t\u00eb shquar se ky Komision nuk ka asnj\u00eb paragraf n\u00eb t\u00eb cilin t\u00eb shprehet se nuk mund t\u00eb pezullohet ministri.<br \/>\nAbsolutisht.<br \/>\nP\u00ebrkundrazi ka paragraf\u00eb n\u00eb t\u00eb cilat pezullimin e vler\u00ebson si akt kushtetues.<br \/>\nTani, nuk e p\u00ebrmend m\u00eb, duket se ka pasur reagime, nga Komisioni apo nga t\u00eb tjer\u00eb.<br \/>\nTani ka hequr dor\u00eb.<br \/>\nTani ka vet\u00ebm hallin e tij.<br \/>\nPor hallin e tij e ka krijuar vet\u00eb duke urdh\u00ebruar Lubi Ballukun, duke e b\u00ebr\u00eb at\u00eb bashk\u00ebpun\u00ebtor\u00eb n\u00eb krim.<br \/>\nEdi Rama \u00ebsht\u00eb pa kurrfar\u00eb mbrojtje tani.<br \/>\nAjo e ka marr\u00eb vendimin, do t\u00eb t\u00eb marr me vete.<br \/>\nUn\u00eb vler\u00ebsoj reagimin e shoqat\u00ebs s\u00eb gjyqtar\u00ebve.<br \/>\nE vler\u00ebsoj at\u00eb si nj\u00eb reagim n\u00eb mbrojtje t\u00eb ligjit dhe Kushtetut\u00ebs&#8221;, u shpreh Berisha.<\/p>\n","protected":false},"excerpt":{"rendered":"<p>Kryetari i PD, Sali Berisha, theksoi se presioni i ushtruar ndaj Gjykat\u00ebs Kushtetuese nga qeveria p\u00ebr \u00e7\u00ebshtjen e pezullimit t\u00eb ministres Balluku p\u00ebrb\u00ebn nj\u00eb precedent t\u00eb rreziksh\u00ebm dhe t\u00eb paprecedent\u00eb, ku Edi Rama p\u00ebrmes tentativave t\u00eb paligjshme, syno t\u00eb pengojn\u00eb luft\u00ebn kund\u00ebr korrupsionit. Berisha paralajm\u00ebroi se nj\u00eb veprim i till\u00eb do t\u00eb ket\u00eb pasoja t\u00eb &hellip;<\/p>\n","protected":false},"author":4,"featured_media":130569,"comment_status":"closed","ping_status":"closed","sticky":false,"template":"","format":"standard","meta":{"footnotes":""},"categories":[37],"tags":[],"class_list":["post-130557","post","type-post","status-publish","format-standard","has-post-thumbnail","","category-politike"],"_links":{"self":[{"href":"https:\/\/rdnews.al\/index.php\/wp-json\/wp\/v2\/posts\/130557","targetHints":{"allow":["GET"]}}],"collection":[{"href":"https:\/\/rdnews.al\/index.php\/wp-json\/wp\/v2\/posts"}],"about":[{"href":"https:\/\/rdnews.al\/index.php\/wp-json\/wp\/v2\/types\/post"}],"author":[{"embeddable":true,"href":"https:\/\/rdnews.al\/index.php\/wp-json\/wp\/v2\/users\/4"}],"replies":[{"embeddable":true,"href":"https:\/\/rdnews.al\/index.php\/wp-json\/wp\/v2\/comments?post=130557"}],"version-history":[{"count":4,"href":"https:\/\/rdnews.al\/index.php\/wp-json\/wp\/v2\/posts\/130557\/revisions"}],"predecessor-version":[{"id":130570,"href":"https:\/\/rdnews.al\/index.php\/wp-json\/wp\/v2\/posts\/130557\/revisions\/130570"}],"wp:featuredmedia":[{"embeddable":true,"href":"https:\/\/rdnews.al\/index.php\/wp-json\/wp\/v2\/media\/130569"}],"wp:attachment":[{"href":"https:\/\/rdnews.al\/index.php\/wp-json\/wp\/v2\/media?parent=130557"}],"wp:term":[{"taxonomy":"category","embeddable":true,"href":"https:\/\/rdnews.al\/index.php\/wp-json\/wp\/v2\/categories?post=130557"},{"taxonomy":"post_tag","embeddable":true,"href":"https:\/\/rdnews.al\/index.php\/wp-json\/wp\/v2\/tags?post=130557"}],"curies":[{"name":"wp","href":"https:\/\/api.w.org\/{rel}","templated":true}]}}