{"id":130566,"date":"2025-12-09T12:49:49","date_gmt":"2025-12-09T12:49:49","guid":{"rendered":"https:\/\/rdnews.al\/?p=130566"},"modified":"2025-12-09T22:46:38","modified_gmt":"2025-12-09T22:46:38","slug":"zgjedhja-e-ketes-ne-krye-te-bkh-berisha-procedure-normale-nuk-kam-asnje-njohuri-per-kete-person","status":"publish","type":"post","link":"https:\/\/rdnews.al\/index.php\/2025\/12\/09\/zgjedhja-e-ketes-ne-krye-te-bkh-berisha-procedure-normale-nuk-kam-asnje-njohuri-per-kete-person\/","title":{"rendered":"Zgjedhja e Ket\u00ebs n\u00eb krye t\u00eb BKH\/ Berisha: Procedur\u00eb normale, nuk kam asnj\u00eb njohuri p\u00ebr k\u00ebt\u00eb person"},"content":{"rendered":"<p>Kryetari i PD, Sali Berisha i \u00ebsht\u00eb p\u00ebrgjigjur pyetjeve t\u00eb gazetar\u00ebve, n\u00eb lidhje me zgjedhjen e Joni Keta si drejtuesi i ri i BKH.<\/p>\n<p>N\u00eb fjal\u00ebn e tij, Berisha theksoi se nuk ka asnj\u00eb njohje me Ket\u00ebn dhe se zgjedhja e tij \u00ebsht\u00eb b\u00ebr\u00eb me procedur\u00eb normale.<\/p>\n<p>Berisha: Procedur\u00eb normale, p\u00ebr personin un\u00eb nuk kam asnj\u00eb njohuri p\u00ebr t\u00eb.<\/p>\n<p>Dhe kam nj\u00eb ligj dhe nj\u00eb rregull, p\u00ebr personat q\u00eb nuk i njoh, nuk flas kurr\u00eb.<\/p>\n<p>Nuk kam asnj\u00eb lloj njohje, po as edhe ndonj\u00eb&#8230; po t\u00eb b\u00ebj nj\u00eb kontroll n\u00eb arkiv\u00ebn time dixhitale, ai nuk del kund.<\/p>\n<p>Nuk kam.<\/p>\n","protected":false},"excerpt":{"rendered":"<p>Kryetari i PD, Sali Berisha i \u00ebsht\u00eb p\u00ebrgjigjur pyetjeve t\u00eb gazetar\u00ebve, n\u00eb lidhje me zgjedhjen e Joni Keta si drejtuesi i ri i BKH. N\u00eb fjal\u00ebn e tij, Berisha theksoi se nuk ka asnj\u00eb njohje me Ket\u00ebn dhe se zgjedhja e tij \u00ebsht\u00eb b\u00ebr\u00eb me procedur\u00eb normale. Berisha: Procedur\u00eb normale, p\u00ebr personin un\u00eb nuk kam &hellip;<\/p>\n","protected":false},"author":4,"featured_media":130550,"comment_status":"closed","ping_status":"closed","sticky":false,"template":"","format":"standard","meta":{"footnotes":""},"categories":[134],"tags":[],"class_list":["post-130566","post","type-post","status-publish","format-standard","has-post-thumbnail","","category-news"],"_links":{"self":[{"href":"https:\/\/rdnews.al\/index.php\/wp-json\/wp\/v2\/posts\/130566","targetHints":{"allow":["GET"]}}],"collection":[{"href":"https:\/\/rdnews.al\/index.php\/wp-json\/wp\/v2\/posts"}],"about":[{"href":"https:\/\/rdnews.al\/index.php\/wp-json\/wp\/v2\/types\/post"}],"author":[{"embeddable":true,"href":"https:\/\/rdnews.al\/index.php\/wp-json\/wp\/v2\/users\/4"}],"replies":[{"embeddable":true,"href":"https:\/\/rdnews.al\/index.php\/wp-json\/wp\/v2\/comments?post=130566"}],"version-history":[{"count":1,"href":"https:\/\/rdnews.al\/index.php\/wp-json\/wp\/v2\/posts\/130566\/revisions"}],"predecessor-version":[{"id":130567,"href":"https:\/\/rdnews.al\/index.php\/wp-json\/wp\/v2\/posts\/130566\/revisions\/130567"}],"wp:featuredmedia":[{"embeddable":true,"href":"https:\/\/rdnews.al\/index.php\/wp-json\/wp\/v2\/media\/130550"}],"wp:attachment":[{"href":"https:\/\/rdnews.al\/index.php\/wp-json\/wp\/v2\/media?parent=130566"}],"wp:term":[{"taxonomy":"category","embeddable":true,"href":"https:\/\/rdnews.al\/index.php\/wp-json\/wp\/v2\/categories?post=130566"},{"taxonomy":"post_tag","embeddable":true,"href":"https:\/\/rdnews.al\/index.php\/wp-json\/wp\/v2\/tags?post=130566"}],"curies":[{"name":"wp","href":"https:\/\/api.w.org\/{rel}","templated":true}]}}