{"id":130571,"date":"2025-12-09T12:54:11","date_gmt":"2025-12-09T12:54:11","guid":{"rendered":"https:\/\/rdnews.al\/?p=130571"},"modified":"2025-12-09T22:47:05","modified_gmt":"2025-12-09T22:47:05","slug":"berisha-ne-terhiqemi-totalisht-nga-procesi-i-zgjedhjes-se-avokatit-te-popullit-narko-mazhoranca-beri-nje-loje-te-turpshme","status":"publish","type":"post","link":"https:\/\/rdnews.al\/index.php\/2025\/12\/09\/berisha-ne-terhiqemi-totalisht-nga-procesi-i-zgjedhjes-se-avokatit-te-popullit-narko-mazhoranca-beri-nje-loje-te-turpshme\/","title":{"rendered":"Berisha: Ne t\u00ebrhiqemi totalisht nga procesi i zgjedhjes s\u00eb Avokatit t\u00eb Popullit! Narko-mazhoranca b\u00ebri nj\u00eb loj\u00eb t\u00eb turpshme"},"content":{"rendered":"<p>Lideri i opozit\u00ebs, Sali Berisha theksoi se, Partia Demokratike \u00ebsht\u00eb t\u00ebrhequr t\u00ebr\u00ebsisht nga procesi i zgjedhjes s\u00eb Avokatit t\u00eb Popullit, ku mazhorana duket se ka zhvilluar nj\u00eb \u201cloj\u00eb t\u00eb turpshme\u201d dhe nj\u00eb proces fars\u00eb q\u00eb synon t\u00eb imponoj\u00eb kandidatin e qeveris\u00eb pavar\u00ebsisht marr\u00ebveshjeve t\u00eb deklaruara m\u00eb her\u00ebt.<br \/>\nBerisha deklaroi se PD ka t\u00ebrhequr firmat nga t\u00eb gjitha kandidaturat, p\u00ebrve\u00e7 atyre t\u00eb paraqitura prej saj, nd\u00ebrsa mazhoranca refuzon t\u00eb njoh\u00eb k\u00ebt\u00eb t\u00ebrheqje, duke konfirmuar manipulimin e procesit.<br \/>\n&#8220;Narko-mazhoranca ka b\u00ebr\u00eb nj\u00eb loj\u00eb t\u00eb turpshme me k\u00ebt\u00eb, por ne e kemi ndjekur.<br \/>\nNe kemi qen\u00eb t\u00eb bindur n\u00eb intrigat dhe banalitetin e tyre.<br \/>\nN\u00eb qoft\u00eb se u kujtohet, n\u00eb nj\u00eb nga dit\u00ebt, po k\u00ebtu, Taulant Toyota Yaris, me shum\u00eb mbiemra, informoi se at\u00eb ia kemi l\u00ebn\u00eb opozit\u00ebs dhe un\u00eb u thash\u00eb ju se ata do pendohen.<br \/>\nDhe tani tregojn\u00eb se u penduan.<br \/>\nMund t\u00eb imagjinoni k\u00ebt\u00eb?<br \/>\nOpozita ka t\u00ebrhequr t\u00eb gjitha firmat p\u00ebr t\u00eb gjith\u00eb kandidaturat e tjera, p\u00ebrve\u00e7 kandidaturave t\u00eb p\u00ebrzgjedhura vet\u00eb, t\u00eb cilat jan\u00eb Besim Ndregjoni, Adriana Kalaja, Jola Hysaj, Aranita Brahaj, Haluci, Dardan Mustafa.<br \/>\nK\u00ebta jan\u00eb kandidaturat tona.<br \/>\nTani \u00e7far\u00eb b\u00ebn\u00eb sot?<br \/>\nSot fut\u00ebn kandidatur\u00ebn e tyre, i cili n\u00eb kuadrin e 27 kandidaturave, kishte marr\u00eb firmat.<br \/>\nPor ne i t\u00ebrhoq\u00ebm firmat.<br \/>\nDhe Ulsi Manja me Taon thon\u00eb se nuk njohim t\u00ebrheqjen e firmave, arrijn\u00eb gjer n\u00eb k\u00ebt\u00eb deklarat\u00eb t\u00eb turpshme p\u00ebr t\u00eb nxjerr\u00eb at\u00eb q\u00eb thot\u00eb Edi Rama.<br \/>\nK\u00ebshtu q\u00eb ne t\u00ebrhiqemi totalisht nga procesi.<br \/>\nNe nuk jemi m\u00eb pal\u00eb n\u00eb procesin e zgjedhjes s\u00eb Avokatit t\u00eb Popullit.<br \/>\nKjo \u00ebsht\u00eb nj\u00eb histori e turpshme e Edi Ram\u00ebs, q\u00eb u p\u00ebrpoq, por ne absolutisht n\u00eb nj\u00eb fars\u00eb nuk marrim pjes\u00eb.<br \/>\nN\u00eb qoft\u00eb se ia l\u00ebn\u00eb PD-n\u00eb, ne u treguam t\u00eb arsyesh\u00ebm, ne nuk tham\u00eb ose ky, ose asnj\u00eb tjet\u00ebr.<br \/>\nNe paraqit\u00ebm disa kandidatura, ata shtuan kandidatur\u00ebn e tyre.<br \/>\n\u00cbsht\u00eb Endri Shabani.<br \/>\nPD t\u00ebrhiqet nga procesi.<br \/>\nPD nuk merr pjes\u00eb n\u00eb proces.<br \/>\nKy \u00ebsht\u00eb nj\u00eb turp i tyre.<br \/>\nPara kat\u00ebr dit\u00ebsh si\u00e7 e dini ju deklaruan se ia lam\u00eb opozit\u00ebs, ia lam\u00eb PD-s\u00eb, dhe tani thon\u00eb nuk njohim t\u00ebrheqjen e firmave.<br \/>\nFirmat jan\u00eb t\u00eb t\u00ebrhequra dhe ne nuk marrim pjes\u00eb n\u00eb proces&#8221;, u shpreh Berisha.<\/p>\n","protected":false},"excerpt":{"rendered":"<p>Lideri i opozit\u00ebs, Sali Berisha theksoi se, Partia Demokratike \u00ebsht\u00eb t\u00ebrhequr t\u00ebr\u00ebsisht nga procesi i zgjedhjes s\u00eb Avokatit t\u00eb Popullit, ku mazhorana duket se ka zhvilluar nj\u00eb \u201cloj\u00eb t\u00eb turpshme\u201d dhe nj\u00eb proces fars\u00eb q\u00eb synon t\u00eb imponoj\u00eb kandidatin e qeveris\u00eb pavar\u00ebsisht marr\u00ebveshjeve t\u00eb deklaruara m\u00eb her\u00ebt. Berisha deklaroi se PD ka t\u00ebrhequr firmat nga &hellip;<\/p>\n","protected":false},"author":4,"featured_media":130546,"comment_status":"closed","ping_status":"closed","sticky":false,"template":"","format":"standard","meta":{"footnotes":""},"categories":[134],"tags":[],"class_list":["post-130571","post","type-post","status-publish","format-standard","has-post-thumbnail","","category-news"],"_links":{"self":[{"href":"https:\/\/rdnews.al\/index.php\/wp-json\/wp\/v2\/posts\/130571","targetHints":{"allow":["GET"]}}],"collection":[{"href":"https:\/\/rdnews.al\/index.php\/wp-json\/wp\/v2\/posts"}],"about":[{"href":"https:\/\/rdnews.al\/index.php\/wp-json\/wp\/v2\/types\/post"}],"author":[{"embeddable":true,"href":"https:\/\/rdnews.al\/index.php\/wp-json\/wp\/v2\/users\/4"}],"replies":[{"embeddable":true,"href":"https:\/\/rdnews.al\/index.php\/wp-json\/wp\/v2\/comments?post=130571"}],"version-history":[{"count":1,"href":"https:\/\/rdnews.al\/index.php\/wp-json\/wp\/v2\/posts\/130571\/revisions"}],"predecessor-version":[{"id":130572,"href":"https:\/\/rdnews.al\/index.php\/wp-json\/wp\/v2\/posts\/130571\/revisions\/130572"}],"wp:featuredmedia":[{"embeddable":true,"href":"https:\/\/rdnews.al\/index.php\/wp-json\/wp\/v2\/media\/130546"}],"wp:attachment":[{"href":"https:\/\/rdnews.al\/index.php\/wp-json\/wp\/v2\/media?parent=130571"}],"wp:term":[{"taxonomy":"category","embeddable":true,"href":"https:\/\/rdnews.al\/index.php\/wp-json\/wp\/v2\/categories?post=130571"},{"taxonomy":"post_tag","embeddable":true,"href":"https:\/\/rdnews.al\/index.php\/wp-json\/wp\/v2\/tags?post=130571"}],"curies":[{"name":"wp","href":"https:\/\/api.w.org\/{rel}","templated":true}]}}