{"id":130582,"date":"2025-12-09T17:32:12","date_gmt":"2025-12-09T17:32:12","guid":{"rendered":"https:\/\/rdnews.al\/?p=130582"},"modified":"2025-12-09T17:32:12","modified_gmt":"2025-12-09T17:32:12","slug":"topalli-ps-nuk-po-voton-nje-avokat-te-popullit-por-nje-avokat-te-pushtetit","status":"publish","type":"post","link":"https:\/\/rdnews.al\/index.php\/2025\/12\/09\/topalli-ps-nuk-po-voton-nje-avokat-te-popullit-por-nje-avokat-te-pushtetit\/","title":{"rendered":"Topalli: PS nuk po voton nj\u00eb Avokat t\u00eb Popullit, por nj\u00eb avokat t\u00eb pushtetit!"},"content":{"rendered":"<p class=\"TableParagraph\"><strong>Nga Jozefina TOPALLI<\/strong><\/p>\n<p class=\"TableParagraph\">Sot nuk po diskutojm\u00eb m\u00eb p\u00ebr Avokatin e Popullit, por p\u00ebr m\u00ebnyr\u00ebn se si pushteti e kupton ligjin: si formalitet q\u00eb zgjat deri sa t\u2019i sh\u00ebrbej\u00eb, e hidhet tej sapo nuk i duhet m\u00eb.<\/p>\n<p>Disa deputet\u00eb kan\u00eb t\u00ebrhequr firmat. Kjo, n\u00eb \u00e7do parlament normal, do t\u00eb thoshte ndalim i menj\u00ebhersh\u00ebm i procesit dhe rihapje e procedur\u00ebs. Por jo k\u00ebtu. K\u00ebtu mazhoranca vendos t\u00eb ec\u00eb p\u00ebrpara sikur asgj\u00eb t\u00eb mos ket\u00eb ndodhur, sepse kandidati \u00ebsht\u00eb \u201ci tyre\u201d dhe ligji duhet t\u2019i bindet vullnetit t\u00eb PS-s\u00eb, jo anasjelltas.<\/p>\n<p>Ky nuk \u00ebsht\u00eb vet\u00ebm nj\u00eb absurditet procedurial; \u00ebsht\u00eb dhunim i vet\u00eb funksionit t\u00eb Avokatit t\u00eb Popullit. Si mund t\u00eb mbroj\u00eb qytetar\u00ebt nj\u00eb institucion q\u00eb lind nga nj\u00eb proces i paligjsh\u00ebm dhe i imponuar? Si mund t\u00eb quhet i pavarur nj\u00eb kandidat q\u00eb votohet me forc\u00eb, edhe kur bien firmat q\u00eb e kan\u00eb sjell\u00eb k\u00ebtu?<\/p>\n<p>Sot PS nuk po voton nj\u00eb Avokat t\u00eb Popullit. Po voton nj\u00eb avokat t\u00eb pushtetit. Dhe ky \u00ebsht\u00eb nj\u00eb mesazh i rreziksh\u00ebm: se ligji vlen vet\u00ebm kur firmat jan\u00eb n\u00eb favor t\u00eb qeveris\u00eb \u2014 kur jo, shp\u00ebrfillen. Ky \u00ebsht\u00eb standardi i nj\u00eb pushteti q\u00eb ka frik\u00eb nga \u00e7do institucion i pavarur.<\/p>\n","protected":false},"excerpt":{"rendered":"<p>Nga Jozefina TOPALLI Sot nuk po diskutojm\u00eb m\u00eb p\u00ebr Avokatin e Popullit, por p\u00ebr m\u00ebnyr\u00ebn se si pushteti e kupton ligjin: si formalitet q\u00eb zgjat deri sa t\u2019i sh\u00ebrbej\u00eb, e hidhet tej sapo nuk i duhet m\u00eb. Disa deputet\u00eb kan\u00eb t\u00ebrhequr firmat. Kjo, n\u00eb \u00e7do parlament normal, do t\u00eb thoshte ndalim i menj\u00ebhersh\u00ebm i procesit &hellip;<\/p>\n","protected":false},"author":4,"featured_media":107053,"comment_status":"closed","ping_status":"closed","sticky":false,"template":"","format":"standard","meta":{"footnotes":""},"categories":[37],"tags":[],"class_list":["post-130582","post","type-post","status-publish","format-standard","has-post-thumbnail","","category-politike"],"_links":{"self":[{"href":"https:\/\/rdnews.al\/index.php\/wp-json\/wp\/v2\/posts\/130582","targetHints":{"allow":["GET"]}}],"collection":[{"href":"https:\/\/rdnews.al\/index.php\/wp-json\/wp\/v2\/posts"}],"about":[{"href":"https:\/\/rdnews.al\/index.php\/wp-json\/wp\/v2\/types\/post"}],"author":[{"embeddable":true,"href":"https:\/\/rdnews.al\/index.php\/wp-json\/wp\/v2\/users\/4"}],"replies":[{"embeddable":true,"href":"https:\/\/rdnews.al\/index.php\/wp-json\/wp\/v2\/comments?post=130582"}],"version-history":[{"count":1,"href":"https:\/\/rdnews.al\/index.php\/wp-json\/wp\/v2\/posts\/130582\/revisions"}],"predecessor-version":[{"id":130583,"href":"https:\/\/rdnews.al\/index.php\/wp-json\/wp\/v2\/posts\/130582\/revisions\/130583"}],"wp:featuredmedia":[{"embeddable":true,"href":"https:\/\/rdnews.al\/index.php\/wp-json\/wp\/v2\/media\/107053"}],"wp:attachment":[{"href":"https:\/\/rdnews.al\/index.php\/wp-json\/wp\/v2\/media?parent=130582"}],"wp:term":[{"taxonomy":"category","embeddable":true,"href":"https:\/\/rdnews.al\/index.php\/wp-json\/wp\/v2\/categories?post=130582"},{"taxonomy":"post_tag","embeddable":true,"href":"https:\/\/rdnews.al\/index.php\/wp-json\/wp\/v2\/tags?post=130582"}],"curies":[{"name":"wp","href":"https:\/\/api.w.org\/{rel}","templated":true}]}}