{"id":130664,"date":"2025-12-10T18:56:10","date_gmt":"2025-12-10T18:56:10","guid":{"rendered":"https:\/\/rdnews.al\/?p=130664"},"modified":"2025-12-10T22:27:24","modified_gmt":"2025-12-10T22:27:24","slug":"sot-kemi-detyrimin-e-madh-te-luftojme-per-respektimin-e-te-drejtave-te-njeriut","status":"publish","type":"post","link":"https:\/\/rdnews.al\/index.php\/2025\/12\/10\/sot-kemi-detyrimin-e-madh-te-luftojme-per-respektimin-e-te-drejtave-te-njeriut\/","title":{"rendered":"Sot kemi detyrimin e madh t\u00eb luftojm\u00eb p\u00ebr respektimin e t\u00eb Drejtave t\u00eb Njeriut!"},"content":{"rendered":"<p><strong><em>Nga Bujar Leskaj<\/em><\/strong><\/p>\n<p><strong>-Data 10 Dhjetor sh\u00ebnon Dit\u00ebn Nd\u00ebrkomb\u00ebtare t\u00eb t\u00eb Drejtave t\u00eb Njeriut-<\/strong><\/p>\n<p>77 vite m\u00eb par\u00eb, n\u00eb 10 Dhjetor t\u00eb vitit t\u00eb vitit 1948 u miratua nga Asambleja e P\u00ebrgjithshme e Kombeve t\u00eb Bashkuara, Deklarata Universale p\u00ebr t\u00eb Drejtat e Njeriut.<\/p>\n<p>Deklarata lindi si p\u00ebrgjigje ndaj tmerreve t\u00eb Luft\u00ebs s\u00eb Dyt\u00eb Bot\u00ebrore dhe p\u00ebrfaq\u00ebson p\u00ebrpjekjen e par\u00eb globale p\u00ebr mbrojtjen e atyre t\u00eb drejtave q\u00eb shum\u00eb njer\u00ebz besonin se ishin t\u00eb drejta themelore q\u00eb i takojn\u00eb t\u00eb gjitha q\u00ebnieve njer\u00ebzore.<\/p>\n<p>Edhe pse kan\u00eb kaluar rreth 77 vite nga miratimi i k\u00ebsaj deklarate, mosrespektimi i t\u00eb drejtave t\u00eb njeriut vazhdon t\u00eb jet\u00eb nj\u00eb problem me p\u00ebrhapje t\u00eb gjer\u00eb n\u00eb disa vende t\u00eb ndryshme t\u00eb Bot\u00ebs, duke p\u00ebrfshir\u00eb dhe vendin ton\u00eb.<\/p>\n<p>Qytetar\u00ebt shqiptar\u00eb edhe pse kemi 35 vite pluraliz\u00ebm politik e demokraci, nuk g\u00ebzojn\u00eb mjaftuesh\u00ebm informacion p\u00ebr t\u00eb drejtat dhe lirit\u00eb e tyre apo dhe mjetet ligjore se si t\u2019i ushtrojn\u00eb k\u00ebto t\u00eb drejta.<\/p>\n<p>N\u00eb k\u00ebto 12 vite qeverisjeje t\u00eb sektit Rama, i cili ka mb\u00ebrthyer p\u00ebr fyti gjith\u00e7ka situata e t\u00eb drejtave t\u00eb njeriut \u00ebsht\u00eb p\u00ebrkeq\u00ebsuar. Shqiptar\u00ebt vet\u00ebm me fjal\u00eb g\u00ebzojn\u00eb t\u00eb drejta, se n\u00eb praktik\u00eb ata nuk kan\u00eb asnj\u00eb: u vidhet prona, jeta, dinjiteti, gjith\u00e7ka nga ky sekt!<\/p>\n<p>N\u00eb Shqip\u00ebri gjat\u00eb viteve t\u00eb qeverisjes s\u00eb sektit Rama \u00ebsht\u00eb p\u00ebrkeq\u00ebsuar aksesi i qytetar\u00ebve, gazetar\u00ebve dhe jurist\u00ebve n\u00eb t\u00eb drejt\u00ebn p\u00ebr informim; \u00ebsht\u00eb p\u00ebrkeq\u00ebsuar aksesi i organizatave t\u00eb shoq\u00ebris\u00eb civile n\u00eb proceset e konsultimit publik t\u00eb ligjeve t\u00eb r\u00ebnd\u00ebsis\u00eb s\u00eb ve\u00e7ant\u00eb dhe aksesi efektiv i tyre n\u00eb politikb\u00ebrje.<\/p>\n<p>Gjat\u00eb k\u00ebtyre viteve shpesh her\u00eb \u00ebsht\u00eb c\u00ebnuar e drejta p\u00ebr tubime dhe organizime, jan\u00eb v\u00ebshtir\u00ebsuar kushtet social- ekonomike t\u00eb grupeve t\u00eb margjinalizuara t\u00eb shoq\u00ebris\u00eb, t\u00eb cilat u p\u00ebrball\u00ebn me papun\u00ebsi, ndikoi n\u00eb rritjen e numrit t\u00eb grave dhe vajzave t\u00eb dhunuara n\u00eb familje, etj.<\/p>\n<p>P\u00ebrpjekjet p\u00ebr mbrojtjen dhe respektimin e t\u00eb drejtave dhe lirive t\u00eb njeriut, evidentojn\u00eb nevoj\u00ebn p\u00ebr t\u00eb forcuar llogaridh\u00ebnien, transparenc\u00ebn dhe p\u00ebrgjegj\u00ebsin\u00eb e institucioneve shtet\u00ebrore n\u00eb raport me individin dhe interesin publik n\u00eb t\u00ebr\u00ebsi si dhe nevoj\u00ebn p\u00ebr t\u00eb siguruar m\u00eb shum\u00eb mund\u00ebsi dhe barazi, p\u00ebr t\u00eb rinj dhe t\u00eb reja, vajza dhe gra, persona me aft\u00ebsi t\u00eb kufizuara, apo persona t\u00eb tjer\u00eb q\u00eb i p\u00ebrkasin grupeve t\u00eb disavantazhuara nga pik\u00ebpamja sociale dhe ekonomike n\u00eb shoq\u00ebrin\u00eb ton\u00eb.<\/p>\n<p>Ndaj sot kemi detyrimin e madh si politikan\u00eb, politik\u00ebb\u00ebr\u00ebs, qytetar\u00eb t\u00eb p\u00ebrgjegjsh\u00ebm t\u00eb luftojm\u00eb vazhdimisht p\u00ebr respektimin e t\u00eb Drejtave t\u00eb Njeriut. Pa respektimin e dinjitetit t\u00eb njeriut, detyrimet morale dhe juridike midis njer\u00ebzve as mund t\u00eb lindin dhe as mund t\u00eb mbahen n\u00eb k\u00ebmb\u00eb. Do t\u00eb kishim t\u00eb b\u00ebnim me nj\u00eb hap pas t\u00eb njer\u00ebzimit dhe me pranimin e barbaris\u00eb. Shteti juridik, n\u00eb thelb, do t\u00eb ishte i k\u00ebrc\u00ebnuar. Vet\u00eb Demokracia do t\u00eb ishte e k\u00ebrc\u00ebnuar.<\/p>\n<p><img decoding=\"async\" src=\"https:\/\/scontent.ftia5-1.fna.fbcdn.net\/v\/t39.30808-6\/597375607_1448912803902137_3186985687369057126_n.jpg?_nc_cat=111&amp;ccb=1-7&amp;_nc_sid=833d8c&amp;_nc_ohc=r8bHywgswQAQ7kNvwGcAvsu&amp;_nc_oc=AdmBTjZ32wVbBb8i447iil3nXMEd-1FaKjrUs0douXWx0rH8f7d_QqHWEm3Fpx8YqGc&amp;_nc_zt=23&amp;_nc_ht=scontent.ftia5-1.fna&amp;_nc_gid=0cc9fYHB9SK4t8aMkIL8tw&amp;oh=00_AfkwT8owKaZeM3oIECpfPwwWb5X2JwTATURZ3rVbo_kbOA&amp;oe=693F7E18\" alt=\"Mund t\u00eb jet\u00eb nj\u00eb imazh i teksti q\u00eb thot\u00eb &quot;UNeRoo UNIVERSAL DECLARATION OF HUMAN RIGHTS Adopted and proclaimed by the General Assembly of ofthe the United Nations on the tenth day of December 1948 FINAL AUTHORIZED TEXT&quot;\" \/><\/p>\n","protected":false},"excerpt":{"rendered":"<p>Nga Bujar Leskaj -Data 10 Dhjetor sh\u00ebnon Dit\u00ebn Nd\u00ebrkomb\u00ebtare t\u00eb t\u00eb Drejtave t\u00eb Njeriut- 77 vite m\u00eb par\u00eb, n\u00eb 10 Dhjetor t\u00eb vitit t\u00eb vitit 1948 u miratua nga Asambleja e P\u00ebrgjithshme e Kombeve t\u00eb Bashkuara, Deklarata Universale p\u00ebr t\u00eb Drejtat e Njeriut. Deklarata lindi si p\u00ebrgjigje ndaj tmerreve t\u00eb Luft\u00ebs s\u00eb Dyt\u00eb Bot\u00ebrore dhe &hellip;<\/p>\n","protected":false},"author":4,"featured_media":73556,"comment_status":"closed","ping_status":"closed","sticky":false,"template":"","format":"standard","meta":{"footnotes":""},"categories":[134],"tags":[],"class_list":["post-130664","post","type-post","status-publish","format-standard","has-post-thumbnail","","category-news"],"_links":{"self":[{"href":"https:\/\/rdnews.al\/index.php\/wp-json\/wp\/v2\/posts\/130664","targetHints":{"allow":["GET"]}}],"collection":[{"href":"https:\/\/rdnews.al\/index.php\/wp-json\/wp\/v2\/posts"}],"about":[{"href":"https:\/\/rdnews.al\/index.php\/wp-json\/wp\/v2\/types\/post"}],"author":[{"embeddable":true,"href":"https:\/\/rdnews.al\/index.php\/wp-json\/wp\/v2\/users\/4"}],"replies":[{"embeddable":true,"href":"https:\/\/rdnews.al\/index.php\/wp-json\/wp\/v2\/comments?post=130664"}],"version-history":[{"count":1,"href":"https:\/\/rdnews.al\/index.php\/wp-json\/wp\/v2\/posts\/130664\/revisions"}],"predecessor-version":[{"id":130665,"href":"https:\/\/rdnews.al\/index.php\/wp-json\/wp\/v2\/posts\/130664\/revisions\/130665"}],"wp:featuredmedia":[{"embeddable":true,"href":"https:\/\/rdnews.al\/index.php\/wp-json\/wp\/v2\/media\/73556"}],"wp:attachment":[{"href":"https:\/\/rdnews.al\/index.php\/wp-json\/wp\/v2\/media?parent=130664"}],"wp:term":[{"taxonomy":"category","embeddable":true,"href":"https:\/\/rdnews.al\/index.php\/wp-json\/wp\/v2\/categories?post=130664"},{"taxonomy":"post_tag","embeddable":true,"href":"https:\/\/rdnews.al\/index.php\/wp-json\/wp\/v2\/tags?post=130664"}],"curies":[{"name":"wp","href":"https:\/\/api.w.org\/{rel}","templated":true}]}}