{"id":130681,"date":"2025-12-10T22:19:51","date_gmt":"2025-12-10T22:19:51","guid":{"rendered":"https:\/\/rdnews.al\/?p=130681"},"modified":"2025-12-10T22:23:45","modified_gmt":"2025-12-10T22:23:45","slug":"amerikanet-ne-spak-perplasje-te-forta-te-partnereve-me-ramen-per-kreun-e-ri-te-spak","status":"publish","type":"post","link":"https:\/\/rdnews.al\/index.php\/2025\/12\/10\/amerikanet-ne-spak-perplasje-te-forta-te-partnereve-me-ramen-per-kreun-e-ri-te-spak\/","title":{"rendered":"Amerikan\u00ebt n\u00eb SPAK\/ P\u00ebrplasje t\u00eb forta t\u00eb partner\u00ebve me Ram\u00ebn p\u00ebr kreun e ri t\u00eb SPAK"},"content":{"rendered":"<div class=\"entry-content px-2 px-sm-3\">\n<p>Z\u00ebvend\u00ebsdrejtori p\u00ebr \u00c7\u00ebshtjet e Europ\u00ebs Per\u00ebndimore Qendrore Lyn Debevoise vizitoi SPAK-un sot vet\u00ebm nj\u00eb dit\u00eb para zgjedhjes s\u00eb drejtuesit t\u00eb ri t\u00eb k\u00ebtij institucioni. Vizita \u00ebsht\u00eb nj\u00eb mesazh i qart\u00eb se amerikan\u00ebt nuk do t\u00eb lejojn\u00eb lojrat politike t\u00eb regjimit p\u00ebr kapjen e k\u00ebtij institucioni.<\/p>\n<p>N\u00eb emisionin \u201cOpionin\u201d, gazetarja Klodiana Lala, p\u00ebr zgjedhjen e kreut t\u00eb ri t\u00eb SPAK, proces q\u00eb do ndodh\u00eb gjat\u00eb dit\u00ebs s\u00eb nes\u00ebrme, 11 dhjetor.<\/p>\n<p>Gazetarja u shpreh se beson se ka nj\u00eb p\u00ebrplasje mes nd\u00ebrkomb\u00ebtar\u00ebve dhe qeveris\u00eb.<\/p>\n<p>M\u00eb tej, Lala shtoi se beson se nd\u00ebrkomb\u00ebtar\u00ebt e kan\u00eb nj\u00eb prokuror t\u00eb preferuar, p\u00ebr t\u00eb qen\u00eb n\u00eb krye t\u00eb SPAK.\u201cKa nj\u00eb p\u00ebrplasje mes nd\u00ebrkomb\u00ebtar\u00ebve dhe qeveris\u00eb. Kemi kat\u00ebr kandidat\u00eb dhe \u00ebsht\u00eb nj\u00eb grua kandidate, Doloreza Musabelliu. Kemi Adnan Xholin, q\u00eb \u00ebsht\u00eb prokuror karriere. Klodian Braho gjithashtu \u00ebsht\u00eb prokuror karriere. Elvin Gogaj ka punuar n\u00eb Prokurorin\u00eb e Elbasanit dhe m\u00eb pas u kthye n\u00eb SPAK. Nes\u00ebr n\u00eb KLP do t\u00eb ket\u00eb shum\u00eb diplomat\u00eb. Nd\u00ebrkomb\u00ebtar\u00ebt do t\u00eb v\u00ebzhgojn\u00eb me kujdes procesin. Secili kandidat do t\u00eb flas\u00eb p\u00ebr \u00e7\u00ebshtjet m\u00eb t\u00eb r\u00ebnd\u00ebsishme q\u00eb ka hetuar. Pasi t\u00eb p\u00ebrfundojn\u00eb intervistat, KLP do t\u00eb b\u00ebj\u00eb votim t\u00eb hapur.<\/p>\n<p>N\u00ebse ka balotazh, votohet s\u00ebrish. Nes\u00ebr do kemi pasuesin e Altin Dumanit. P\u00ebrfaq\u00ebsuesit e ambasad\u00ebs amerikane jan\u00eb shum\u00eb t\u00eb pranish\u00ebm. Nd\u00ebrkomb\u00ebtar\u00ebt e kan\u00eb par\u00eb SPAK-un si institucion shum\u00eb t\u00eb r\u00ebnd\u00ebsish\u00ebm n\u00eb Shqip\u00ebri. T\u00eb huajt kan\u00eb nj\u00eb preferenc\u00eb. Nd\u00ebrkomb\u00ebtar\u00ebt duan nj\u00eb person, q\u00eb nuk \u00ebsht\u00eb i leht\u00eb t\u00eb arrihet nga politika\u201d, tha Lala.<\/p>\n<\/div>\n","protected":false},"excerpt":{"rendered":"<p>Z\u00ebvend\u00ebsdrejtori p\u00ebr \u00c7\u00ebshtjet e Europ\u00ebs Per\u00ebndimore Qendrore Lyn Debevoise vizitoi SPAK-un sot vet\u00ebm nj\u00eb dit\u00eb para zgjedhjes s\u00eb drejtuesit t\u00eb ri t\u00eb k\u00ebtij institucioni. Vizita \u00ebsht\u00eb nj\u00eb mesazh i qart\u00eb se amerikan\u00ebt nuk do t\u00eb lejojn\u00eb lojrat politike t\u00eb regjimit p\u00ebr kapjen e k\u00ebtij institucioni. N\u00eb emisionin \u201cOpionin\u201d, gazetarja Klodiana Lala, p\u00ebr zgjedhjen e kreut &hellip;<\/p>\n","protected":false},"author":3,"featured_media":83271,"comment_status":"closed","ping_status":"closed","sticky":false,"template":"","format":"standard","meta":{"footnotes":""},"categories":[37],"tags":[],"class_list":["post-130681","post","type-post","status-publish","format-standard","has-post-thumbnail","","category-politike"],"_links":{"self":[{"href":"https:\/\/rdnews.al\/index.php\/wp-json\/wp\/v2\/posts\/130681","targetHints":{"allow":["GET"]}}],"collection":[{"href":"https:\/\/rdnews.al\/index.php\/wp-json\/wp\/v2\/posts"}],"about":[{"href":"https:\/\/rdnews.al\/index.php\/wp-json\/wp\/v2\/types\/post"}],"author":[{"embeddable":true,"href":"https:\/\/rdnews.al\/index.php\/wp-json\/wp\/v2\/users\/3"}],"replies":[{"embeddable":true,"href":"https:\/\/rdnews.al\/index.php\/wp-json\/wp\/v2\/comments?post=130681"}],"version-history":[{"count":3,"href":"https:\/\/rdnews.al\/index.php\/wp-json\/wp\/v2\/posts\/130681\/revisions"}],"predecessor-version":[{"id":130684,"href":"https:\/\/rdnews.al\/index.php\/wp-json\/wp\/v2\/posts\/130681\/revisions\/130684"}],"wp:featuredmedia":[{"embeddable":true,"href":"https:\/\/rdnews.al\/index.php\/wp-json\/wp\/v2\/media\/83271"}],"wp:attachment":[{"href":"https:\/\/rdnews.al\/index.php\/wp-json\/wp\/v2\/media?parent=130681"}],"wp:term":[{"taxonomy":"category","embeddable":true,"href":"https:\/\/rdnews.al\/index.php\/wp-json\/wp\/v2\/categories?post=130681"},{"taxonomy":"post_tag","embeddable":true,"href":"https:\/\/rdnews.al\/index.php\/wp-json\/wp\/v2\/tags?post=130681"}],"curies":[{"name":"wp","href":"https:\/\/api.w.org\/{rel}","templated":true}]}}