{"id":130688,"date":"2025-12-11T09:22:28","date_gmt":"2025-12-11T09:22:28","guid":{"rendered":"https:\/\/rdnews.al\/?p=130688"},"modified":"2025-12-11T10:23:42","modified_gmt":"2025-12-11T10:23:42","slug":"sot-35-vjetori-berisha-pd-u-lind-si-levizje-per-liri-dhe-demokraci-2","status":"publish","type":"post","link":"https:\/\/rdnews.al\/index.php\/2025\/12\/11\/sot-35-vjetori-berisha-pd-u-lind-si-levizje-per-liri-dhe-demokraci-2\/","title":{"rendered":"Sot 35 vjetori\/ Berisha: PD u lind si l\u00ebvizje p\u00ebr liri dhe demokraci!"},"content":{"rendered":"<p>Partia Demokratike sh\u00ebnon sot 35-vjetorin e themelimit, nj\u00eb ngjarje q\u00eb kreu i partis\u00eb, Berisha, e cil\u00ebson si moment reflektimi dhe festimi me t\u00eb gjith\u00eb ata q\u00eb kan\u00eb qen\u00eb pjes\u00eb e rrug\u00ebtimit politik t\u00eb forc\u00ebs s\u00eb par\u00eb opozitare n\u00eb vend.<\/p>\n<p>N\u00eb nj\u00eb postim n\u00eb Facebook, Berisha shkruan se Partia Demokratike u lind si l\u00ebvizje p\u00ebr liri dhe demokraci.<\/p>\n<p><strong>Postimi<\/strong><\/p>\n<p>Partia Demokratike u lind si l\u00ebvizje p\u00ebr liri dhe demokraci.<\/p>\n<p>35 vite m\u00eb von\u00eb, mblidhemi p\u00ebr t\u00eb kremtuar themelimin, dhe duam ta b\u00ebjm\u00eb k\u00ebt\u00eb me ata q\u00eb i ndan\u00eb k\u00ebto vite t\u00eb stuhishme, n\u00eb t\u00eb mir\u00eb e n\u00eb t\u00eb keq, me forc\u00ebn e par\u00eb t\u00eb liris\u00eb.<\/p>\n<p>Sot, ora 18:00<\/p>\n<p>Selia e PD<\/p>\n<p><img decoding=\"async\" src=\"https:\/\/www.syri.net\/uploads\/syri.net\/images\/2025\/December\/11\/auto_597660657_1638332934314469_7819367308786159155_n1765443502.jpg\" alt=\"\u2018Mblidhemi t\u00eb gjith\u00eb k\u00ebt\u00eb 35 vjetor...\u2019\/ Berisha: PD u lind si l\u00ebvizje p\u00ebr liri dhe demokraci \" \/><\/p>\n","protected":false},"excerpt":{"rendered":"<p>Partia Demokratike sh\u00ebnon sot 35-vjetorin e themelimit, nj\u00eb ngjarje q\u00eb kreu i partis\u00eb, Berisha, e cil\u00ebson si moment reflektimi dhe festimi me t\u00eb gjith\u00eb ata q\u00eb kan\u00eb qen\u00eb pjes\u00eb e rrug\u00ebtimit politik t\u00eb forc\u00ebs s\u00eb par\u00eb opozitare n\u00eb vend. N\u00eb nj\u00eb postim n\u00eb Facebook, Berisha shkruan se Partia Demokratike u lind si l\u00ebvizje p\u00ebr liri &hellip;<\/p>\n","protected":false},"author":4,"featured_media":130691,"comment_status":"closed","ping_status":"closed","sticky":false,"template":"","format":"standard","meta":{"footnotes":""},"categories":[37],"tags":[],"class_list":["post-130688","post","type-post","status-publish","format-standard","has-post-thumbnail","","category-politike"],"_links":{"self":[{"href":"https:\/\/rdnews.al\/index.php\/wp-json\/wp\/v2\/posts\/130688","targetHints":{"allow":["GET"]}}],"collection":[{"href":"https:\/\/rdnews.al\/index.php\/wp-json\/wp\/v2\/posts"}],"about":[{"href":"https:\/\/rdnews.al\/index.php\/wp-json\/wp\/v2\/types\/post"}],"author":[{"embeddable":true,"href":"https:\/\/rdnews.al\/index.php\/wp-json\/wp\/v2\/users\/4"}],"replies":[{"embeddable":true,"href":"https:\/\/rdnews.al\/index.php\/wp-json\/wp\/v2\/comments?post=130688"}],"version-history":[{"count":1,"href":"https:\/\/rdnews.al\/index.php\/wp-json\/wp\/v2\/posts\/130688\/revisions"}],"predecessor-version":[{"id":130690,"href":"https:\/\/rdnews.al\/index.php\/wp-json\/wp\/v2\/posts\/130688\/revisions\/130690"}],"wp:featuredmedia":[{"embeddable":true,"href":"https:\/\/rdnews.al\/index.php\/wp-json\/wp\/v2\/media\/130691"}],"wp:attachment":[{"href":"https:\/\/rdnews.al\/index.php\/wp-json\/wp\/v2\/media?parent=130688"}],"wp:term":[{"taxonomy":"category","embeddable":true,"href":"https:\/\/rdnews.al\/index.php\/wp-json\/wp\/v2\/categories?post=130688"},{"taxonomy":"post_tag","embeddable":true,"href":"https:\/\/rdnews.al\/index.php\/wp-json\/wp\/v2\/tags?post=130688"}],"curies":[{"name":"wp","href":"https:\/\/api.w.org\/{rel}","templated":true}]}}