{"id":130698,"date":"2025-12-11T09:39:02","date_gmt":"2025-12-11T09:39:02","guid":{"rendered":"https:\/\/rdnews.al\/?p=130698"},"modified":"2025-12-11T09:39:02","modified_gmt":"2025-12-11T09:39:02","slug":"kellici-pd-merr-pjese-ne-procesin-per-avokatin-e-popullit-vetem-nese-hiqet-emri-i-endri-shabanit","status":"publish","type":"post","link":"https:\/\/rdnews.al\/index.php\/2025\/12\/11\/kellici-pd-merr-pjese-ne-procesin-per-avokatin-e-popullit-vetem-nese-hiqet-emri-i-endri-shabanit\/","title":{"rendered":"K\u00eblli\u00e7i: PD merr pjes\u00eb n\u00eb procesin p\u00ebr Avokatin e Popullit vet\u00ebm n\u00ebse hiqet emri i Endri Shabanit"},"content":{"rendered":"<p>Procesi p\u00ebr zgjedhjen e Avokatit t\u00eb ri t\u00eb Popullit \u00ebsht\u00eb p\u00ebrfshir\u00eb nga tensione t\u00eb larta politike, teksa Partia Demokratike ka akuzuar mazhoranc\u00ebn socialiste p\u00ebr nj\u00eb skenar t\u00eb paracaktuar dhe ka nd\u00ebrmarr\u00eb nj\u00eb hap drastik duke t\u00ebrhequr mb\u00ebshtetjen p\u00ebr t\u00eb gjith\u00eb kandidat\u00ebt.<\/p>\n<p>Nga foltorja e Kuvendit, deputet i opozit\u00ebs Belind K\u00eblli\u00e7i deklaroi se, PD ka t\u00ebrhequr firmat e saj p\u00ebr t\u00eb 26 kandidaturat n\u00eb gar\u00eb, duke e cil\u00ebsuar procesin nj\u00eb &#8220;fars\u00eb&#8221;. Sipas tij, mazhoranca po zbaton nj\u00eb plan p\u00ebr t\u00eb zgjedhur kandidatin e saj t\u00eb preferuar, Endri Shabani, t\u00eb cilin e quajti &#8220;lepuri i Surelit&#8221; i k\u00ebtij procesi.<\/p>\n<p>&#8220;Heqjen e t\u00eb gjitha firmave t\u00eb deputet\u00ebve t\u00eb Partis\u00eb Demokratike p\u00ebr t\u00eb gjitha kandidaturat q\u00eb jan\u00eb paraqitur para Komisionit t\u00eb Ligjeve p\u00ebr t\u00eb garuar p\u00ebr pozicionin e Avokatit t\u00eb Popullit. N\u00eb list\u00ebn e kandidaturave jan\u00eb 26 kandidatura, por sigurisht aty ndodhet dhe lepuri i Surelit, n\u00eb k\u00ebt\u00eb rast Endri Shabani, i cili sot po plot\u00ebson dhe po \u00e7on deri n\u00eb fund skenarin e k\u00ebsaj mazhorance, t\u00eb paralajm\u00ebruar jav\u00eb m\u00eb par\u00eb n\u00eb k\u00ebt\u00eb foltore, se Avokatin e Popullit k\u00ebt\u00eb radh\u00eb do ta merrte Partia Socialiste.<\/p>\n<p>\u00cbsht\u00eb th\u00ebn\u00eb k\u00ebtu n\u00eb k\u00ebt\u00eb foltore nga deputet\u00eb t\u00eb k\u00ebsaj mazhorance, n\u00eb mos gaboj ka qen\u00eb i pari Erion Mile, q\u00eb e ka th\u00ebn\u00eb, m\u00eb pas ka qen\u00eb Ulsi Manja. Q\u00eb t\u00eb jemi t\u00eb qart\u00eb p\u00ebr q\u00ebndrimin ton\u00eb. Q\u00ebndrimi yn\u00eb \u00ebsht\u00eb i prer\u00eb. Sot q\u00eb ne flasim, asnj\u00eb nga 26 kandidaturat p\u00ebr Avokat Popullit nuk i ka firmat e deputet\u00ebve t\u00eb Partis\u00eb Demokratike p\u00ebr t\u00eb garuar n\u00eb k\u00ebt\u00eb pozicion.<\/p>\n<p>N\u00ebse i riktheheni precedentit t\u00eb vitit 2022 n\u00eb k\u00ebt\u00eb sall\u00eb, keni pranuar t\u00ebrheqjen e firmave gjat\u00eb seanc\u00ebs plenare, jo m\u00eb nj\u00eb jav\u00eb p\u00ebrpara procesit. Ka qen\u00eb rasti i votimit t\u00eb Avokatit t\u00eb Popullit dhe jan\u00eb t\u00ebrhequr n\u00eb k\u00ebt\u00eb sall\u00eb firmat p\u00ebr Ledio Braho, Dorian Gjomarkaj dhe nj\u00eb kandidatur\u00eb t\u00eb tret\u00eb Bledar Dervishin dhe e keni pranuar po ju, kjo mazhoranc\u00eb.<\/p>\n<p>K\u00ebshtu q\u00eb, q\u00ebndrimi yn\u00eb sot \u00ebsht\u00eb i qart\u00eb. Partia Demokratike nuk merr pjes\u00eb fare n\u00eb k\u00ebt\u00eb fars\u00eb, p\u00ebr sa koh\u00eb nuk t\u00ebrhiqni emrin e Endri Shabanit nga lista e propozimeve. Kandidaturat zyrtare t\u00eb Partis\u00eb Demokratike, n\u00eb zbatim dhe t\u00eb vendimit t\u00eb grupit parlamentar t\u00eb Partis\u00eb Demokratike, jan\u00eb zonja Adriana Kalaja dhe zoti Besim Ndregjoni.<\/p>\n<p>Ne jemi t\u00eb gatsh\u00ebm q\u00eb n\u00ebse kemi 5 minuta apo 10 minuta koh\u00eb dhe marrim pushim n\u00eb k\u00ebt\u00eb seanc\u00eb, t\u00eb mbledhim firmat p\u00ebr t\u00eb paraqitur zyrtarisht nj\u00eb kandidatur\u00eb apo dy n\u00eb em\u00ebr t\u00eb opozit\u00ebs, por tani q\u00eb ne flasim, asnj\u00eb prej kandidaturave q\u00eb ju k\u00ebrkoni t\u00eb hidhni n\u00eb votim dit\u00ebn e sotme, nuk \u00ebsht\u00eb e ligjshme p\u00ebr t&#8217;u kaluar n\u00eb votim.<\/p>\n<p>Kjo \u00ebsht\u00eb lista me 44 firma t\u00eb deputet\u00ebve t\u00eb Partis\u00eb Demokratike dhe \u00ebsht\u00eb absurde q\u00eb ju vijoni t\u00eb \u00e7oni skenarin e kapjes s\u00eb institucionit t\u00eb Avokatit t\u00eb Popullit p\u00ebrpara. Kemi njoftuar t\u00eb gjitha institucionet nd\u00ebrkomb\u00ebtare, t\u00eb gjith\u00eb selit\u00eb diplomatike n\u00eb vend p\u00ebr k\u00ebt\u00eb&#8230;<\/p>\n<p>Dhe duke marr\u00eb parasysh edhe progres-raportin e fundit, sigurisht ky \u00ebsht\u00eb nj\u00eb shqet\u00ebsim p\u00ebrsa i p\u00ebrket akaparimit edhe t\u00eb institucioneve kushtetuese nga persona me pesh\u00eb politike dhe duksh\u00ebm n\u00eb k\u00ebt\u00eb rast kemi t\u00eb b\u00ebjm\u00eb me nj\u00eb ish-kryetar partie dhe me nj\u00eb funksionar n\u00eb K\u00ebshillin Bashkiak. E them dhe nj\u00ebher\u00eb, Endri Shabani nuk p\u00ebrfaq\u00ebson vullnetin e Partis\u00eb Demokratike dhe kandidaturat tona jan\u00eb zonja Adriana Kalaja dhe zoti Besim Ndregjoni&#8221;, u shpreh K\u00eblli\u00e7i.<\/p>\n","protected":false},"excerpt":{"rendered":"<p>Procesi p\u00ebr zgjedhjen e Avokatit t\u00eb ri t\u00eb Popullit \u00ebsht\u00eb p\u00ebrfshir\u00eb nga tensione t\u00eb larta politike, teksa Partia Demokratike ka akuzuar mazhoranc\u00ebn socialiste p\u00ebr nj\u00eb skenar t\u00eb paracaktuar dhe ka nd\u00ebrmarr\u00eb nj\u00eb hap drastik duke t\u00ebrhequr mb\u00ebshtetjen p\u00ebr t\u00eb gjith\u00eb kandidat\u00ebt. Nga foltorja e Kuvendit, deputet i opozit\u00ebs Belind K\u00eblli\u00e7i deklaroi se, PD ka t\u00ebrhequr &hellip;<\/p>\n","protected":false},"author":4,"featured_media":126687,"comment_status":"closed","ping_status":"closed","sticky":false,"template":"","format":"standard","meta":{"footnotes":""},"categories":[37],"tags":[],"class_list":["post-130698","post","type-post","status-publish","format-standard","has-post-thumbnail","","category-politike"],"_links":{"self":[{"href":"https:\/\/rdnews.al\/index.php\/wp-json\/wp\/v2\/posts\/130698","targetHints":{"allow":["GET"]}}],"collection":[{"href":"https:\/\/rdnews.al\/index.php\/wp-json\/wp\/v2\/posts"}],"about":[{"href":"https:\/\/rdnews.al\/index.php\/wp-json\/wp\/v2\/types\/post"}],"author":[{"embeddable":true,"href":"https:\/\/rdnews.al\/index.php\/wp-json\/wp\/v2\/users\/4"}],"replies":[{"embeddable":true,"href":"https:\/\/rdnews.al\/index.php\/wp-json\/wp\/v2\/comments?post=130698"}],"version-history":[{"count":1,"href":"https:\/\/rdnews.al\/index.php\/wp-json\/wp\/v2\/posts\/130698\/revisions"}],"predecessor-version":[{"id":130699,"href":"https:\/\/rdnews.al\/index.php\/wp-json\/wp\/v2\/posts\/130698\/revisions\/130699"}],"wp:featuredmedia":[{"embeddable":true,"href":"https:\/\/rdnews.al\/index.php\/wp-json\/wp\/v2\/media\/126687"}],"wp:attachment":[{"href":"https:\/\/rdnews.al\/index.php\/wp-json\/wp\/v2\/media?parent=130698"}],"wp:term":[{"taxonomy":"category","embeddable":true,"href":"https:\/\/rdnews.al\/index.php\/wp-json\/wp\/v2\/categories?post=130698"},{"taxonomy":"post_tag","embeddable":true,"href":"https:\/\/rdnews.al\/index.php\/wp-json\/wp\/v2\/tags?post=130698"}],"curies":[{"name":"wp","href":"https:\/\/api.w.org\/{rel}","templated":true}]}}