{"id":130700,"date":"2025-12-11T09:44:23","date_gmt":"2025-12-11T09:44:23","guid":{"rendered":"https:\/\/rdnews.al\/?p=130700"},"modified":"2025-12-11T09:44:23","modified_gmt":"2025-12-11T09:44:23","slug":"berisha-ju-po-shkelmoni-vendimin-e-komisionit-te-ligjeve-per-te-grabitur-avokatin-e-popullit","status":"publish","type":"post","link":"https:\/\/rdnews.al\/index.php\/2025\/12\/11\/berisha-ju-po-shkelmoni-vendimin-e-komisionit-te-ligjeve-per-te-grabitur-avokatin-e-popullit\/","title":{"rendered":"Berisha: Ju po shkelmoni vendimin e Komisionit t\u00eb Ligjeve p\u00ebr t\u00eb grabitur Avokatin e Popullit!"},"content":{"rendered":"<p>Kryetari i PD, Sali Berisha gjate fjal\u00ebs s\u00eb tij n\u00eb kuvend ju drejtuar mazhoranc\u00ebs duke u akuzuar se po shkelmoni vendimin e Komisionit t\u00eb Ligjeve p\u00ebr t\u00eb grabitur Avokatin e Popullit!. Ai tha se, lepuri i Surrelit nuk merr asnj\u00eb firm\u00eb.<\/p>\n<p>&#8220;E keqja banale e kombit jeni ju.<\/p>\n<p>E keqja banale e koh\u00ebs jeni ju.<\/p>\n<p>Pse i them k\u00ebto?<\/p>\n<p>Ky parlament ka nj\u00eb Komision Ligjesh, k\u00ebt\u00eb Komision Ligjesh e kryeson nj\u00eb ish-minist\u00ebr i juaj.<\/p>\n<p>N\u00eb gar\u00ebn e Avokatit t\u00eb Popullit, nj\u00eb dit\u00eb ky mbledh komisionin dhe vendos n\u00eb m\u00ebnyr\u00eb t\u00eb diskutueshme, me t\u00eb drejt\u00eb apo pa t\u00eb drejt\u00eb, nuk mund t\u00eb them, q\u00eb p\u00ebr kandidat\u00ebt p\u00ebr Avokat t\u00eb Popullit do ket\u00eb deputeti t\u00eb drejt\u00eb vet\u00ebm p\u00ebr nj\u00eb firm\u00eb.<\/p>\n<p>Ky \u00ebsht\u00eb nj\u00eb vendim i nj\u00eb komisioni, q\u00eb ligji dhe Kushtetuta e ngarkon p\u00ebr shqyrtimin dhe p\u00ebr organizimin e procedur\u00ebs s\u00eb votimit t\u00eb Avokatit t\u00eb Popullit.<\/p>\n<p>Ai \u00ebsht\u00eb kryetar komisioni.<\/p>\n<p>Tjet\u00ebr puna se e keqja banale e shnd\u00ebrron at\u00eb n\u00eb hi\u00e7.<\/p>\n<p>Ne zbatuam vendimin e Komisionit t\u00eb Ligjeve.<\/p>\n<p>N\u00eb p\u00ebrputhje me vendimin e Komisionit t\u00eb Ligjeve, ne b\u00ebm\u00eb shkres\u00ebn dhe t\u00ebrhoq\u00ebm t\u00eb gjitha firmat.<\/p>\n<p>Dhe, thash\u00eb edhe nj\u00ebher\u00eb, deputeti mund t\u00eb vendos\u00eb nj\u00eb firm\u00eb p\u00ebr nj\u00eb kandidat, p\u00ebr t\u00eb tjer\u00eb mund t\u00eb vendos\u00eb shum\u00eb, por vendimi i Komisionit t\u00eb Ligjeve ishte i qart\u00eb, nuk pranohen sepse jan\u00eb vendosur firma, i nj\u00ebjti deputet ka firmosur disa kandidat\u00eb.<\/p>\n<p>Tani ju, meqen\u00ebse duhej patjet\u00ebr q\u00eb ai zoti K\u00eblli\u00e7i e quajti Lepuri i Surrelit, por un\u00eb do ta quaj opozita q\u00eb duam, kishte marr\u00eb firma, tani p\u00ebrmbysni vendimin.<\/p>\n<p>Po p\u00ebrmbysni vendimin e Komisionit t\u00eb Ligjeve, vendimin tuaj, shkelmoni mbi veten tuaj, vet\u00ebm e vet\u00ebm q\u00eb t\u00eb grabisni Avokatin e Popullit.<\/p>\n<p>Ne kemi qen\u00eb luajal\u00eb me ligjin.<\/p>\n<p>Komisioni i Ligjeve vendosi q\u00eb nuk mund t\u00eb ket\u00eb m\u00eb shum\u00eb se nj\u00eb t\u00eb drejt\u00eb p\u00ebr nj\u00eb kandidat \u00e7do deputet.<\/p>\n<p>N\u00eb respekt t\u00eb saj, ne t\u00ebrhoq\u00ebm firmat.<\/p>\n<p>Dhe ju vazhdoni tani, sepse ju e dini se Lepuri i Surrelit nuk merr dot asnj\u00eb firm\u00eb.<\/p>\n<p>Jo, nuk i merr dot.<\/p>\n<p>Dhe shikoni se \u00e7\u2019b\u00ebni, i b\u00ebni edhe atij kukumalen n\u00eb qaf\u00eb p\u00ebr t\u00eb realizuar nj\u00eb akt t\u00eb turpsh\u00ebm.<\/p>\n<p>B\u00ebjeni, por \u00ebsht\u00eb nj\u00eb gj\u00eb shum\u00eb e ul\u00ebt&#8221;, u shpreh Berisha.<\/p>\n","protected":false},"excerpt":{"rendered":"<p>Kryetari i PD, Sali Berisha gjate fjal\u00ebs s\u00eb tij n\u00eb kuvend ju drejtuar mazhoranc\u00ebs duke u akuzuar se po shkelmoni vendimin e Komisionit t\u00eb Ligjeve p\u00ebr t\u00eb grabitur Avokatin e Popullit!. Ai tha se, lepuri i Surrelit nuk merr asnj\u00eb firm\u00eb. &#8220;E keqja banale e kombit jeni ju. E keqja banale e koh\u00ebs jeni ju. &hellip;<\/p>\n","protected":false},"author":4,"featured_media":130701,"comment_status":"closed","ping_status":"closed","sticky":false,"template":"","format":"standard","meta":{"footnotes":""},"categories":[37],"tags":[],"class_list":["post-130700","post","type-post","status-publish","format-standard","has-post-thumbnail","","category-politike"],"_links":{"self":[{"href":"https:\/\/rdnews.al\/index.php\/wp-json\/wp\/v2\/posts\/130700","targetHints":{"allow":["GET"]}}],"collection":[{"href":"https:\/\/rdnews.al\/index.php\/wp-json\/wp\/v2\/posts"}],"about":[{"href":"https:\/\/rdnews.al\/index.php\/wp-json\/wp\/v2\/types\/post"}],"author":[{"embeddable":true,"href":"https:\/\/rdnews.al\/index.php\/wp-json\/wp\/v2\/users\/4"}],"replies":[{"embeddable":true,"href":"https:\/\/rdnews.al\/index.php\/wp-json\/wp\/v2\/comments?post=130700"}],"version-history":[{"count":1,"href":"https:\/\/rdnews.al\/index.php\/wp-json\/wp\/v2\/posts\/130700\/revisions"}],"predecessor-version":[{"id":130702,"href":"https:\/\/rdnews.al\/index.php\/wp-json\/wp\/v2\/posts\/130700\/revisions\/130702"}],"wp:featuredmedia":[{"embeddable":true,"href":"https:\/\/rdnews.al\/index.php\/wp-json\/wp\/v2\/media\/130701"}],"wp:attachment":[{"href":"https:\/\/rdnews.al\/index.php\/wp-json\/wp\/v2\/media?parent=130700"}],"wp:term":[{"taxonomy":"category","embeddable":true,"href":"https:\/\/rdnews.al\/index.php\/wp-json\/wp\/v2\/categories?post=130700"},{"taxonomy":"post_tag","embeddable":true,"href":"https:\/\/rdnews.al\/index.php\/wp-json\/wp\/v2\/tags?post=130700"}],"curies":[{"name":"wp","href":"https:\/\/api.w.org\/{rel}","templated":true}]}}