{"id":130705,"date":"2025-12-11T10:03:35","date_gmt":"2025-12-11T10:03:35","guid":{"rendered":"https:\/\/rdnews.al\/?p=130705"},"modified":"2025-12-11T10:03:35","modified_gmt":"2025-12-11T10:03:35","slug":"mirenjohje-te-thelle-per-mbeshtetjen-tuaj-te-pakufishme-dhe-pa-kushte","status":"publish","type":"post","link":"https:\/\/rdnews.al\/index.php\/2025\/12\/11\/mirenjohje-te-thelle-per-mbeshtetjen-tuaj-te-pakufishme-dhe-pa-kushte\/","title":{"rendered":"Mir\u00ebnjohje t\u00eb thell\u00eb p\u00ebr mb\u00ebshtetjen tuaj t\u00eb pakufishme dhe pa kushte!"},"content":{"rendered":"<p><strong>Nga Adriana KALAJA<\/strong><\/p>\n<p>T\u00eb Nderuar Miq.<br \/>\nS\u00eb pari, dua t\u00eb shpreh gjith\u00eb mir\u00ebnjohjen time t\u00eb thell\u00eb, p\u00ebr mb\u00ebshtetjen e pakufishme dhe pa kushte q\u00eb m\u00eb keni dh\u00ebn\u00eb k\u00ebto dit\u00eb, duke treguar se nuk ka &#8220;vdekur&#8221; shpirti i reagimit ndaj padrejt\u00ebsive, ardhur nga \u00e7do drejtim.<br \/>\nS\u00eb dyti, nga mij\u00ebra statuse apo sms q\u00eb kam lexuar apo m\u00eb keni d\u00ebrguar, nj\u00eb pjes\u00eb t\u00eb mir\u00eb d\u00ebrguar dhe drejtuesve t\u00eb PD-s\u00eb, thell\u00eb thell\u00eb ndikuat n\u00eb strategjin\u00eb e saj, duke e pastruar at\u00eb nga akuzat e panevojshme dhe t\u00eb tep\u00ebrta deri diku, dhe duke e futur n\u00eb korsin\u00eb e duhur.<br \/>\nS\u00eb treti, n\u00eb gjith\u00eb k\u00ebt\u00eb debat publik, ju luftuat si p\u00ebr veten Tuaj, se kjo padrejt\u00ebsi, u perceptua si kund\u00ebr secilit prej jush.<br \/>\nS\u00eb kat\u00ebrti, reagimi Juaj jasht\u00eb \u00e7do imagjinate, konfirmoi se t\u00eb drejtat nuk dhurohen, por fitohem, duke mos heshtur por duke &#8220;b\u00ebrtitur&#8221; fort.<br \/>\nS\u00eb pesti, sido q\u00eb t\u00eb shkoj\u00eb votimi sot, un\u00eb e fitova betej\u00ebn morale, se Populli me &#8220;referendum&#8221; me zgjodhi Avokaten e tij, referendum t\u00eb cilin do e propozoj si ligj m\u00eb vete, n\u00ebse zgjidhem Avokat I Popullit.<br \/>\nS\u00eb gjashti, zotohem se ashtu si\u00e7 kam qen\u00eb Avokatja Juaj pa &#8220;mandat&#8221;, do vijoj t\u00eb jem, edhe n\u00ebse zgjidhem nga Kuvendi, duke e par\u00eb padrejt\u00ebsin\u00eb si shkelje t\u00eb t\u00eb drejtave dhe lirive themelore t\u00eb Njeriut garantuar nga Kushtetuta, pavar\u00ebsisht nga cili kryhet.<br \/>\nS\u00eb shtati, do ushtroj kompetencat n\u00eb \u00e7do m2 t\u00eb vendit ku konstatoj padrejt\u00ebsi apo shkelje t\u00eb t\u00eb drejtave apo lirive themelore t\u00eb njeriut, pavar\u00ebsisht nga vjen e kund\u00ebr kujt ushtrohet.<br \/>\nS\u00eb teti, t\u00eb nj\u00ebjtat kompetenca do ushtroj n\u00eb bashk\u00ebpunim me organizatat partnere nd\u00ebrkomb\u00ebtare, p\u00ebr \u00e7do shtetas shqiptar emigrant, pavar\u00ebsisht ku jeton apo punon.<br \/>\nS\u00eb n\u00ebnti, do d\u00ebrgoj n\u00eb Gjykat\u00ebn Kushtetuese, \u00e7do ligj q\u00eb bie ndesh me interesat tuaja apo t\u00eb drejtat dhe lirit\u00eb themelore t\u00eb njeriut, gargantuar me Kushtetut\u00eb.<br \/>\nS\u00eb dhjeti, ftoj mazhoranc\u00ebn t\u00eb m\u00eb votoj\u00eb se pushteti nuk \u00ebsht\u00eb i p\u00ebrjetsh\u00ebm, dhe se nes\u00ebr n\u00eb opozit\u00eb, do ta d\u00ebshironit nj\u00eb Avokate Populli si un\u00eb.<br \/>\nMe p\u00ebrulje t\u00eb thell\u00eb, Avokatja Juaj e p\u00ebrjetshme, kund\u00ebr \u00e7do padrejt\u00ebsie, pavar\u00ebsisht nga vjen.<br \/>\nPS: Fytyra e v\u00ebrtet\u00eb p\u00ebrtej t\u00eb pamoralshmes, \u00ebsht\u00eb fakti kur dikush q\u00eb prrallis p\u00ebr &#8220;politik\u00eb t\u00eb re&#8221; si Eskorta e mafiozes Yuri Kim, Endri Shabani, t\u00eb futet n\u00eb votim, kur ata q\u00eb I kan\u00eb dh\u00ebn\u00eb firm\u00ebn, dhe kan\u00eb b\u00ebr\u00eb shum\u00eb gabim, e kan\u00eb t\u00ebrhequr at\u00eb.<\/p>\n","protected":false},"excerpt":{"rendered":"<p>Nga Adriana KALAJA T\u00eb Nderuar Miq. S\u00eb pari, dua t\u00eb shpreh gjith\u00eb mir\u00ebnjohjen time t\u00eb thell\u00eb, p\u00ebr mb\u00ebshtetjen e pakufishme dhe pa kushte q\u00eb m\u00eb keni dh\u00ebn\u00eb k\u00ebto dit\u00eb, duke treguar se nuk ka &#8220;vdekur&#8221; shpirti i reagimit ndaj padrejt\u00ebsive, ardhur nga \u00e7do drejtim. S\u00eb dyti, nga mij\u00ebra statuse apo sms q\u00eb kam lexuar apo &hellip;<\/p>\n","protected":false},"author":4,"featured_media":67658,"comment_status":"closed","ping_status":"closed","sticky":false,"template":"","format":"standard","meta":{"footnotes":""},"categories":[37],"tags":[],"class_list":["post-130705","post","type-post","status-publish","format-standard","has-post-thumbnail","","category-politike"],"_links":{"self":[{"href":"https:\/\/rdnews.al\/index.php\/wp-json\/wp\/v2\/posts\/130705","targetHints":{"allow":["GET"]}}],"collection":[{"href":"https:\/\/rdnews.al\/index.php\/wp-json\/wp\/v2\/posts"}],"about":[{"href":"https:\/\/rdnews.al\/index.php\/wp-json\/wp\/v2\/types\/post"}],"author":[{"embeddable":true,"href":"https:\/\/rdnews.al\/index.php\/wp-json\/wp\/v2\/users\/4"}],"replies":[{"embeddable":true,"href":"https:\/\/rdnews.al\/index.php\/wp-json\/wp\/v2\/comments?post=130705"}],"version-history":[{"count":1,"href":"https:\/\/rdnews.al\/index.php\/wp-json\/wp\/v2\/posts\/130705\/revisions"}],"predecessor-version":[{"id":130706,"href":"https:\/\/rdnews.al\/index.php\/wp-json\/wp\/v2\/posts\/130705\/revisions\/130706"}],"wp:featuredmedia":[{"embeddable":true,"href":"https:\/\/rdnews.al\/index.php\/wp-json\/wp\/v2\/media\/67658"}],"wp:attachment":[{"href":"https:\/\/rdnews.al\/index.php\/wp-json\/wp\/v2\/media?parent=130705"}],"wp:term":[{"taxonomy":"category","embeddable":true,"href":"https:\/\/rdnews.al\/index.php\/wp-json\/wp\/v2\/categories?post=130705"},{"taxonomy":"post_tag","embeddable":true,"href":"https:\/\/rdnews.al\/index.php\/wp-json\/wp\/v2\/tags?post=130705"}],"curies":[{"name":"wp","href":"https:\/\/api.w.org\/{rel}","templated":true}]}}