{"id":130708,"date":"2025-12-11T10:09:02","date_gmt":"2025-12-11T10:09:02","guid":{"rendered":"https:\/\/rdnews.al\/?p=130708"},"modified":"2025-12-11T10:09:02","modified_gmt":"2025-12-11T10:09:02","slug":"avokati-i-popullit-bylykbashi-asnje-kandidature-nuk-eshte-e-ligjshme","status":"publish","type":"post","link":"https:\/\/rdnews.al\/index.php\/2025\/12\/11\/avokati-i-popullit-bylykbashi-asnje-kandidature-nuk-eshte-e-ligjshme\/","title":{"rendered":"Avokati i Popullit\/ Bylykbashi: Asnj\u00eb kandidatur\u00eb nuk \u00ebsht\u00eb e ligjshme&#8230;"},"content":{"rendered":"<p>Deputeti i PD, Oerd Bylykbashi, n\u00eb fjal\u00ebn e tij n\u00eb seanc\u00ebn e sotme parlamentare ngriti nj\u00eb s\u00ebr\u00eb shqet\u00ebsimesh procedurale mbi procesin e p\u00ebrzgjedhjes s\u00eb Avokatit t\u00eb Popullit, duke deklaruar se t\u00eb gjitha firmat dhe propozimet p\u00ebr kandidat\u00ebt jan\u00eb t\u00ebrhequr zyrtarisht, \u00e7ka sipas tij e b\u00ebn t\u00eb pavlefsh\u00ebm \u00e7do shqyrtim t\u00eb kryer deri m\u00eb tani.<\/p>\n<p>Ai theksoi se rregullorja e Kuvendit i jep t\u00eb drejt\u00eb deputet\u00ebve t\u00eb t\u00ebrheqin nismat n\u00eb \u00e7do moment para votimit n\u00eb parim dhe paralajm\u00ebroi se \u00e7do zgjedhje e nj\u00ebanshme do t\u00eb krijonte probleme serioze kushtetuese dhe do t\u00eb binte ndesh me k\u00ebrkesat e Bashkimit Europian.<\/p>\n<p>Oerd Bylykbashi: Rregullorja ia jep t\u00eb drejt\u00ebn deputetit q\u00eb t\u00eb t\u00ebrhiqet nga projektligji, nga projektvendimi, nga projektrezolutat dhe nga kandidaturat n\u00eb \u00e7do moment. P\u00ebr analogji ju citoj nenin 72. Nism\u00ebtari i projektligjit ose projektvendimit, q\u00eb mund t\u00eb jet\u00eb dhe nj\u00eb deputet i vet\u00ebm, mund ta t\u00ebrheq\u00eb projektin e tij deri n\u00eb \u00e7astin kur ai nuk \u00ebsht\u00eb votuar n\u00eb parim n\u00eb seanc\u00eb plenare. Jo vet\u00ebm kaq, po mbi baz\u00ebn e vendimit t\u00eb Komisionit t\u00eb Ligjeve t\u00eb dat\u00ebs 17 n\u00ebntor, i cili n\u00eb fund fare e thot\u00eb fare qart\u00eb q\u00eb nj\u00eb deputet mund t\u00eb firmos\u00eb vet\u00ebm p\u00ebr nj\u00eb kandidat, me dat\u00eb 5 n\u00ebntor \u00ebsht\u00eb b\u00ebr\u00eb t\u00ebrheqja zyrtare e t\u00eb gjitha firmave dhe e t\u00eb gjith\u00eb propozimeve p\u00ebr t\u00eb gjith\u00eb kandidat\u00ebt. Q\u00eb do t\u00eb thot\u00eb, asnj\u00eb kandidat sot nuk ka q\u00ebndrim t\u00eb ligjsh\u00ebm p\u00ebrpara k\u00ebsaj salle plenare.<\/p>\n<p>\u00c7far\u00eb do t\u00eb thot\u00eb kjo? Do t\u00eb thot\u00eb q\u00eb n\u00eb p\u00ebrputhje me nenin 119, kjo t\u00ebrheqje \u00ebsht\u00eb b\u00ebr\u00eb p\u00ebrpara vler\u00ebsimit p\u00ebrfundimtar q\u00eb parashikon neni 111 i rregullores p\u00ebr kandidat\u00ebt n\u00ebse i kan\u00eb firmat apo jo. Kur m\u00eb dat\u00eb 9 dhjetor, pra dy dit\u00eb m\u00eb p\u00ebrpara, komisioni i ligjeve ka shqyrtuar kandidat\u00ebt, n\u00eb at\u00eb moment nuk ka patur m\u00eb asnj\u00eb kandidatur\u00eb t\u00eb ligjshme. T\u00eb gjith\u00eb kan\u00eb qen\u00eb me propozim t\u00eb t\u00ebrhequr, me firma t\u00eb t\u00ebrhequra. N\u00eb rastin konkret Endri Shabanit i \u00ebsht\u00eb b\u00ebr\u00eb e qart\u00eb dit\u00ebn q\u00eb ka marr\u00eb firm\u00ebn, q\u00eb n\u00eb rast se ai do t\u00eb do t\u00eb shkoj\u00eb p\u00ebrpara duke p\u00ebrdorur firmat e opozit\u00ebs, por votat vet\u00ebm t\u00eb mazhoranc\u00ebs, atij do t&#8217;i t\u00ebrhiqet mb\u00ebshtetja. K\u00ebshtu q\u00eb q\u00ebndron ajo k\u00ebrkes\u00eb q\u00eb kemi b\u00ebr\u00eb. Rikthehem tek procesi. Ju paralajm\u00ebroj gjithashtu di\u00e7ka. Bashkimi Evropian nuk e mb\u00ebshtet nxitimin tuaj n\u00eb k\u00ebt\u00eb moment. Nuk mb\u00ebshtet as kandidatur\u00eb politike. E p\u00ebr rrjedhoj\u00eb, jan\u00eb t\u00eb gatsh\u00ebm t\u00eb presin m\u00eb shum\u00eb koh\u00eb derisa ky parlament t\u00eb mbledh\u00eb firma n\u00eb m\u00ebnyr\u00eb konsensuale, nj\u00eb proces konsensual me nj\u00eb avokat populli i cili i q\u00ebndron n\u00eb m\u00ebnyr\u00eb t\u00eb denj\u00eb atij funksioni. Rikujtoj edhe nj\u00ebher\u00eb, dy her\u00ebt e fundit, avokati i popullit n\u00eb vitin 2010 ka qen\u00eb i kompromis politik n\u00eb mbyllje t\u00eb asaj, ju e mbani mend dark\u00ebn e famshme t\u00eb Krokodilit, kur kryeministri Berisha ia ofroi me nj\u00eb kusht t\u00eb vet\u00ebm.<\/p>\n<p>Me nj\u00eb me nj\u00eb kusht t\u00eb vet\u00ebm. Mos t\u00eb jet\u00eb persekutor politik, po t\u00eb jet\u00eb dikush kushdo tjet\u00ebr. E p\u00ebrzgjodh\u00ebt n\u00eb selin\u00eb e Partis\u00eb Socialiste avokatin e popullit Totozani. N\u00eb vitin 2017 ka qen\u00eb s\u00ebrish marr\u00ebveshje politike q\u00eb ta kishte opozita. Pra, \u00ebsht\u00eb tradit\u00eb e mir\u00ebvendosur, t\u00eb cil\u00ebn e keni konfirmuar ju n\u00eb fund t\u00eb sesionit q\u00eb shkoi. Un\u00eb ju ftoj dhe nj\u00ebher\u00eb t&#8217;i rikthehemi k\u00ebtij procesi, n\u00eb k\u00ebt\u00eb p\u00ebrndryshe, avokati i popullit do t\u00eb jet\u00eb me nj\u00eb cen thelb\u00ebsor kushtetues, i zgjedhur pa propozim zyrtar nga deputet\u00ebt e p\u00ebr rrjedhoj\u00eb, juve do t&#8217;ju vinin pik\u00ebpyetje kushtetuese, ligjore avokatit t\u00eb ardhsh\u00ebm t\u00eb popullit. K\u00ebshtu q\u00eb, ju ftoj edhe mos t\u00eb p\u00ebrplasemi, nuk do t\u00eb njihet si p\u00ebrputhje me k\u00ebrkesat e Bashkimit Europian, p\u00ebr k\u00ebt\u00eb jua siguroj. K\u00ebshtu q\u00eb m\u00eb mir\u00eb t\u00eb b\u00ebjm\u00eb nj\u00eb proces, t\u00eb gjejm\u00eb rrug\u00ebn ne t\u00eb mblidhemi, t\u00eb vendosim firmat mbi kandidat\u00ebt dhe m\u00eb pas t\u00eb fillojm\u00eb procesin e votimit.<\/p>\n","protected":false},"excerpt":{"rendered":"<p>Deputeti i PD, Oerd Bylykbashi, n\u00eb fjal\u00ebn e tij n\u00eb seanc\u00ebn e sotme parlamentare ngriti nj\u00eb s\u00ebr\u00eb shqet\u00ebsimesh procedurale mbi procesin e p\u00ebrzgjedhjes s\u00eb Avokatit t\u00eb Popullit, duke deklaruar se t\u00eb gjitha firmat dhe propozimet p\u00ebr kandidat\u00ebt jan\u00eb t\u00ebrhequr zyrtarisht, \u00e7ka sipas tij e b\u00ebn t\u00eb pavlefsh\u00ebm \u00e7do shqyrtim t\u00eb kryer deri m\u00eb tani. Ai &hellip;<\/p>\n","protected":false},"author":4,"featured_media":85559,"comment_status":"closed","ping_status":"closed","sticky":false,"template":"","format":"standard","meta":{"footnotes":""},"categories":[37],"tags":[],"class_list":["post-130708","post","type-post","status-publish","format-standard","has-post-thumbnail","","category-politike"],"_links":{"self":[{"href":"https:\/\/rdnews.al\/index.php\/wp-json\/wp\/v2\/posts\/130708","targetHints":{"allow":["GET"]}}],"collection":[{"href":"https:\/\/rdnews.al\/index.php\/wp-json\/wp\/v2\/posts"}],"about":[{"href":"https:\/\/rdnews.al\/index.php\/wp-json\/wp\/v2\/types\/post"}],"author":[{"embeddable":true,"href":"https:\/\/rdnews.al\/index.php\/wp-json\/wp\/v2\/users\/4"}],"replies":[{"embeddable":true,"href":"https:\/\/rdnews.al\/index.php\/wp-json\/wp\/v2\/comments?post=130708"}],"version-history":[{"count":1,"href":"https:\/\/rdnews.al\/index.php\/wp-json\/wp\/v2\/posts\/130708\/revisions"}],"predecessor-version":[{"id":130709,"href":"https:\/\/rdnews.al\/index.php\/wp-json\/wp\/v2\/posts\/130708\/revisions\/130709"}],"wp:featuredmedia":[{"embeddable":true,"href":"https:\/\/rdnews.al\/index.php\/wp-json\/wp\/v2\/media\/85559"}],"wp:attachment":[{"href":"https:\/\/rdnews.al\/index.php\/wp-json\/wp\/v2\/media?parent=130708"}],"wp:term":[{"taxonomy":"category","embeddable":true,"href":"https:\/\/rdnews.al\/index.php\/wp-json\/wp\/v2\/categories?post=130708"},{"taxonomy":"post_tag","embeddable":true,"href":"https:\/\/rdnews.al\/index.php\/wp-json\/wp\/v2\/tags?post=130708"}],"curies":[{"name":"wp","href":"https:\/\/api.w.org\/{rel}","templated":true}]}}