{"id":130710,"date":"2025-12-11T10:13:17","date_gmt":"2025-12-11T10:13:17","guid":{"rendered":"https:\/\/rdnews.al\/?p=130710"},"modified":"2025-12-11T10:13:17","modified_gmt":"2025-12-11T10:13:17","slug":"topalli-ky-nuk-mund-te-jete-avokati-i-popullit-por-i-pushtetit","status":"publish","type":"post","link":"https:\/\/rdnews.al\/index.php\/2025\/12\/11\/topalli-ky-nuk-mund-te-jete-avokati-i-popullit-por-i-pushtetit\/","title":{"rendered":"Topalli: Ky nuk mund t\u00eb jet\u00eb avokati i popullit, por i pushtetit!"},"content":{"rendered":"<p>Deputetja e PD, Jozefina Topalli, n\u00eb fjal\u00ebn e saj n\u00eb Kuvend e ka nisur debatin nga nj\u00eb \u00e7\u00ebshtje procedurale, duke sfiduar mazhoranc\u00ebn t\u00eb gjej\u00eb nj\u00eb rast t\u00eb vet\u00ebm n\u00eb historin\u00eb 30-vje\u00e7are t\u00eb parlamentarizmit shqiptar ku nj\u00eb kandidat \u00ebsht\u00eb hedhur n\u00eb votim pasi firmat mb\u00ebshtet\u00ebse p\u00ebr t\u00eb jan\u00eb t\u00ebrhequr.<\/p>\n<p>Sipas Topallit, neni 72 i Rregullores s\u00eb Kuvendit e ndalon qart\u00ebsisht nj\u00eb veprim t\u00eb till\u00eb, duke argumentuar se kur nj\u00eb iniciativ\u00eb t\u00ebrhiqet, emri nuk mund t\u00eb futet n\u00eb rendin e dit\u00ebs.<\/p>\n<p><strong>Jozefina Topalli:<\/strong> A ekziston n\u00eb historin\u00eb e tre dekadave t\u00eb parlamentarizmit nj\u00eb rast q\u00eb t\u00eb hidhet n\u00eb votim n\u00eb seanc\u00eb plenare nj\u00eb kandidat t\u00eb cilit i jan\u00eb t\u00ebrhequr firmat? N\u00ebse ju gjeni nj\u00eb n\u00eb tre dekada, un\u00eb ju k\u00ebrkoj ndjes\u00eb.<\/p>\n<p>P\u00ebrve\u00e7 k\u00ebsaj, ju keni nj\u00eb ligj me t\u00eb cilin funksionon Kuvendi i Shqip\u00ebris\u00eb dhe ajo \u00ebsht\u00eb rregullorja e Kuvendit.<\/p>\n<p>N\u00ebse ju lexoni nenin 72 t\u00eb k\u00ebsaj rregullore, aty \u00ebsht\u00eb e shkruar qart\u00eb, kthjell\u00ebt, pa asnj\u00eb mund\u00ebsi p\u00ebr t\u00eb interpretuar, q\u00eb n\u00eb rast se deri p\u00ebrpara fillimit t\u00eb seanc\u00ebs plenare dhe votimit n\u00eb parim, t\u00ebrhiqet iniciativa, nuk mund t\u00eb fus\u00ebsh n\u00eb rend t\u00eb dit\u00ebs nj\u00eb em\u00ebr t\u00eb cil\u00ebs jan\u00eb t\u00ebrhequr firmat.<\/p>\n<p>Ky parlament ka nj\u00eb memorie historike. Ju nuk mund t\u00eb b\u00ebni sikur \u00e7do gj\u00eb ka filluar n\u00eb momentin q\u00eb jeni ulur ju n\u00eb k\u00ebto karrige.<\/p>\n<p>Zoti Klosi g\u00ebnjeni. Nuk \u00ebsht\u00eb e v\u00ebrtet\u00eb se keni krijuar ju dhe keni shkruar ligjin p\u00ebr Ombudsmenin. Ligjin p\u00ebr Ombudsmenin e ka shkruar dhe e ka votuar Sali Berisha VITE m\u00eb p\u00ebrpara.<\/p>\n<p>Ju g\u00ebnjeni kur thoni q\u00eb ja keni dh\u00ebn\u00eb opozit\u00ebs. Ju keni pasur avokat t\u00eb popullit deputetin ju tuaj socialist. Ju g\u00ebnjeni kur thoni se se drejt\u00ebsia \u00ebsht\u00eb e pavarur.<\/p>\n<p>Ja, k\u00ebtu keni, deputetin q\u00eb e keni pasur p\u00ebr vetingun. E keni p\u00ebrdorur p\u00ebr t\u00eb hequr t\u00eb gjith\u00eb ato q\u00eb mendoshin se nuk ju sh\u00ebrbejn\u00eb ju dhe pastaj e keni b\u00ebr\u00eb.<\/p>\n<p>E keni b\u00ebr\u00eb deputet. Po, e keni b\u00ebr\u00eb sh\u00ebrb\u00ebtor\u00eb t\u00eb pushtetit.<\/p>\n<p>Ky nuk mund t\u00eb jet\u00eb avokati i popullit. Ky \u00ebsht\u00eb avokati i pushtetit dhe n\u00ebse as avokatin e popullit ju nuk e l\u00ebshoni pasi i keni marr\u00eb dhe keni uzurpuar t\u00eb gjitha institucionet e ashtuquajtura t\u00eb private, po ky \u00ebsht\u00eb narkoshtet, absolutisht \u00ebsht\u00eb narkoshtet. Ky \u00ebsht\u00eb vet\u00ebm narkoshtet q\u00eb nuk ngopet kurr\u00eb me nj\u00eb mazhoranc\u00eb t\u00eb vjedhur n\u00eb votat e kaluara.<\/p>\n","protected":false},"excerpt":{"rendered":"<p>Deputetja e PD, Jozefina Topalli, n\u00eb fjal\u00ebn e saj n\u00eb Kuvend e ka nisur debatin nga nj\u00eb \u00e7\u00ebshtje procedurale, duke sfiduar mazhoranc\u00ebn t\u00eb gjej\u00eb nj\u00eb rast t\u00eb vet\u00ebm n\u00eb historin\u00eb 30-vje\u00e7are t\u00eb parlamentarizmit shqiptar ku nj\u00eb kandidat \u00ebsht\u00eb hedhur n\u00eb votim pasi firmat mb\u00ebshtet\u00ebse p\u00ebr t\u00eb jan\u00eb t\u00ebrhequr. Sipas Topallit, neni 72 i Rregullores s\u00eb &hellip;<\/p>\n","protected":false},"author":4,"featured_media":128881,"comment_status":"closed","ping_status":"closed","sticky":false,"template":"","format":"standard","meta":{"footnotes":""},"categories":[37],"tags":[],"class_list":["post-130710","post","type-post","status-publish","format-standard","has-post-thumbnail","","category-politike"],"_links":{"self":[{"href":"https:\/\/rdnews.al\/index.php\/wp-json\/wp\/v2\/posts\/130710","targetHints":{"allow":["GET"]}}],"collection":[{"href":"https:\/\/rdnews.al\/index.php\/wp-json\/wp\/v2\/posts"}],"about":[{"href":"https:\/\/rdnews.al\/index.php\/wp-json\/wp\/v2\/types\/post"}],"author":[{"embeddable":true,"href":"https:\/\/rdnews.al\/index.php\/wp-json\/wp\/v2\/users\/4"}],"replies":[{"embeddable":true,"href":"https:\/\/rdnews.al\/index.php\/wp-json\/wp\/v2\/comments?post=130710"}],"version-history":[{"count":1,"href":"https:\/\/rdnews.al\/index.php\/wp-json\/wp\/v2\/posts\/130710\/revisions"}],"predecessor-version":[{"id":130711,"href":"https:\/\/rdnews.al\/index.php\/wp-json\/wp\/v2\/posts\/130710\/revisions\/130711"}],"wp:featuredmedia":[{"embeddable":true,"href":"https:\/\/rdnews.al\/index.php\/wp-json\/wp\/v2\/media\/128881"}],"wp:attachment":[{"href":"https:\/\/rdnews.al\/index.php\/wp-json\/wp\/v2\/media?parent=130710"}],"wp:term":[{"taxonomy":"category","embeddable":true,"href":"https:\/\/rdnews.al\/index.php\/wp-json\/wp\/v2\/categories?post=130710"},{"taxonomy":"post_tag","embeddable":true,"href":"https:\/\/rdnews.al\/index.php\/wp-json\/wp\/v2\/tags?post=130710"}],"curies":[{"name":"wp","href":"https:\/\/api.w.org\/{rel}","templated":true}]}}