{"id":130716,"date":"2025-12-11T10:48:22","date_gmt":"2025-12-11T10:48:22","guid":{"rendered":"https:\/\/rdnews.al\/?p=130716"},"modified":"2025-12-11T11:58:41","modified_gmt":"2025-12-11T11:58:41","slug":"ai-do-te-jete-i-radhes-trump-kercenon-presidentin-e-kolumbise","status":"publish","type":"post","link":"https:\/\/rdnews.al\/index.php\/2025\/12\/11\/ai-do-te-jete-i-radhes-trump-kercenon-presidentin-e-kolumbise\/","title":{"rendered":"&#8220;Ai do t\u00eb jet\u00eb i radh\u00ebs&#8221;, Trump k\u00ebrc\u00ebnon presidentin e Kolumbis\u00eb"},"content":{"rendered":"<p><strong>Nga Enton DO\u00c7I<\/strong><br \/>\n<strong>Lyon<\/strong><\/p>\n<p>Presidenti Donald Trump i p\u00ebrshkall\u00ebzoi k\u00ebrc\u00ebnimet e tij kund\u00ebr Kolumbis\u00eb, duke u th\u00ebn\u00eb gazetar\u00ebve se presidenti kolumbian Gustavo Petro \u00ebsht\u00eb \u201ci radh\u00ebs\u201d n\u00eb fushat\u00ebn rajonale t\u00eb Sht\u00ebpis\u00eb s\u00eb Bardh\u00eb kund\u00ebr trafikimit t\u00eb drog\u00ebs.<\/p>\n<p>Nd\u00ebrsa fillimisht, Trump u tha gazetar\u00ebve se \u201cnuk kam menduar shum\u00eb p\u00ebr\u201d Petron, komentet e tij shpejt u shnd\u00ebrruan n\u00eb paralajm\u00ebrime ndaj udh\u00ebheq\u00ebsit kolumbian.<\/p>\n<p>\u201cKolumbia po prodhon shum\u00eb drog\u00eb\u201d, tha Trump, shkruan Politico.<\/p>\n<p>\u201cK\u00ebshtu q\u00eb m\u00eb mir\u00eb t\u00eb b\u00ebj\u00eb sikur nuk do t\u00eb jet\u00eb i radh\u00ebs. Ai do t\u00eb jet\u00eb i radh\u00ebs s\u00eb shpejti. Shpresoj se po d\u00ebgjon, ai do t\u00eb jet\u00eb i radh\u00ebs\u201d, tha presidenti amerikan.<\/p>\n<p>Komentet e tij sh\u00ebnojn\u00eb nj\u00eb p\u00ebrshkall\u00ebzim t\u00eb mpreht\u00eb t\u00eb k\u00ebrc\u00ebnimeve t\u00eb tij kund\u00ebr udh\u00ebheq\u00ebsit kolumbian.<\/p>\n<p>N\u00eb nj\u00eb bised\u00eb me POLITICO n\u00eb fillim t\u00eb k\u00ebsaj jave, presidenti amerikan foli p\u00ebr zgjerimin e operacionit t\u00eb tij ushtarak kund\u00ebr trafikimit t\u00eb drog\u00ebs &#8211; i cili deri m\u00eb tani \u00ebsht\u00eb p\u00ebrqendruar n\u00eb Venezuel\u00eb &#8211; n\u00eb Meksik\u00eb dhe Kolumbi.<\/p>\n<p>Trump ka mbik\u00ebqyrur nj\u00eb s\u00ebr\u00eb sulmesh kund\u00ebr anijeve t\u00eb dyshuara p\u00ebr drog\u00eb n\u00eb Karaibe dhe Oqeanin Paq\u00ebsor q\u00eb nga shtatori dhe ka nisur nj\u00eb grumbullim masiv t\u00eb fuqis\u00eb ushtarake n\u00eb brigjet e Venezuel\u00ebs n\u00eb nj\u00eb p\u00ebrpjekje p\u00ebr t\u00eb ushtruar presion mbi presidentin e vendit, Nicolas Maduro, q\u00eb t\u00eb largohet nga detyra.<\/p>\n<p>Tensionet midis Trumpit dhe Petros u p\u00ebrshkall\u00ebzuan k\u00ebt\u00eb vjesht\u00eb mes fushat\u00ebs agresive t\u00eb SHBA-s\u00eb kund\u00ebr trafikimit t\u00eb drog\u00ebs n\u00eb rajon.<\/p>\n<p>Administrata Trump e \u00e7ertifikoi Kolumbin\u00eb si partner n\u00eb kontrollin e drog\u00ebs dhe ia revokoi viz\u00ebn Petros n\u00eb shtator, duke shkurtuar ndihm\u00ebn p\u00ebr vendin dhe duke e kritikuar udh\u00ebheq\u00ebsin e saj si nj\u00eb &#8220;trafikant ilegal droge\u201d.<\/p>\n","protected":false},"excerpt":{"rendered":"<p>Nga Enton DO\u00c7I Lyon Presidenti Donald Trump i p\u00ebrshkall\u00ebzoi k\u00ebrc\u00ebnimet e tij kund\u00ebr Kolumbis\u00eb, duke u th\u00ebn\u00eb gazetar\u00ebve se presidenti kolumbian Gustavo Petro \u00ebsht\u00eb \u201ci radh\u00ebs\u201d n\u00eb fushat\u00ebn rajonale t\u00eb Sht\u00ebpis\u00eb s\u00eb Bardh\u00eb kund\u00ebr trafikimit t\u00eb drog\u00ebs. Nd\u00ebrsa fillimisht, Trump u tha gazetar\u00ebve se \u201cnuk kam menduar shum\u00eb p\u00ebr\u201d Petron, komentet e tij shpejt u &hellip;<\/p>\n","protected":false},"author":4,"featured_media":130717,"comment_status":"closed","ping_status":"closed","sticky":false,"template":"","format":"standard","meta":{"footnotes":""},"categories":[38],"tags":[],"class_list":["post-130716","post","type-post","status-publish","format-standard","has-post-thumbnail","","category-bota"],"_links":{"self":[{"href":"https:\/\/rdnews.al\/index.php\/wp-json\/wp\/v2\/posts\/130716","targetHints":{"allow":["GET"]}}],"collection":[{"href":"https:\/\/rdnews.al\/index.php\/wp-json\/wp\/v2\/posts"}],"about":[{"href":"https:\/\/rdnews.al\/index.php\/wp-json\/wp\/v2\/types\/post"}],"author":[{"embeddable":true,"href":"https:\/\/rdnews.al\/index.php\/wp-json\/wp\/v2\/users\/4"}],"replies":[{"embeddable":true,"href":"https:\/\/rdnews.al\/index.php\/wp-json\/wp\/v2\/comments?post=130716"}],"version-history":[{"count":2,"href":"https:\/\/rdnews.al\/index.php\/wp-json\/wp\/v2\/posts\/130716\/revisions"}],"predecessor-version":[{"id":130740,"href":"https:\/\/rdnews.al\/index.php\/wp-json\/wp\/v2\/posts\/130716\/revisions\/130740"}],"wp:featuredmedia":[{"embeddable":true,"href":"https:\/\/rdnews.al\/index.php\/wp-json\/wp\/v2\/media\/130717"}],"wp:attachment":[{"href":"https:\/\/rdnews.al\/index.php\/wp-json\/wp\/v2\/media?parent=130716"}],"wp:term":[{"taxonomy":"category","embeddable":true,"href":"https:\/\/rdnews.al\/index.php\/wp-json\/wp\/v2\/categories?post=130716"},{"taxonomy":"post_tag","embeddable":true,"href":"https:\/\/rdnews.al\/index.php\/wp-json\/wp\/v2\/tags?post=130716"}],"curies":[{"name":"wp","href":"https:\/\/api.w.org\/{rel}","templated":true}]}}