{"id":130719,"date":"2025-12-11T10:51:36","date_gmt":"2025-12-11T10:51:36","guid":{"rendered":"https:\/\/rdnews.al\/?p=130719"},"modified":"2025-12-11T10:51:36","modified_gmt":"2025-12-11T10:51:36","slug":"lirohet-nga-burgu-ish-ministri-koka","status":"publish","type":"post","link":"https:\/\/rdnews.al\/index.php\/2025\/12\/11\/lirohet-nga-burgu-ish-ministri-koka\/","title":{"rendered":"Lirohet nga burgu ish-ministri Koka"},"content":{"rendered":"<p>Ish-ministri i Mjedisit, Lefer Koka \u00ebsht\u00eb liruar nga burgu pas 4 vitesh. Vendimi \u00ebsht\u00eb marr\u00eb pasi GJKKO ka shuar mas\u00ebn e siguris\u00eb \u201carrest me burg\u201d n\u00eb \u00e7\u00ebshtjen q\u00eb lidhet me inceneratorin e Fierit.<\/p>\n<p>Sipas vendimit masa e siguris\u00eb p\u00ebr k\u00ebt\u00eb dosje nuk q\u00ebndron m\u00eb, nd\u00ebrsa \u00e7\u00ebshtja p\u00ebr inceneratorin e Fierit \u00ebsht\u00eb kthyer p\u00ebr rigjykim n\u00eb Apel nga Gjykata e Lart\u00eb.<\/p>\n<p>Koka u arretua qe prej dhjetorit t\u00eb vitit 2021 i akuzuar shp\u00ebrdorim detyre, korrupsion dhe pastrim parash lidhur me aferat korruptive p\u00ebr Inceneratorin e Fierit. Sipas akuzave t\u00eb SPAK, p\u00ebr inceneratorin e Fierit u paguan 4 milion\u00eb euro p\u00ebr pun\u00eb q\u00eb nuk u kryen asnj\u00ebher\u00eb, nd\u00ebrsa 60 milion\u00eb lek\u00eb \u00ebsht\u00eb d\u00ebmi i shkaktuar n\u00eb buxhetin e shtetit n\u00eb skem\u00ebn e mashtrimit.<\/p>\n<p>N\u00eb lidhje me d\u00ebnimin p\u00ebr inceneratorin e Elbasanit, Koka ka fituar lirin\u00eb me kusht nga Gjykata e Durr\u00ebsit. Nd\u00ebrkoh\u00eb, p\u00ebr \u00e7\u00ebshtjen e inceneratorit t\u00eb Tiran\u00ebs, ai e ka shlyer d\u00ebnimin me koh\u00ebn e q\u00ebndrimit n\u00eb paraburgim.<\/p>\n<p>Me k\u00ebt\u00eb zhvillim, t\u00eb tre dosjet penale ku Koka ishte i p\u00ebrfshir\u00eb, Elbasani, Tirana dhe Fier nuk paraqesin m\u00eb masa sigurie n\u00eb fuqi, duke i hapur rrug\u00ebn lirimit t\u00eb tij pas kat\u00ebr vitesh heqje lirie.<\/p>\n","protected":false},"excerpt":{"rendered":"<p>Ish-ministri i Mjedisit, Lefer Koka \u00ebsht\u00eb liruar nga burgu pas 4 vitesh. Vendimi \u00ebsht\u00eb marr\u00eb pasi GJKKO ka shuar mas\u00ebn e siguris\u00eb \u201carrest me burg\u201d n\u00eb \u00e7\u00ebshtjen q\u00eb lidhet me inceneratorin e Fierit. Sipas vendimit masa e siguris\u00eb p\u00ebr k\u00ebt\u00eb dosje nuk q\u00ebndron m\u00eb, nd\u00ebrsa \u00e7\u00ebshtja p\u00ebr inceneratorin e Fierit \u00ebsht\u00eb kthyer p\u00ebr rigjykim n\u00eb &hellip;<\/p>\n","protected":false},"author":4,"featured_media":92779,"comment_status":"closed","ping_status":"closed","sticky":false,"template":"","format":"standard","meta":{"footnotes":""},"categories":[37],"tags":[],"class_list":["post-130719","post","type-post","status-publish","format-standard","has-post-thumbnail","","category-politike"],"_links":{"self":[{"href":"https:\/\/rdnews.al\/index.php\/wp-json\/wp\/v2\/posts\/130719","targetHints":{"allow":["GET"]}}],"collection":[{"href":"https:\/\/rdnews.al\/index.php\/wp-json\/wp\/v2\/posts"}],"about":[{"href":"https:\/\/rdnews.al\/index.php\/wp-json\/wp\/v2\/types\/post"}],"author":[{"embeddable":true,"href":"https:\/\/rdnews.al\/index.php\/wp-json\/wp\/v2\/users\/4"}],"replies":[{"embeddable":true,"href":"https:\/\/rdnews.al\/index.php\/wp-json\/wp\/v2\/comments?post=130719"}],"version-history":[{"count":1,"href":"https:\/\/rdnews.al\/index.php\/wp-json\/wp\/v2\/posts\/130719\/revisions"}],"predecessor-version":[{"id":130720,"href":"https:\/\/rdnews.al\/index.php\/wp-json\/wp\/v2\/posts\/130719\/revisions\/130720"}],"wp:featuredmedia":[{"embeddable":true,"href":"https:\/\/rdnews.al\/index.php\/wp-json\/wp\/v2\/media\/92779"}],"wp:attachment":[{"href":"https:\/\/rdnews.al\/index.php\/wp-json\/wp\/v2\/media?parent=130719"}],"wp:term":[{"taxonomy":"category","embeddable":true,"href":"https:\/\/rdnews.al\/index.php\/wp-json\/wp\/v2\/categories?post=130719"},{"taxonomy":"post_tag","embeddable":true,"href":"https:\/\/rdnews.al\/index.php\/wp-json\/wp\/v2\/tags?post=130719"}],"curies":[{"name":"wp","href":"https:\/\/api.w.org\/{rel}","templated":true}]}}