{"id":130723,"date":"2025-12-11T11:06:46","date_gmt":"2025-12-11T11:06:46","guid":{"rendered":"https:\/\/rdnews.al\/?p=130723"},"modified":"2025-12-11T11:06:46","modified_gmt":"2025-12-11T11:06:46","slug":"boci-akuza-ndaj-mazhorances-per-standard-te-dyfishte-mos-beni-lojra","status":"publish","type":"post","link":"https:\/\/rdnews.al\/index.php\/2025\/12\/11\/boci-akuza-ndaj-mazhorances-per-standard-te-dyfishte-mos-beni-lojra\/","title":{"rendered":"Bo\u00e7i akuza ndaj mazhoranc\u00ebs p\u00ebr standard t\u00eb dyfisht\u00eb: Mos b\u00ebni lojra&#8230;"},"content":{"rendered":"<p>Seanca parlamentare p\u00ebr zgjedhjen e Avokatit t\u00eb Popullit \u00ebsht\u00eb p\u00ebrfshir\u00eb nga debate, ku opozita ka akuzuar mazhoranc\u00ebn p\u00ebr shkelje t\u00eb procedurave dhe zbatim t\u00eb standardeve t\u00eb dyfishta.<\/p>\n<p>Gjat\u00eb fjal\u00ebs s\u00eb tij, ndeputet i PD Lu\u00e7iano Bo\u00e7i ka sfiduar interpretimin e mazhoranc\u00ebs p\u00ebr termin \u201ckonsensus\u201d, duke theksuar se ai n\u00ebnkupton nj\u00eb marr\u00ebveshje politike ku kandidati p\u00ebr Avokatin e Popullit propozohet nga opozita.<\/p>\n<p>N\u00eb fjal\u00ebn e tij, Bo\u00e7i i \u00ebsht\u00eb referuar nenit 72 t\u00eb rregullores s\u00eb Kuvendit, i cili u jep t\u00eb drejt\u00eb deputet\u00ebve t\u00eb t\u00ebrheqin firmat e tyre p\u00ebr \u00e7do \u00e7\u00ebshtje p\u00ebr sa koh\u00eb ajo nuk ka kaluar p\u00ebr diskutim n\u00eb seanc\u00eb plenare.<\/p>\n<p>Deputeti i PD ka sjell\u00eb n\u00eb v\u00ebmendje nj\u00eb precedent t\u00eb ndodhur vet\u00ebm pak dit\u00eb m\u00eb par\u00eb, me protagoniste ministren e Arsimit, Evis Kushi. Sipas tij, zonja Kushi, n\u00eb cil\u00ebsin\u00eb e deputetes, ka t\u00ebrhequr nj\u00eb propozim ligjor p\u00ebr t\u00eb drejtat e autorit nga diskutimi n\u00eb Komisionin e Arsimit.<\/p>\n<p>K\u00ebrkesa e saj p\u00ebr t\u00ebrheqje u pranua pa asnj\u00eb kund\u00ebrshtim, edhe pse \u00e7\u00ebshtja ishte tashm\u00eb e p\u00ebrfshir\u00eb n\u00eb rendin e dit\u00ebs s\u00eb komisionit.<\/p>\n<p>&#8220;Ju p\u00ebrmend\u00ebt fjal\u00ebn konsensus, zoti kryetar. Dhe shum\u00eb veta k\u00ebtu q\u00eb kan\u00eb p\u00ebrvoj\u00eb politike e din\u00eb shum\u00eb mir\u00eb \u00e7&#8217;\u00ebsht\u00eb konsensusi. Nuk \u00ebsht\u00eb un\u00eb ta hodha dhe ti ma hodhe. Ti ma solle dhe un\u00eb s&#8217;ta solla.<\/p>\n<p>\u00cbsht\u00eb marr\u00ebveshje politike. Dhe n\u00eb baz\u00eb t\u00eb k\u00ebsaj marr\u00ebveshje, konsensus politik, avokatin e popullit e propozon opozita, e propozon Partia Demokratike. K\u00ebshtu ka ndodhur dhe k\u00ebshtu \u00ebsht\u00eb fjala konsensus.<\/p>\n<p>Pse e shtremb\u00ebroni? Por, meq\u00ebn\u00ebse ju kapeni pas atij propozimi nga deputet\u00ebt e Partis\u00eb Demokratike. Ju, jua paraqiti sakt\u00eb zoti Bylykbashi, neni 72, ku t\u00eb gjith\u00eb deputet\u00ebt kan\u00eb t\u00eb drejt\u00eb t\u00eb t\u00ebrheqin firmat e tyre derisa nuk ka kaluar n\u00eb seanc\u00eb plenare.<\/p>\n<p>E doni precedentin? Po. Para dy dit\u00ebsh, n\u00eb mbledhjen e Komisionit t\u00eb Arsimit, ishte depozituar n\u00eb rendin e dit\u00ebs, n\u00eb dokumentat parlamentare, k\u00ebrkesa e zonj\u00ebs Kushi p\u00ebr ndryshime n\u00eb ligjin mbi t\u00eb drejtat e autorit.<\/p>\n<p>Me t\u00eb drejt\u00ebn e saj si deputete, zonja Kushi e ka t\u00ebrhequr nga diskutimi n\u00eb komision, sepse nuk ka ardhur n\u00eb seanc\u00eb. Dhe t\u00ebrheqja \u00ebsht\u00eb pranuar.<\/p>\n<p>Megjith\u00ebse e miratuar n\u00eb rendin e dit\u00ebs, \u00ebsht\u00eb miratuar nga mua si kryetar i komisionit.<\/p>\n<p>Po pse mo? Ne kemi dy pal\u00eb deputet\u00eb? Deputet\u00eb q\u00eb kan\u00eb t\u00eb drejta sipas rregullores dhe jan\u00eb n\u00eb krahun k\u00ebtu, dhe deputet\u00eb q\u00eb nuk kan\u00eb t\u00eb drejta sipas rregullores q\u00eb jan\u00eb n\u00eb krahun k\u00ebtu? Doni precedent ju?<\/p>\n<p>Ja ky \u00ebsht\u00eb precedenti. I qart\u00eb dhe i lexuesh\u00ebm. K\u00ebshtu q\u00eb mos b\u00ebni lojra, mos u paraqitni sikur k\u00ebtu na e hodh\u00ebt, paske dal\u00eb ju t\u00eb men\u00e7ur.<\/p>\n<p>Qartazi ju po shqyrtoni nj\u00eb proces me kandidat\u00eb q\u00eb nuk kan\u00eb firma, sepse deputet\u00ebt e Partis\u00eb Demokratike ta kan\u00eb depozituar dhe \u00ebsht\u00eb, jo vet\u00ebm e drejta jote, \u00ebsht\u00eb detyra jote t\u00eb interpretosh rregulloren. Se sa her\u00eb do t\u00eb dal\u00ebsh nga situata t\u00eb v\u00ebshtira thua, jam un\u00eb q\u00eb e interpretoj rregulloren. Interpretoje pra! Jan\u00eb t\u00ebrhequr&#8221;, u shpreh Bo\u00e7i.<\/p>\n","protected":false},"excerpt":{"rendered":"<p>Seanca parlamentare p\u00ebr zgjedhjen e Avokatit t\u00eb Popullit \u00ebsht\u00eb p\u00ebrfshir\u00eb nga debate, ku opozita ka akuzuar mazhoranc\u00ebn p\u00ebr shkelje t\u00eb procedurave dhe zbatim t\u00eb standardeve t\u00eb dyfishta. Gjat\u00eb fjal\u00ebs s\u00eb tij, ndeputet i PD Lu\u00e7iano Bo\u00e7i ka sfiduar interpretimin e mazhoranc\u00ebs p\u00ebr termin \u201ckonsensus\u201d, duke theksuar se ai n\u00ebnkupton nj\u00eb marr\u00ebveshje politike ku kandidati p\u00ebr &hellip;<\/p>\n","protected":false},"author":4,"featured_media":128779,"comment_status":"closed","ping_status":"closed","sticky":false,"template":"","format":"standard","meta":{"footnotes":""},"categories":[37],"tags":[],"class_list":["post-130723","post","type-post","status-publish","format-standard","has-post-thumbnail","","category-politike"],"_links":{"self":[{"href":"https:\/\/rdnews.al\/index.php\/wp-json\/wp\/v2\/posts\/130723","targetHints":{"allow":["GET"]}}],"collection":[{"href":"https:\/\/rdnews.al\/index.php\/wp-json\/wp\/v2\/posts"}],"about":[{"href":"https:\/\/rdnews.al\/index.php\/wp-json\/wp\/v2\/types\/post"}],"author":[{"embeddable":true,"href":"https:\/\/rdnews.al\/index.php\/wp-json\/wp\/v2\/users\/4"}],"replies":[{"embeddable":true,"href":"https:\/\/rdnews.al\/index.php\/wp-json\/wp\/v2\/comments?post=130723"}],"version-history":[{"count":1,"href":"https:\/\/rdnews.al\/index.php\/wp-json\/wp\/v2\/posts\/130723\/revisions"}],"predecessor-version":[{"id":130724,"href":"https:\/\/rdnews.al\/index.php\/wp-json\/wp\/v2\/posts\/130723\/revisions\/130724"}],"wp:featuredmedia":[{"embeddable":true,"href":"https:\/\/rdnews.al\/index.php\/wp-json\/wp\/v2\/media\/128779"}],"wp:attachment":[{"href":"https:\/\/rdnews.al\/index.php\/wp-json\/wp\/v2\/media?parent=130723"}],"wp:term":[{"taxonomy":"category","embeddable":true,"href":"https:\/\/rdnews.al\/index.php\/wp-json\/wp\/v2\/categories?post=130723"},{"taxonomy":"post_tag","embeddable":true,"href":"https:\/\/rdnews.al\/index.php\/wp-json\/wp\/v2\/tags?post=130723"}],"curies":[{"name":"wp","href":"https:\/\/api.w.org\/{rel}","templated":true}]}}