{"id":130725,"date":"2025-12-11T11:15:23","date_gmt":"2025-12-11T11:15:23","guid":{"rendered":"https:\/\/rdnews.al\/?p=130725"},"modified":"2025-12-11T11:15:23","modified_gmt":"2025-12-11T11:15:23","slug":"gjoni-procesi-per-zgjedhjen-e-avokatit-te-popullit-te-vazhdoje-vetem-pasi-pd-te-depozitoje-firmat","status":"publish","type":"post","link":"https:\/\/rdnews.al\/index.php\/2025\/12\/11\/gjoni-procesi-per-zgjedhjen-e-avokatit-te-popullit-te-vazhdoje-vetem-pasi-pd-te-depozitoje-firmat\/","title":{"rendered":"Gjoni: Procesi p\u00ebr zgjedhjen e Avokatit t\u00eb Popullit t\u00eb vazhdoj\u00eb vet\u00ebm pasi PD t\u00eb depozitoj\u00eb firmat"},"content":{"rendered":"<p>Seanca parlamentare \u00ebsht\u00eb shoq\u00ebruar me debate t\u00eb ashpra procedurale, ku opozita ka akuzuar mazhoranc\u00ebn p\u00ebr shkelje t\u00eb rregullores s\u00eb Kuvendit n\u00eb procesin e em\u00ebrimit t\u00eb Avokatit t\u00eb Popullit.<\/p>\n<p>Deputeti i PD, Gjin Gjoni gjat\u00eb fjal\u00ebs s\u00eb tij, ka argumentuar se procedura e ndjekur nga Partia Socialiste \u00ebsht\u00eb antikushtetuese dhe mund t\u00eb \u00e7oj\u00eb n\u00eb nj\u00eb konflikt gjyq\u00ebsor.<\/p>\n<p>Gjoni i b\u00ebri thirrje grupit parlamentar t\u00eb Partis\u00eb Socialiste q\u00eb t\u00eb t\u00ebrhiqet nga votimi, ta heq\u00eb pik\u00ebn nga rendi i dit\u00ebs dhe ta shtyj\u00eb seanc\u00ebn n\u00eb m\u00ebnyr\u00eb q\u00eb procedura t\u00eb respektohet plot\u00ebsisht.<\/p>\n<p>Gjoni: Nuk po i mohojm\u00eb edhe partit\u00eb e tjera, por \u00ebsht\u00eb n\u00eb tagrin e si partia m\u00eb e madhe opozitare.<\/p>\n<p>Tani, n\u00eb rast se do ta fusim procedur\u00ebn n\u00eb rregullin normal, at\u00eb q\u00eb e k\u00ebrkon rregullorja, paraqitja dhe vendosja e firmave \u00ebsht\u00eb vendosur p\u00ebr t\u00eb realizuar d\u00ebgjes\u00ebn publike sipas nenit 111 t\u00eb t\u00eb rregullores.<\/p>\n<p>Dhe pas d\u00ebgjes\u00ebs publike, k\u00ebrkohet rimarrja e firmave, k\u00ebrkohet vendosja e firmave p\u00ebr t\u00eb ardhur propozimi, sepse kandidaturat t\u00eb cil\u00ebt jan\u00eb kualifikuar, kandidaturat t\u00eb cil\u00ebt jan\u00eb kualifikuar, kan\u00eb t\u00eb drejt\u00eb q\u00eb t\u00eb marrin firma. Nuk mundet q\u00eb firmat t\u00eb paraqiten dhe po t&#8217;i referohemi nenit 111 pika 5, thuhet, brenda pes\u00eb dit\u00ebve nga d\u00ebrgimi i njoftimit t\u00eb list\u00ebs s\u00eb kandidaturave t\u00eb vetofruar, t\u00eb grupeve, organizohet d\u00ebgjesa e hapur publike n\u00eb mjedis t\u00eb kuvendit, ku njoftohen t\u00eb marrin pjes\u00eb t\u00eb gjith\u00eb deputet\u00ebt dhe grupet parlamentare.<\/p>\n<p>Pra, e thot\u00eb p\u00ebr institucionet kushtetuese. Dhe pika q\u00eb e thot\u00eb n\u00eb m\u00ebnyr\u00eb taksative, pas d\u00ebgjes\u00ebs publike, t\u00eb pakt\u00ebn 28 deputet\u00eb p\u00ebrzgjedhin kandidatin ose kandidat\u00ebt q\u00eb do t\u00eb mb\u00ebshtesin p\u00ebr t&#8217;i propozuar kuvendit sipas cil\u00ebsive profesionale dhe performanc\u00ebs s\u00eb prezantimit. Pra, kjo ndodh pasi \u00ebsht\u00eb b\u00ebr\u00eb d\u00ebgjesa publike. Dhe pas d\u00ebgjes\u00ebs publike vendosen firmat.<\/p>\n<p>D\u00ebgjesat publike dhe kandidaturat kan\u00eb dal\u00eb tre kat\u00ebr dit\u00eb p\u00ebrpara. Dhe normalisht duhet t\u00eb merren firmat p\u00ebr k\u00ebto gjasht\u00eb kandidatura. K\u00ebshtu q\u00eb \u00ebsht\u00eb n\u00eb nderin e grupit parlamentar t\u00eb Partis\u00eb Socialiste t\u00eb t\u00ebrheq\u00eb nga rendi i dit\u00ebs dhe besoj ta hedhim n\u00eb votim dhe t\u00eb shtyhet n\u00eb m\u00ebnyr\u00eb q\u00eb t\u00eb respektohet procedura.<\/p>\n<p>Sepse kandidatura e cila do votohet, n\u00eb rast se do votohet gjithmon\u00eb me me votat e maxhoranc\u00ebs, nuk \u00ebsht\u00eb kandidatur\u00eb e Partis\u00eb Demokratike nga pik\u00ebpamja e firmave dhe nga ana tjet\u00ebr \u00ebsht\u00eb n\u00eb kund\u00ebrshtim t\u00eb hapur dhe do jet\u00eb konflikt gjyq\u00ebsor kushtetues. K\u00ebshtu q\u00eb n\u00eb k\u00ebt\u00eb pik\u00ebpamje sa t\u00eb lodhemi kot dhe t\u00eb vijm\u00eb dhe t\u00eb bjerrim seancat pafund. Ne t\u00eb gjejm\u00eb nj\u00eb mund\u00ebsi, t\u00eb shtyhet seanca, t\u00eb depozitojm\u00eb firmat sipas parashikimeve t\u00eb rregullores dhe t\u00eb zhvillohet.<\/p>\n","protected":false},"excerpt":{"rendered":"<p>Seanca parlamentare \u00ebsht\u00eb shoq\u00ebruar me debate t\u00eb ashpra procedurale, ku opozita ka akuzuar mazhoranc\u00ebn p\u00ebr shkelje t\u00eb rregullores s\u00eb Kuvendit n\u00eb procesin e em\u00ebrimit t\u00eb Avokatit t\u00eb Popullit. Deputeti i PD, Gjin Gjoni gjat\u00eb fjal\u00ebs s\u00eb tij, ka argumentuar se procedura e ndjekur nga Partia Socialiste \u00ebsht\u00eb antikushtetuese dhe mund t\u00eb \u00e7oj\u00eb n\u00eb nj\u00eb konflikt &hellip;<\/p>\n","protected":false},"author":4,"featured_media":130726,"comment_status":"closed","ping_status":"closed","sticky":false,"template":"","format":"standard","meta":{"footnotes":""},"categories":[37],"tags":[],"class_list":["post-130725","post","type-post","status-publish","format-standard","has-post-thumbnail","","category-politike"],"_links":{"self":[{"href":"https:\/\/rdnews.al\/index.php\/wp-json\/wp\/v2\/posts\/130725","targetHints":{"allow":["GET"]}}],"collection":[{"href":"https:\/\/rdnews.al\/index.php\/wp-json\/wp\/v2\/posts"}],"about":[{"href":"https:\/\/rdnews.al\/index.php\/wp-json\/wp\/v2\/types\/post"}],"author":[{"embeddable":true,"href":"https:\/\/rdnews.al\/index.php\/wp-json\/wp\/v2\/users\/4"}],"replies":[{"embeddable":true,"href":"https:\/\/rdnews.al\/index.php\/wp-json\/wp\/v2\/comments?post=130725"}],"version-history":[{"count":1,"href":"https:\/\/rdnews.al\/index.php\/wp-json\/wp\/v2\/posts\/130725\/revisions"}],"predecessor-version":[{"id":130727,"href":"https:\/\/rdnews.al\/index.php\/wp-json\/wp\/v2\/posts\/130725\/revisions\/130727"}],"wp:featuredmedia":[{"embeddable":true,"href":"https:\/\/rdnews.al\/index.php\/wp-json\/wp\/v2\/media\/130726"}],"wp:attachment":[{"href":"https:\/\/rdnews.al\/index.php\/wp-json\/wp\/v2\/media?parent=130725"}],"wp:term":[{"taxonomy":"category","embeddable":true,"href":"https:\/\/rdnews.al\/index.php\/wp-json\/wp\/v2\/categories?post=130725"},{"taxonomy":"post_tag","embeddable":true,"href":"https:\/\/rdnews.al\/index.php\/wp-json\/wp\/v2\/tags?post=130725"}],"curies":[{"name":"wp","href":"https:\/\/api.w.org\/{rel}","templated":true}]}}