{"id":130732,"date":"2025-12-11T11:25:35","date_gmt":"2025-12-11T11:25:35","guid":{"rendered":"https:\/\/rdnews.al\/?p=130732"},"modified":"2025-12-11T11:26:09","modified_gmt":"2025-12-11T11:26:09","slug":"paloka-te-presesh-nga-rama-te-mbaje-fjalen-eshte-kulmi-i-naivitetit","status":"publish","type":"post","link":"https:\/\/rdnews.al\/index.php\/2025\/12\/11\/paloka-te-presesh-nga-rama-te-mbaje-fjalen-eshte-kulmi-i-naivitetit\/","title":{"rendered":"Paloka: T\u00eb pres\u00ebsh nga Rama t\u00eb mbaj\u00eb fjal\u00ebn \u00ebsht\u00eb kulmi i naivitetit&#8230;"},"content":{"rendered":"<p>Deputeti i PD, Edi Paloka, nga foltorja e Kuvendit, deklaroi se mazhoranca dhe kryeministri Edi Rama nuk zbatojn\u00eb marr\u00ebveshjet dhe se t\u00eb pres\u00ebsh prej tyre t\u00eb kund\u00ebrt\u00ebn \u00ebsht\u00eb naivitet.<\/p>\n<p>Gjat\u00eb fjal\u00ebs s\u00eb tij, Paloka u shpreh se q\u00eb n\u00eb momentin q\u00eb Edi Rama erdhi n\u00eb krye t\u00eb Partis\u00eb Socialiste dhe qeveris\u00eb, marr\u00ebveshjet nuk jan\u00eb respektuar. Ai theksoi se \u00ebsht\u00eb iluzion t\u00eb pritet q\u00eb Kryeministri Rama t\u00eb zbatoj\u00eb marr\u00ebveshje xhent\u00eblmen\u00ebsh.<\/p>\n<p>&#8220;I kemi zbatuar k\u00ebto marr\u00ebveshje dhe anasjelltas. Sa ka qen\u00eb Fatos Nano kryetar i Partis\u00eb Socialiste.<\/p>\n<p>Q\u00eb n\u00eb momentin q\u00eb ka ardhur udh\u00ebheq\u00ebsi juaj n\u00eb krye t\u00eb partis\u00eb tuaj dhe t\u00eb qeveris\u00eb, k\u00ebt\u00eb q\u00eb po them nuk e kam vet\u00ebm me ju, n\u00eb fakt e kam dhe me koleg\u00ebt e mi.<\/p>\n<p>Ju kam b\u00ebr\u00eb t\u00eb qart\u00eb edhe koleg\u00ebve, edhe dje, jo m\u00eb larg se dje, prisni q\u00eb Edi Rama t\u00eb zbatoj\u00eb marr\u00ebveshje xhent\u00eblmen\u00ebsh. Kjo \u00ebsht\u00eb&#8230; Dometh\u00ebn\u00eb, t\u00eb jemi kaq naiv\u00eb q\u00eb t\u00eb presim nga nj\u00eb qenie si Rama t\u00eb zbatoj\u00eb marr\u00ebveshjet e xhent\u00eblmen\u00ebve? Po kjo \u00ebsht\u00eb kulmi i naivitetit, n\u00eb rastin m\u00eb t\u00eb keq.<\/p>\n<p>As nuk presim dhe kush ka iluzione q\u00eb k\u00ebta k\u00ebtej, q\u00eb zbatojn\u00eb urdhrat e Ram\u00ebs, do t\u00eb zbatojn\u00eb ndonj\u00eb marr\u00ebveshje xhent\u00eblmen\u00ebsh. Ky parlament ka mbaruar me koh\u00eb, nuk ka asnj\u00eb vler\u00eb.<\/p>\n<p>Ju q\u00eb merrni urdhra k\u00ebtej e k\u00ebta q\u00eb marrin urdhra andej, nuk zbatohet as rregullorja, as ligjet, as kushtetuta dhe ne presim ne q\u00eb ju zbatoni marr\u00ebveshje xhent\u00eblmen\u00ebsh.<\/p>\n<p>As nuk duhet ta zgjasim m\u00eb k\u00ebt\u00eb diskutim. K\u00ebtu \u00ebsht\u00eb e qart\u00eb q\u00eb nuk ka marr\u00ebveshje, nuk ka asnj\u00eb rast tjet\u00ebr t\u00eb ket\u00eb ndodhur n\u00eb k\u00ebt\u00eb parlament q\u00eb t\u00eb luhet me k\u00ebt\u00eb m\u00ebnyr\u00eb, jo po keni dh\u00ebn\u00eb firmat ju.<\/p>\n<p>A dol\u00ebt dhe that\u00eb, ja kemi l\u00ebn\u00eb opozit\u00ebs. Kemi ardhur ne, edhe me nj\u00eb kandidat, s&#8217;e keni pranuar.<\/p>\n<p>Edhe prap\u00eb po t\u00eb vinim me nj\u00eb kandidat, prap\u00eb s&#8217;do e pranonit. Dhe nuk ka budalla k\u00ebtu q\u00eb nuk e di k\u00ebt\u00eb.<\/p>\n<p>Mbasi pat\u00eb q\u00eb u mblodh\u00ebn firmat, dol\u00ebt u b\u00ebt\u00eb bujar\u00eb, ju that\u00eb, ja do t&#8217;ia l\u00ebm\u00eb ne opozit\u00ebs. Nuk ka iluzione fare. K\u00ebshtu q\u00eb mbylleni k\u00ebt\u00eb fars\u00eb t\u00eb radh\u00ebs, kalojeni n\u00eb votim, p\u00ebr mua, edhe t\u00eb vazhdojm\u00eb&#8221;, u shpreh Paloka.<\/p>\n","protected":false},"excerpt":{"rendered":"<p>Deputeti i PD, Edi Paloka, nga foltorja e Kuvendit, deklaroi se mazhoranca dhe kryeministri Edi Rama nuk zbatojn\u00eb marr\u00ebveshjet dhe se t\u00eb pres\u00ebsh prej tyre t\u00eb kund\u00ebrt\u00ebn \u00ebsht\u00eb naivitet. Gjat\u00eb fjal\u00ebs s\u00eb tij, Paloka u shpreh se q\u00eb n\u00eb momentin q\u00eb Edi Rama erdhi n\u00eb krye t\u00eb Partis\u00eb Socialiste dhe qeveris\u00eb, marr\u00ebveshjet nuk jan\u00eb respektuar. &hellip;<\/p>\n","protected":false},"author":4,"featured_media":57103,"comment_status":"closed","ping_status":"closed","sticky":false,"template":"","format":"standard","meta":{"footnotes":""},"categories":[37],"tags":[],"class_list":["post-130732","post","type-post","status-publish","format-standard","has-post-thumbnail","","category-politike"],"_links":{"self":[{"href":"https:\/\/rdnews.al\/index.php\/wp-json\/wp\/v2\/posts\/130732","targetHints":{"allow":["GET"]}}],"collection":[{"href":"https:\/\/rdnews.al\/index.php\/wp-json\/wp\/v2\/posts"}],"about":[{"href":"https:\/\/rdnews.al\/index.php\/wp-json\/wp\/v2\/types\/post"}],"author":[{"embeddable":true,"href":"https:\/\/rdnews.al\/index.php\/wp-json\/wp\/v2\/users\/4"}],"replies":[{"embeddable":true,"href":"https:\/\/rdnews.al\/index.php\/wp-json\/wp\/v2\/comments?post=130732"}],"version-history":[{"count":1,"href":"https:\/\/rdnews.al\/index.php\/wp-json\/wp\/v2\/posts\/130732\/revisions"}],"predecessor-version":[{"id":130733,"href":"https:\/\/rdnews.al\/index.php\/wp-json\/wp\/v2\/posts\/130732\/revisions\/130733"}],"wp:featuredmedia":[{"embeddable":true,"href":"https:\/\/rdnews.al\/index.php\/wp-json\/wp\/v2\/media\/57103"}],"wp:attachment":[{"href":"https:\/\/rdnews.al\/index.php\/wp-json\/wp\/v2\/media?parent=130732"}],"wp:term":[{"taxonomy":"category","embeddable":true,"href":"https:\/\/rdnews.al\/index.php\/wp-json\/wp\/v2\/categories?post=130732"},{"taxonomy":"post_tag","embeddable":true,"href":"https:\/\/rdnews.al\/index.php\/wp-json\/wp\/v2\/tags?post=130732"}],"curies":[{"name":"wp","href":"https:\/\/api.w.org\/{rel}","templated":true}]}}