{"id":130734,"date":"2025-12-11T11:30:39","date_gmt":"2025-12-11T11:30:39","guid":{"rendered":"https:\/\/rdnews.al\/?p=130734"},"modified":"2025-12-11T11:30:39","modified_gmt":"2025-12-11T11:30:39","slug":"noka-ju-nuk-njihni-limit-opozita-refuzon-endri-shabanin-si-avokat-te-popullit","status":"publish","type":"post","link":"https:\/\/rdnews.al\/index.php\/2025\/12\/11\/noka-ju-nuk-njihni-limit-opozita-refuzon-endri-shabanin-si-avokat-te-popullit\/","title":{"rendered":"Noka: Ju nuk njihni limit! Opozita refuzon Endri Shabanin si Avokat t\u00eb Popullit"},"content":{"rendered":"<p>Seanca parlamentare \u00ebsht\u00eb p\u00ebrfshir\u00eb nga debate t\u00eb ashpra gjat\u00eb diskutimeve p\u00ebr zgjedhjen e Avokatit t\u00eb ri t\u00eb Popullit, ku opozita ka l\u00ebshuar akuza t\u00eb forta ndaj mazhoranc\u00ebs p\u00ebr thyerje t\u00eb konsensusit dhe tentativ\u00eb p\u00ebr kapjen e institucionit.<\/p>\n<p>Nga foltorja e Kuvendit, Flamur Noka deklaroi se mazhoranca po shkel nj\u00eb tradit\u00eb t\u00eb vjet\u00ebr parlamentare, sipas s\u00eb cil\u00ebs posti i Avokatit t\u00eb Popullit zgjidhet me konsensus dhe i takon opozit\u00ebs t\u00eb propozoj\u00eb kandidatin. Ai hodhi posht\u00eb pretendimet se mazhoranca aktuale ka merita p\u00ebr ligjin, duke kujtuar rastin e zgjedhjes s\u00eb Ermir Dobjanit.<\/p>\n<p>&#8220;Iku kjo, por \u00e7\u00ebshtja juaj. Tani, zoti kryetar, \u00ebsht\u00eb tradit\u00eb e vjet\u00ebr parlamentare q\u00eb avokati i popullit t\u00eb zgjidhet me konsensus k\u00ebtu dhe gjithmon\u00eb opozit\u00ebs i \u00ebsht\u00eb dh\u00ebn\u00eb e drejta e propozimit t\u00eb kandidatit. D\u00ebgjuam k\u00ebtu q\u00eb jo e kemi shpikur ne ligjin, e kemi b\u00ebr\u00eb ligjin, prandaj them un\u00eb injorant, sepse Ermir Dobjani kur \u00ebsht\u00eb votuar n\u00eb k\u00ebt\u00eb parlament kandidat p\u00ebr avokat populli, nuk keni qen\u00eb ju fare n\u00eb pushtet q\u00eb t\u00eb kishit iniciuar ligj. Ka qen\u00eb Sali Berisha dhe ka qen\u00eb kandidati i Partis\u00eb Socialiste, Ermir Dobjani.<\/p>\n<p>At\u00ebher\u00eb pra, pse t\u00eb nxjerr g\u00ebnjeshtar? Nuk duhet t\u00eb djek se g\u00ebnjeshtari \u00ebsht\u00eb g\u00ebnjeshtar. Mund t\u00eb thuash edhe ti jam injorant si ai tjetri, ta falim, nuk do t\u00eb thot\u00eb, injoranca falet. Injoranca falet. Ama g\u00ebnjeshtra dhe mashtrimi nuk falet. Prit t\u00eb lutem. Niko, ta mbaroj. Tani, cili \u00ebsht\u00eb thelbi, zot\u00ebrinj? Doni, doni t&#8217;i jepni opozit\u00ebs avokatin e popullit apo e doni ta em\u00ebroni vet\u00eb? Po qe se ju doni t&#8217;ia jepni opozit\u00ebs, procesi futet n\u00eb hullin\u00eb institucional. Me dat\u00ebn 2 dhjetor, grupi parlamentar ju ka d\u00ebrguar nj\u00eb njoftim.<\/p>\n<p>Me dat\u00ebn 2 dhjetor, pasi komisioni i ligjeve vendosi q\u00eb nuk mundet nj\u00eb deputet t\u00eb firmos\u00eb m\u00eb shum\u00eb se nj\u00eb em\u00ebr, grupi parlamentar ka d\u00ebrguar nj\u00eb k\u00ebrkes\u00eb p\u00ebr t\u00ebrheqjen e t\u00eb gjitha firmave p\u00ebr \u00e7do pretendent p\u00ebr kandidat. A ju doni lepurin e Surrelit? Sepse duhet t&#8217;i b\u00ebj\u00eb avokatin Surrelit dhe partis\u00eb dhe jo avokatin e popullit. \u00cbsht\u00eb \u00e7\u00ebshtje e juaja, zgjidhni ju, por jo ne. Avokati do jet\u00eb i partis\u00eb dhe i Surrelit, por nuk \u00ebsht\u00eb avokati i popullit. Ndaj vendosni.<\/p>\n<p>Edi Rama ju ka urdh\u00ebruar t\u00eb rr\u00ebmbeni \u00e7do gj\u00eb, \u00e7do gj\u00eb keni rr\u00ebmbyer. Ju nuk njihni limit. Rr\u00ebmbeni para, rr\u00ebmbeni taksa, rr\u00ebmbeni njer\u00ebz dhe zhdukni. Ju nuk njihni gj\u00eb n\u00eb rr\u00ebmbim. Ju \u00e7do gj\u00eb rr\u00ebmbeni. Rr\u00ebmbeni dhe k\u00ebt\u00eb, por nuk ka lidhje me opozit\u00ebn. Opozita nuk e njeh lepurin e Surrelit, Endri Shabani, si kandidat t\u00eb mb\u00ebshtetur nga ajo. Kaq&#8221;, u shpreh Noka.<\/p>\n","protected":false},"excerpt":{"rendered":"<p>Seanca parlamentare \u00ebsht\u00eb p\u00ebrfshir\u00eb nga debate t\u00eb ashpra gjat\u00eb diskutimeve p\u00ebr zgjedhjen e Avokatit t\u00eb ri t\u00eb Popullit, ku opozita ka l\u00ebshuar akuza t\u00eb forta ndaj mazhoranc\u00ebs p\u00ebr thyerje t\u00eb konsensusit dhe tentativ\u00eb p\u00ebr kapjen e institucionit. Nga foltorja e Kuvendit, Flamur Noka deklaroi se mazhoranca po shkel nj\u00eb tradit\u00eb t\u00eb vjet\u00ebr parlamentare, sipas s\u00eb &hellip;<\/p>\n","protected":false},"author":4,"featured_media":124022,"comment_status":"closed","ping_status":"closed","sticky":false,"template":"","format":"standard","meta":{"footnotes":""},"categories":[37],"tags":[],"class_list":["post-130734","post","type-post","status-publish","format-standard","has-post-thumbnail","","category-politike"],"_links":{"self":[{"href":"https:\/\/rdnews.al\/index.php\/wp-json\/wp\/v2\/posts\/130734","targetHints":{"allow":["GET"]}}],"collection":[{"href":"https:\/\/rdnews.al\/index.php\/wp-json\/wp\/v2\/posts"}],"about":[{"href":"https:\/\/rdnews.al\/index.php\/wp-json\/wp\/v2\/types\/post"}],"author":[{"embeddable":true,"href":"https:\/\/rdnews.al\/index.php\/wp-json\/wp\/v2\/users\/4"}],"replies":[{"embeddable":true,"href":"https:\/\/rdnews.al\/index.php\/wp-json\/wp\/v2\/comments?post=130734"}],"version-history":[{"count":1,"href":"https:\/\/rdnews.al\/index.php\/wp-json\/wp\/v2\/posts\/130734\/revisions"}],"predecessor-version":[{"id":130735,"href":"https:\/\/rdnews.al\/index.php\/wp-json\/wp\/v2\/posts\/130734\/revisions\/130735"}],"wp:featuredmedia":[{"embeddable":true,"href":"https:\/\/rdnews.al\/index.php\/wp-json\/wp\/v2\/media\/124022"}],"wp:attachment":[{"href":"https:\/\/rdnews.al\/index.php\/wp-json\/wp\/v2\/media?parent=130734"}],"wp:term":[{"taxonomy":"category","embeddable":true,"href":"https:\/\/rdnews.al\/index.php\/wp-json\/wp\/v2\/categories?post=130734"},{"taxonomy":"post_tag","embeddable":true,"href":"https:\/\/rdnews.al\/index.php\/wp-json\/wp\/v2\/tags?post=130734"}],"curies":[{"name":"wp","href":"https:\/\/api.w.org\/{rel}","templated":true}]}}