{"id":130736,"date":"2025-12-11T11:47:57","date_gmt":"2025-12-11T11:47:57","guid":{"rendered":"https:\/\/rdnews.al\/?p=130736"},"modified":"2025-12-11T11:47:57","modified_gmt":"2025-12-11T11:47:57","slug":"shehu-po-shkelni-marreveshjet-dhe-po-rrenoni-ekuilibrat-e-pushteteve","status":"publish","type":"post","link":"https:\/\/rdnews.al\/index.php\/2025\/12\/11\/shehu-po-shkelni-marreveshjet-dhe-po-rrenoni-ekuilibrat-e-pushteteve\/","title":{"rendered":"Shehu: Po shkelni marr\u00ebveshjet dhe po rr\u00ebnoni ekuilibrat e pushteteve!"},"content":{"rendered":"<p>N\u00eb seanc\u00ebn e sotme parlamentare, deputeti demokrat Tritan Shehu kritikoi mazhoranc\u00ebn p\u00ebr p\u00ebrjashtimin e opozit\u00ebs nga proceset e p\u00ebrzgjedhjes s\u00eb institucioneve t\u00eb pavarura, duke e cil\u00ebsuar situat\u00ebn si t\u00eb paprecedent\u00eb n\u00eb historin\u00eb parlamentare t\u00eb vendit.<\/p>\n<p>Ai tha se mazhoranca ka marr\u00eb nj\u00ebanshm\u00ebrisht t\u00eb gjitha institucionet q\u00eb k\u00ebrkojn\u00eb balanc\u00eb pushtetesh, duke p\u00ebrfshir\u00eb K\u00ebshillin dhe Komisionin e Integrimit, nd\u00ebrsa paralajm\u00ebroi se zgjedhja e Avokatit t\u00eb Popullit pa konsensus \u201cnuk do t\u00eb ket\u00eb asnj\u00eb vler\u00eb\u201d. Shehu theksoi se Shqip\u00ebria ka nevoj\u00eb p\u00ebr ekuilibra institucional\u00eb dhe respektim t\u00eb marr\u00ebveshjeve politike, duke akuzuar qeverin\u00eb se po vepron me arroganc\u00eb dhe arbitraritet n\u00eb d\u00ebm t\u00eb demokracis\u00eb.<\/p>\n<p>&#8220;Dhe ky \u00ebsht\u00eb q\u00ebllimi. Q\u00ebllimi q\u00eb opozita t\u00eb marr\u00eb pjes\u00eb n\u00eb zgjedhjen e disa institucioneve t\u00eb cil\u00ebt nuk i p\u00ebrkasin ekzekutivit dhe mund t\u00eb b\u00ebjn\u00eb dhe nj\u00eb rol oponenc\u00eb ndaj ekzekutivit. Kjo \u00ebsht\u00eb \u00e7\u00ebshtja. A do ta pranojm\u00eb k\u00ebt\u00eb gj\u00eb? T&#8217;i l\u00ebm\u00eb loj\u00ebrat e fjal\u00ebve, t&#8217;i l\u00ebm\u00eb skenar\u00ebt absurd, t\u00eb themi k\u00ebt\u00eb gj\u00eb: a i q\u00ebndrojm\u00eb k\u00ebsaj gj\u00ebje apo jo? A jemi dakord n\u00eb k\u00ebt\u00eb m\u00ebnyr\u00eb apo jo? Kjo q\u00eb po ndodh k\u00ebsaj radhe, nuk ka ndodhur ndonj\u00ebher\u00eb n\u00eb parlamentarizmin shqiptar. Q\u00eb kur \u00ebsht\u00eb krijuar ky parlament.<\/p>\n<p>Asnj\u00ebher\u00eb s&#8217;ka ndodhur ky element. Gjithmon\u00eb i \u00ebsht\u00eb q\u00ebndruar besnik kompromiseve, marr\u00ebveshjeve dhe i \u00ebsht\u00eb l\u00ebn\u00eb hap\u00ebsira opozit\u00ebs atje ku \u00ebsht\u00eb vendosur me ligje t\u00eb till\u00eb. Si\u00e7 ishit dhe juve. Kjo \u00ebsht\u00eb. N\u00eb qoft\u00eb se do e deformojm\u00eb, mir\u00eb, s&#8217;ka asgj\u00eb. Ju i mor\u00ebt t\u00eb gjitha. Ju mor\u00ebt K\u00ebshillin e Integrimit. Ju mor\u00ebt Komisionin e Integrimit. Ju i mor\u00ebt t\u00eb gjitha element\u00ebt politik\u00eb q\u00eb p\u00ebr t\u00eb krijuar ekuilibra e pushteteve dhe Shqip\u00ebria ka nevoj\u00eb p\u00ebr ekuilibra pushtetesh.<\/p>\n<p>Ka nevoj\u00eb komuniteti nd\u00ebrkomb\u00ebtar p\u00ebr t\u00eb par\u00eb n\u00eb Shqip\u00ebri ekuilibra pushtetesh, pik\u00ebrisht p\u00ebr t\u00eb mir\u00ebn e Shqip\u00ebris\u00eb dhe p\u00ebr integrimin e Shqip\u00ebris\u00eb. Ju i mor\u00ebt, i rr\u00ebmbyet, shkel\u00ebt marr\u00ebveshjet n\u00eb m\u00ebnyr\u00eb t\u00eb nj\u00ebanshme. Shkel\u00ebt marr\u00ebveshjen p\u00ebr K\u00ebshillin e Integrimit, kur ajo, kur ligji p\u00ebr t\u00eb ishte b\u00ebr\u00eb me konsensus dhe me pjes\u00ebmarrjen e komunitetit nd\u00ebrkomb\u00ebtar. Ju e b\u00ebt\u00eb vet\u00eb. Pra, ju i b\u00ebt\u00eb k\u00ebto gj\u00ebra.<\/p>\n<p>Doni t\u00eb merrni dhe avokatin e popullit? Merreni, o zot\u00ebrinj. Nuk ka asgj\u00eb. Ta dini q\u00eb s&#8217;ka asnj\u00eb vler\u00eb. Ja po jua them un\u00eb q\u00eb nuk ka asnj\u00eb vler\u00eb. Nuk do t\u00eb ket\u00eb asnj\u00eb vler\u00eb. Se ju, t\u00eb gjitha institucionet do t&#8217;i p\u00ebrdorni dhe i p\u00ebrdorni me arroganc\u00eb, me arbitraritet, p\u00ebr t\u00eb shkelur demokracin\u00eb. Kjo \u00ebsht\u00eb \u00e7\u00ebshtja. Doni dhe nj\u00eb tep\u00ebr. P\u00ebr mua r\u00ebndon m\u00eb tep\u00ebr kjo n\u00eb arbitraritetin tuaj. Kjo r\u00ebndon akoma m\u00eb tep\u00ebr n\u00eb shkeljen e demokracis\u00eb q\u00eb po b\u00ebni ju.<\/p>\n<p>Pastaj loj\u00ebrat e fjal\u00ebve, element\u00ebt banal dhe komik, jan\u00eb puna juaj. Doni t&#8217;i p\u00ebrdorni. Pra merrni t\u00eb gjitha. S&#8217;ka asgj\u00eb. Asgj\u00eb. P\u00ebrdorni, si t\u00eb doni p\u00ebrdorni. I keni. Nuk na trembni ne, absolutisht jo. Nuk na impresiononi. Absolutisht jo. Po ka nj\u00eb moral ama. Ka nj\u00eb moral dhe nj\u00eb p\u00ebrgjegj\u00ebsi ndaj marr\u00ebveshjeve t\u00eb b\u00ebra dhe ndaj parimeve mbi t\u00eb cilat vendosen dhe marr\u00ebveshjet jan\u00eb b\u00ebr\u00eb. Pavar\u00ebsisht nga roli q\u00eb luajn\u00eb&#8221;, u shpreh Shehu.<\/p>\n","protected":false},"excerpt":{"rendered":"<p>N\u00eb seanc\u00ebn e sotme parlamentare, deputeti demokrat Tritan Shehu kritikoi mazhoranc\u00ebn p\u00ebr p\u00ebrjashtimin e opozit\u00ebs nga proceset e p\u00ebrzgjedhjes s\u00eb institucioneve t\u00eb pavarura, duke e cil\u00ebsuar situat\u00ebn si t\u00eb paprecedent\u00eb n\u00eb historin\u00eb parlamentare t\u00eb vendit. Ai tha se mazhoranca ka marr\u00eb nj\u00ebanshm\u00ebrisht t\u00eb gjitha institucionet q\u00eb k\u00ebrkojn\u00eb balanc\u00eb pushtetesh, duke p\u00ebrfshir\u00eb K\u00ebshillin dhe Komisionin e &hellip;<\/p>\n","protected":false},"author":4,"featured_media":95247,"comment_status":"closed","ping_status":"closed","sticky":false,"template":"","format":"standard","meta":{"footnotes":""},"categories":[37],"tags":[],"class_list":["post-130736","post","type-post","status-publish","format-standard","has-post-thumbnail","","category-politike"],"_links":{"self":[{"href":"https:\/\/rdnews.al\/index.php\/wp-json\/wp\/v2\/posts\/130736","targetHints":{"allow":["GET"]}}],"collection":[{"href":"https:\/\/rdnews.al\/index.php\/wp-json\/wp\/v2\/posts"}],"about":[{"href":"https:\/\/rdnews.al\/index.php\/wp-json\/wp\/v2\/types\/post"}],"author":[{"embeddable":true,"href":"https:\/\/rdnews.al\/index.php\/wp-json\/wp\/v2\/users\/4"}],"replies":[{"embeddable":true,"href":"https:\/\/rdnews.al\/index.php\/wp-json\/wp\/v2\/comments?post=130736"}],"version-history":[{"count":1,"href":"https:\/\/rdnews.al\/index.php\/wp-json\/wp\/v2\/posts\/130736\/revisions"}],"predecessor-version":[{"id":130737,"href":"https:\/\/rdnews.al\/index.php\/wp-json\/wp\/v2\/posts\/130736\/revisions\/130737"}],"wp:featuredmedia":[{"embeddable":true,"href":"https:\/\/rdnews.al\/index.php\/wp-json\/wp\/v2\/media\/95247"}],"wp:attachment":[{"href":"https:\/\/rdnews.al\/index.php\/wp-json\/wp\/v2\/media?parent=130736"}],"wp:term":[{"taxonomy":"category","embeddable":true,"href":"https:\/\/rdnews.al\/index.php\/wp-json\/wp\/v2\/categories?post=130736"},{"taxonomy":"post_tag","embeddable":true,"href":"https:\/\/rdnews.al\/index.php\/wp-json\/wp\/v2\/tags?post=130736"}],"curies":[{"name":"wp","href":"https:\/\/api.w.org\/{rel}","templated":true}]}}