{"id":130738,"date":"2025-12-11T11:56:04","date_gmt":"2025-12-11T11:56:04","guid":{"rendered":"https:\/\/rdnews.al\/?p=130738"},"modified":"2025-12-11T11:56:04","modified_gmt":"2025-12-11T11:56:04","slug":"tabaku-procesi-per-avokatin-e-popullit-i-deformuar-a-ka-kontroll-dhe-balance-pushtetesh","status":"publish","type":"post","link":"https:\/\/rdnews.al\/index.php\/2025\/12\/11\/tabaku-procesi-per-avokatin-e-popullit-i-deformuar-a-ka-kontroll-dhe-balance-pushtetesh\/","title":{"rendered":"Tabaku: Procesi p\u00ebr Avokatin e Popullit i deformuar! A ka kontroll dhe balanc\u00eb pushtetesh?"},"content":{"rendered":"<p>Deputetja e PD, Jorida Tabaku, akuzoi mazhoranc\u00ebn se ka shtremb\u00ebruar procesin e p\u00ebrzgjedhjes s\u00eb Avokatit t\u00eb Popullit, duke injoruar kriteret e transparenc\u00ebs dhe meritokracis\u00eb t\u00eb k\u00ebrkuara edhe nga Progres Raporti i BE-s\u00eb.<\/p>\n<p>N\u00eb fjal\u00ebn e saj n\u00eb Kuvend, ajo theksoi se procedura aktuale \u00ebsht\u00eb politike, e nj\u00ebanshme dhe e pamb\u00ebshtetur nga opozita, nd\u00ebrsa rikujtoi r\u00ebnd\u00ebsin\u00eb q\u00eb ky institucion ka p\u00ebr mbrojtjen e t\u00eb drejtave t\u00eb njeriut dhe p\u00ebrzgjedhjen e an\u00ebtar\u00ebve t\u00eb organeve t\u00eb reja t\u00eb drejt\u00ebsis\u00eb.<\/p>\n<p>Jorida Tabaku: \u00c7far\u00eb thot\u00eb progres raporti? Progres raporti thot\u00eb q\u00eb p\u00ebrzgjedhja, procesi i p\u00ebrzgjedhjes dhe em\u00ebrimit n\u00eb disa institucione t\u00eb pavarura mbetet i c\u00ebnuar nga mungesa e transparenc\u00ebs dhe ka ndikim politik. Komisioni thekson se procedura duhet t\u00eb jet\u00eb e hapur, duhet t\u00eb jet\u00eb e bazuar n\u00eb merit\u00eb, duhet t\u00eb ndjek\u00eb kritere t\u00eb qarta dhe t\u00eb paracaktuara, duhet t\u00eb ket\u00eb konkurenc\u00eb t\u00eb v\u00ebrtet\u00eb n\u00eb rekrutime, publikim t\u00eb plot\u00eb vler\u00ebsimit t\u00eb kandidat\u00ebve, por nj\u00ebkoh\u00ebsisht profesionaliz\u00ebm n\u00eb p\u00ebrzgjedhje. Nga ana tjet\u00ebr, k\u00ebrkon procedura dhe transparente dhe t\u00eb depolitizuara p\u00ebr t\u00eb siguruar integritet dhe pavar\u00ebsi institucionale.<\/p>\n<p>Th\u00ebn\u00eb kjo, \u00e7far\u00eb ka ndodhur me procedur\u00ebn p\u00ebr zgjedhjen e avokatit t\u00eb popullit deri m\u00eb sot? Mbas hapjes s\u00eb thirrjes, komisioni i ligjeve d\u00ebgjoi t\u00eb gjith\u00eb kandidat\u00ebt t\u00eb cil\u00ebt kishin shprehur interesin p\u00ebr pozicionin e avokatit t\u00eb popullit. Disa prej tyre n\u00eb m\u00ebnyr\u00eb individuale kishin marr\u00eb dhe kishin mbledhur firma, t\u00eb cil\u00ebt nuk p\u00ebrfaq\u00ebsojn\u00eb vullnetin e grupit politik, vullnetin politik t\u00eb grupit parlamentar t\u00eb Partis\u00eb Demokratike.<\/p>\n<p>Mbas k\u00ebtyre d\u00ebgjesave, zoti Ulsi Manja n\u00eb cil\u00ebsin\u00eb e kryetarit t\u00eb komisionit t\u00eb ligjeve, merr nj\u00eb vendim duke i d\u00ebrguar nj\u00eb shkres\u00eb nj\u00ebkoh\u00ebsisht dhe grupeve parlamentare dhe i thot\u00eb: N\u00eb vijim t\u00eb njoftimit publik t\u00eb dat\u00ebs 17 n\u00ebntor, komisioni i \u00e7\u00ebshtjeve ligjore vendosi, nj\u00eb deputet duhet t\u00eb mb\u00ebshtes\u00eb vet\u00ebm nj\u00eb kandidatur\u00eb p\u00ebr pozicionin e avokatit t\u00eb popullit dhe k\u00ebt\u00eb vendim nj\u00ebkoh\u00ebsisht e publikoi dhe n\u00eb faqen e internetit t\u00eb Kuvendit.<\/p>\n<p>K\u00ebtu citoj p\u00ebrs\u00ebri vendimin n\u00eb dy paragraf\u00ebt e fundit t\u00eb saj, q\u00eb p\u00ebrsa m\u00eb sip\u00ebr vijon, i d\u00ebrgon grupeve parlamentare dhe nj\u00ebkoh\u00ebsisht gjith\u00eb deputet\u00ebve jasht\u00eb grupeve, p\u00ebr vler\u00ebsim nga ana e tyre dhe k\u00ebrkes\u00eb p\u00ebr mb\u00ebshtetjen e deputet\u00ebve. Grupi parlamentar i Partis\u00eb Demokratike nuk ktheu asnj\u00eb p\u00ebrgjigje p\u00ebr mb\u00ebshtetje mbas k\u00ebrkes\u00ebs tuaj t\u00eb kandidat\u00ebve p\u00ebr avokatin e popullit, por ju nisi nj\u00eb shkres\u00eb dhe ju k\u00ebrkoi q\u00eb t\u00eb b\u00ebjm\u00eb nj\u00eb procedur\u00eb t\u00eb bazuar mbi disa kritere t\u00eb mir\u00ebpranuara dhe t\u00eb zgjedhim nj\u00eb avokat populli i cili do t\u00eb siguroj\u00eb q\u00eb ka kontroll dhe balanc\u00eb n\u00eb institucion.<\/p>\n<p>Le t&#8217;i kujtoj t\u00eb gjith\u00eb koleg\u00ebve deputet\u00eb q\u00eb avokati i popullit ka disa funksione t\u00eb r\u00ebnd\u00ebsishme, ka funksionin p\u00ebr t\u00eb mbrojtur t\u00eb drejtat e njeriut dhe p\u00ebr t\u00eb prodhuar raporte p\u00ebr shkeljen e t\u00eb drejtave t\u00eb njeriut, por ka edhe funksionin p\u00ebr p\u00ebrzgjedhjen e an\u00ebtar\u00ebve n\u00eb institucionet e reja t\u00eb drejt\u00ebsis\u00eb. Institucione t\u00eb cil\u00ebt p\u00ebrfaq\u00ebsimi i avokatit t\u00eb popullit p\u00ebr an\u00ebtar\u00ebt KLP, KLGJ \u00ebsht\u00eb jasht\u00ebzakonisht i r\u00ebnd\u00ebsish\u00ebm.<\/p>\n<p>Un\u00eb i d\u00ebgjova shum\u00eb me shum\u00eb interes t\u00eb gjith\u00eb koleg\u00ebt q\u00eb thon\u00eb merrini dhe k\u00ebt\u00eb. Sigurisht q\u00eb mund ta merrni edhe k\u00ebt\u00eb kandidatur\u00ebn e avokatit t\u00eb popullit, por deri m\u00eb sot un\u00eb nuk besoj q\u00eb ndodh n\u00eb nj\u00eb vend tjet\u00ebr demokratik q\u00eb t\u00eb ket\u00eb kandidatur\u00eb t\u00eb mazhoranc\u00ebs p\u00ebr kryetar t\u00eb SPAK-ut, kandidatur\u00eb t\u00eb mazhoranc\u00ebs p\u00ebr Gjykat\u00eb Kushtetuese, kandidatur\u00eb t\u00eb mazhoranc\u00ebs p\u00ebr avokat populli, kandidatur\u00eb t\u00eb mazhoranc\u00ebs p\u00ebr Bank\u00ebn e Shqip\u00ebris\u00eb.<\/p>\n<p>Po a ka kontroll dhe balanc\u00eb pushtetesh? A ka m\u00ebnyr\u00eb se si mundet k\u00ebto institucione t\u00eb vazhdojn\u00eb dhe t\u00eb sigurojn\u00eb pavar\u00ebsin\u00eb e tyre nga nj\u00ebra an\u00eb dhe nga ana tjet\u00ebr t\u00eb kemi raporte t\u00eb cilat ofrojn\u00eb nj\u00eb far\u00eb profesionalizmi. P\u00ebr k\u00ebt\u00eb arsye, bazuar nj\u00ebkoh\u00ebsisht edhe n\u00eb procedur\u00ebn kushtetuese p\u00ebr p\u00ebrzgjedhjen e avokatit t\u00eb popullit dhe k\u00ebtu i referohem edhe nenit 111, ku ka nj\u00eb procedur\u00eb shum\u00eb t\u00eb qart\u00eb q\u00eb grupi parlamentar e ka shprehur dhe e ka ndjekur sipas frym\u00ebs, po edhe g\u00ebrm\u00ebs s\u00eb ligjit, un\u00eb besoj q\u00eb sot ndodhemi n\u00eb kushtet q\u00eb kjo seanc\u00eb nuk ka \u00e7far\u00eb t\u00eb votoj\u00eb.<\/p>\n<p>Nuk ka asnj\u00eb propozim zyrtar nga ana e opozit\u00ebs p\u00ebr kandidatura p\u00ebr avokatin e popullit. Mbas shkres\u00ebs zyrtare q\u00eb kryetari i Komisionit t\u00eb Ligjeve i ka d\u00ebrguar grupeve parlamentare.<\/p>\n<p>Nj\u00ebkoh\u00ebsisht, projektvendimi q\u00eb kryetari i Kuvendit i referohet, n\u00eb baz\u00eb t\u00eb nenit 72, nuk ekziston sepse nuk ka prodhuar asnj\u00eb projektvendim firmat e deputet\u00ebve t\u00eb Partis\u00eb Demokratike, t\u00eb cil\u00ebt duhet t\u00eb kishin sjell\u00eb n\u00eb k\u00ebt\u00eb seanc\u00eb.<\/p>\n","protected":false},"excerpt":{"rendered":"<p>Deputetja e PD, Jorida Tabaku, akuzoi mazhoranc\u00ebn se ka shtremb\u00ebruar procesin e p\u00ebrzgjedhjes s\u00eb Avokatit t\u00eb Popullit, duke injoruar kriteret e transparenc\u00ebs dhe meritokracis\u00eb t\u00eb k\u00ebrkuara edhe nga Progres Raporti i BE-s\u00eb. N\u00eb fjal\u00ebn e saj n\u00eb Kuvend, ajo theksoi se procedura aktuale \u00ebsht\u00eb politike, e nj\u00ebanshme dhe e pamb\u00ebshtetur nga opozita, nd\u00ebrsa rikujtoi r\u00ebnd\u00ebsin\u00eb &hellip;<\/p>\n","protected":false},"author":4,"featured_media":130184,"comment_status":"closed","ping_status":"closed","sticky":false,"template":"","format":"standard","meta":{"footnotes":""},"categories":[37],"tags":[],"class_list":["post-130738","post","type-post","status-publish","format-standard","has-post-thumbnail","","category-politike"],"_links":{"self":[{"href":"https:\/\/rdnews.al\/index.php\/wp-json\/wp\/v2\/posts\/130738","targetHints":{"allow":["GET"]}}],"collection":[{"href":"https:\/\/rdnews.al\/index.php\/wp-json\/wp\/v2\/posts"}],"about":[{"href":"https:\/\/rdnews.al\/index.php\/wp-json\/wp\/v2\/types\/post"}],"author":[{"embeddable":true,"href":"https:\/\/rdnews.al\/index.php\/wp-json\/wp\/v2\/users\/4"}],"replies":[{"embeddable":true,"href":"https:\/\/rdnews.al\/index.php\/wp-json\/wp\/v2\/comments?post=130738"}],"version-history":[{"count":1,"href":"https:\/\/rdnews.al\/index.php\/wp-json\/wp\/v2\/posts\/130738\/revisions"}],"predecessor-version":[{"id":130739,"href":"https:\/\/rdnews.al\/index.php\/wp-json\/wp\/v2\/posts\/130738\/revisions\/130739"}],"wp:featuredmedia":[{"embeddable":true,"href":"https:\/\/rdnews.al\/index.php\/wp-json\/wp\/v2\/media\/130184"}],"wp:attachment":[{"href":"https:\/\/rdnews.al\/index.php\/wp-json\/wp\/v2\/media?parent=130738"}],"wp:term":[{"taxonomy":"category","embeddable":true,"href":"https:\/\/rdnews.al\/index.php\/wp-json\/wp\/v2\/categories?post=130738"},{"taxonomy":"post_tag","embeddable":true,"href":"https:\/\/rdnews.al\/index.php\/wp-json\/wp\/v2\/tags?post=130738"}],"curies":[{"name":"wp","href":"https:\/\/api.w.org\/{rel}","templated":true}]}}