{"id":130750,"date":"2025-12-11T12:50:17","date_gmt":"2025-12-11T12:50:17","guid":{"rendered":"https:\/\/rdnews.al\/?p=130750"},"modified":"2025-12-11T12:56:43","modified_gmt":"2025-12-11T12:56:43","slug":"berisha-nuk-ka-gje-ne-bote-qe-te-mbylle-dosjen-e-rames-prandaj-nuk-guxon-te-vije-tu-pergjigjet-interpelancave-2","status":"publish","type":"post","link":"https:\/\/rdnews.al\/index.php\/2025\/12\/11\/berisha-nuk-ka-gje-ne-bote-qe-te-mbylle-dosjen-e-rames-prandaj-nuk-guxon-te-vije-tu-pergjigjet-interpelancave-2\/","title":{"rendered":"Berisha: Nuk ka gj\u00eb n\u00eb bot\u00eb q\u00eb t\u00eb mbyll\u00eb dosjen e Ram\u00ebs! Prandaj nuk guxon t\u00eb vij\u00eb t\u2019u p\u00ebrgjigjet interpelancave"},"content":{"rendered":"<div class=\"clear\">Kryetari i PD, Sali Berisha, n\u00eb fjal\u00ebn e tij n\u00eb Kuvend ka reaguar ndaj munges\u00ebs s\u00eb kryeministrit Edi Rama n\u00eb seanc\u00eb, duke e cil\u00ebsuar at\u00eb si shenj\u00eb frike dhe shmangie nga interpelancat e k\u00ebrkuara.<\/div>\n<div class=\"entry\">\n<p>Berisha deklaroi se, Rama vet\u00eb ka pasur gjithmon\u00eb pasion t\u00eb ve\u00e7ant\u00eb p\u00ebr t\u2019iu p\u00ebrgjigjur \u00e7do interpelance gjat\u00eb koh\u00ebs s\u00eb tij n\u00eb qeveri, nd\u00ebrsa akuzoi mazhoranc\u00ebn se po p\u00ebrpiqet t\u00eb justifikoj\u00eb munges\u00ebn e Ram\u00ebs.<\/p>\n<p>\u201cN\u00eb p\u00ebrgjigje t\u00eb trillimit q\u00eb b\u00ebri parafol\u00ebsi q\u00eb nuk jam paraqitur n\u00eb seanca, kam pasur nj\u00eb pasion t\u00eb ve\u00e7ant\u00eb p\u00ebr t\u2019iu p\u00ebrgjigjur \u00e7do interpelance q\u00eb \u00ebsht\u00eb b\u00ebr\u00eb.<\/p>\n<p>Dhe ky pasion nuk ndikohet as nga personi, as nga tematika.<\/p>\n<p>Po ju nuk keni faj.<\/p>\n<p>Ku e keni Ram\u00ebn?<\/p>\n<p>Ku e keni?<\/p>\n<p>Pas Lubis\u00eb, ku e keni?<\/p>\n<p>A e kuptoni q\u00eb \u00ebsht\u00eb b\u00ebr\u00eb gaz?<\/p>\n<p>Ku e keni?<\/p>\n<p>A e kuptoni se ku jeni katandisur?<\/p>\n<p>Nuk guxon me ardh\u00eb n\u00eb parlament.<\/p>\n<p>Ai dhe Lubia nuk guxojn\u00eb t\u00eb dalin para shqiptar\u00ebve nga ky parlament.<\/p>\n<p>Ju keni r\u00ebn\u00eb, ju kot votoni, kot sillni ligje e buxhete, etj.<\/p>\n<p>Ju keni marr\u00eb fund.<\/p>\n<p>Frika e tij ka kufi vet\u00ebm qiellin.<\/p>\n<p>Po zhvillohet nj\u00eb betej\u00eb, do ua deshifroj pak m\u00eb von\u00eb betej\u00ebn q\u00eb po zhvillohet.<\/p>\n<p>Po gj\u00eb n\u00eb bot\u00eb q\u00eb t\u00eb mbyll\u00eb dosjen e tij nuk ka.<\/p>\n<p>Prandaj nuk guxon t\u00eb vij\u00eb t\u2019u p\u00ebrgjigjet interpelancave\u201d, u shpreh Berisha.<\/p>\n<\/div>\n","protected":false},"excerpt":{"rendered":"<p>Kryetari i PD, Sali Berisha, n\u00eb fjal\u00ebn e tij n\u00eb Kuvend ka reaguar ndaj munges\u00ebs s\u00eb kryeministrit Edi Rama n\u00eb seanc\u00eb, duke e cil\u00ebsuar at\u00eb si shenj\u00eb frike dhe shmangie nga interpelancat e k\u00ebrkuara. Berisha deklaroi se, Rama vet\u00eb ka pasur gjithmon\u00eb pasion t\u00eb ve\u00e7ant\u00eb p\u00ebr t\u2019iu p\u00ebrgjigjur \u00e7do interpelance gjat\u00eb koh\u00ebs s\u00eb tij n\u00eb &hellip;<\/p>\n","protected":false},"author":4,"featured_media":130701,"comment_status":"closed","ping_status":"closed","sticky":false,"template":"","format":"standard","meta":{"footnotes":""},"categories":[37],"tags":[],"class_list":["post-130750","post","type-post","status-publish","format-standard","has-post-thumbnail","","category-politike"],"_links":{"self":[{"href":"https:\/\/rdnews.al\/index.php\/wp-json\/wp\/v2\/posts\/130750","targetHints":{"allow":["GET"]}}],"collection":[{"href":"https:\/\/rdnews.al\/index.php\/wp-json\/wp\/v2\/posts"}],"about":[{"href":"https:\/\/rdnews.al\/index.php\/wp-json\/wp\/v2\/types\/post"}],"author":[{"embeddable":true,"href":"https:\/\/rdnews.al\/index.php\/wp-json\/wp\/v2\/users\/4"}],"replies":[{"embeddable":true,"href":"https:\/\/rdnews.al\/index.php\/wp-json\/wp\/v2\/comments?post=130750"}],"version-history":[{"count":1,"href":"https:\/\/rdnews.al\/index.php\/wp-json\/wp\/v2\/posts\/130750\/revisions"}],"predecessor-version":[{"id":130751,"href":"https:\/\/rdnews.al\/index.php\/wp-json\/wp\/v2\/posts\/130750\/revisions\/130751"}],"wp:featuredmedia":[{"embeddable":true,"href":"https:\/\/rdnews.al\/index.php\/wp-json\/wp\/v2\/media\/130701"}],"wp:attachment":[{"href":"https:\/\/rdnews.al\/index.php\/wp-json\/wp\/v2\/media?parent=130750"}],"wp:term":[{"taxonomy":"category","embeddable":true,"href":"https:\/\/rdnews.al\/index.php\/wp-json\/wp\/v2\/categories?post=130750"},{"taxonomy":"post_tag","embeddable":true,"href":"https:\/\/rdnews.al\/index.php\/wp-json\/wp\/v2\/tags?post=130750"}],"curies":[{"name":"wp","href":"https:\/\/api.w.org\/{rel}","templated":true}]}}