{"id":130754,"date":"2025-12-11T13:02:25","date_gmt":"2025-12-11T13:02:25","guid":{"rendered":"https:\/\/rdnews.al\/?p=130754"},"modified":"2025-12-11T13:02:25","modified_gmt":"2025-12-11T13:02:25","slug":"berisha-mazhoranca-po-rremben-institucionin-e-avokatit-te-popullit-qe-vazhdimisht-i-perkiste-opozites","status":"publish","type":"post","link":"https:\/\/rdnews.al\/index.php\/2025\/12\/11\/berisha-mazhoranca-po-rremben-institucionin-e-avokatit-te-popullit-qe-vazhdimisht-i-perkiste-opozites\/","title":{"rendered":"Berisha: Mazhoranca po rr\u00ebmben institucionin e Avokatit t\u00eb Popullit, q\u00eb vazhdimisht i p\u00ebrkiste opozit\u00ebs"},"content":{"rendered":"<p>Kreu i PD, Sali Berisha, deklaroi se mazhoranca ka nd\u00ebrmarr\u00eb nj\u00eb akt t\u00eb r\u00ebnd\u00eb politik duke rr\u00ebmbyer institucionin e Avokatit t\u00eb Popullit, nj\u00eb post q\u00eb i ka p\u00ebrkitur tradicionalisht opozit\u00ebs.<\/p>\n<p>Berisha tha se, kandidaturat e mb\u00ebshtetura nga Partia Demokratike Besim Ndregjoni, Adriana Kalaja dhe kat\u00ebr kandidat\u00eb t\u00eb tjer\u00eb plot\u00ebsonin t\u00eb gjitha kriteret p\u00ebr t\u00eb ushtruar me dinjitet nj\u00eb detyr\u00eb kaq t\u00eb r\u00ebnd\u00ebsishme n\u00eb mbrojtjen e lirive dhe t\u00eb drejtave t\u00eb njeriut.<\/p>\n<p>&#8220;Kandidaturat e mb\u00ebshtetura nga PD, zoti Besim Ndregjoni, zonj\u00ebn Adriana Kalaja dhe 4 kandidatura t\u00eb tjera, t\u00eb cilat plot\u00ebsonin t\u00eb gjitha kushtet p\u00ebr p\u00ebrmbushjen me dinjitet t\u00eb asaj detyre t\u00eb r\u00ebnd\u00ebsishme n\u00eb rrafshin e lirive dhe t\u00eb drejtave t\u00eb njeriut, sidomos n\u00eb k\u00ebt\u00eb vend ku diktatura autoritare konsolidohet gjithnj\u00eb e m\u00eb shum\u00eb.<\/p>\n<p>Me k\u00ebt\u00eb akt jo vet\u00ebm rr\u00ebmbyen nj\u00eb institucion, i cili q\u00eb nga krijimi i tij gjer sot, n\u00eb tradit\u00ebn e krijuar, i p\u00ebrkiste opozit\u00ebs, por e v\u00ebrteta \u00ebsht\u00eb se zhb\u00ebn\u00eb edhe p\u00ebrpjekjet m\u00eb serioze q\u00eb u b\u00ebn\u00eb p\u00ebr t\u00eb vendosur nj\u00eb lloj bashk\u00ebpunimi n\u00eb \u00e7\u00ebshtjet m\u00eb kryesore me interes t\u00eb p\u00ebrbashk\u00ebt si\u00e7 jan\u00eb dy-tre reforma.<\/p>\n<p>Pra, \u00e7far\u00eb treguan me k\u00ebt\u00eb?<\/p>\n<p>Treguan se ulja me ta n\u00eb tavolin\u00eb \u00ebsht\u00eb totalisht pa fryte&#8221;, tha Berisha.<\/p>\n","protected":false},"excerpt":{"rendered":"<p>Kreu i PD, Sali Berisha, deklaroi se mazhoranca ka nd\u00ebrmarr\u00eb nj\u00eb akt t\u00eb r\u00ebnd\u00eb politik duke rr\u00ebmbyer institucionin e Avokatit t\u00eb Popullit, nj\u00eb post q\u00eb i ka p\u00ebrkitur tradicionalisht opozit\u00ebs. Berisha tha se, kandidaturat e mb\u00ebshtetura nga Partia Demokratike Besim Ndregjoni, Adriana Kalaja dhe kat\u00ebr kandidat\u00eb t\u00eb tjer\u00eb plot\u00ebsonin t\u00eb gjitha kriteret p\u00ebr t\u00eb ushtruar &hellip;<\/p>\n","protected":false},"author":4,"featured_media":130755,"comment_status":"closed","ping_status":"closed","sticky":false,"template":"","format":"standard","meta":{"footnotes":""},"categories":[37],"tags":[],"class_list":["post-130754","post","type-post","status-publish","format-standard","has-post-thumbnail","","category-politike"],"_links":{"self":[{"href":"https:\/\/rdnews.al\/index.php\/wp-json\/wp\/v2\/posts\/130754","targetHints":{"allow":["GET"]}}],"collection":[{"href":"https:\/\/rdnews.al\/index.php\/wp-json\/wp\/v2\/posts"}],"about":[{"href":"https:\/\/rdnews.al\/index.php\/wp-json\/wp\/v2\/types\/post"}],"author":[{"embeddable":true,"href":"https:\/\/rdnews.al\/index.php\/wp-json\/wp\/v2\/users\/4"}],"replies":[{"embeddable":true,"href":"https:\/\/rdnews.al\/index.php\/wp-json\/wp\/v2\/comments?post=130754"}],"version-history":[{"count":1,"href":"https:\/\/rdnews.al\/index.php\/wp-json\/wp\/v2\/posts\/130754\/revisions"}],"predecessor-version":[{"id":130756,"href":"https:\/\/rdnews.al\/index.php\/wp-json\/wp\/v2\/posts\/130754\/revisions\/130756"}],"wp:featuredmedia":[{"embeddable":true,"href":"https:\/\/rdnews.al\/index.php\/wp-json\/wp\/v2\/media\/130755"}],"wp:attachment":[{"href":"https:\/\/rdnews.al\/index.php\/wp-json\/wp\/v2\/media?parent=130754"}],"wp:term":[{"taxonomy":"category","embeddable":true,"href":"https:\/\/rdnews.al\/index.php\/wp-json\/wp\/v2\/categories?post=130754"},{"taxonomy":"post_tag","embeddable":true,"href":"https:\/\/rdnews.al\/index.php\/wp-json\/wp\/v2\/tags?post=130754"}],"curies":[{"name":"wp","href":"https:\/\/api.w.org\/{rel}","templated":true}]}}