{"id":130757,"date":"2025-12-11T13:06:39","date_gmt":"2025-12-11T13:06:39","guid":{"rendered":"https:\/\/rdnews.al\/?p=130757"},"modified":"2025-12-11T13:06:39","modified_gmt":"2025-12-11T13:06:39","slug":"berisha-endri-shabani-i-mori-firmat-kur-mbeshteti-florian-binajn-por-doli-se-eshte-i-lidhur-kryekeput-me-edi-ramen","status":"publish","type":"post","link":"https:\/\/rdnews.al\/index.php\/2025\/12\/11\/berisha-endri-shabani-i-mori-firmat-kur-mbeshteti-florian-binajn-por-doli-se-eshte-i-lidhur-kryekeput-me-edi-ramen\/","title":{"rendered":"Berisha: Endri Shabani i mori firmat kur mb\u00ebshteti Florian Binajn! Por doli se \u00ebsht\u00eb i lidhur kryek\u00ebput me Edi Ram\u00ebn"},"content":{"rendered":"<p>Kryetari i PD, Sali Berisha ka dh\u00ebn\u00eb shpjegimet e tij p\u00ebr firmat q\u00eb deputet\u00eb t\u00eb PD kan\u00eb dh\u00ebn\u00eb p\u00ebr kandidat\u00ebt p\u00ebr Avokat t\u00eb Popullit.<\/p>\n<p>Berisha tha se, Endri Shabani i mori firmat kur mb\u00ebshteti Florian Binajn! Por doli se \u00ebsht\u00eb i lidhur kryek\u00ebput me Edi Ram\u00ebn.<\/p>\n<p>&#8220;Un\u00eb nuk them q\u00eb nuk i mori firmat Endri Shabani.<\/p>\n<p>I mori n\u00eb nj\u00eb periudh\u00eb Endri Shabani kur ai mb\u00ebshteti Florian Bin\u00ebn, se nuk mund t\u00eb them q\u00eb nuk ishte nj\u00eb koalicion moral i plot\u00eb i t\u00eb gjitha forcave politike.<\/p>\n<p>Por pastaj dol\u00ebn nj\u00eb seri problemesh q\u00eb faktuan se ai q\u00eb kishte at\u00eb fjalor si opozitar i opozit\u00ebs, nuk ishte vet\u00ebm kaq, por ishte nj\u00eb person me lidhje kryek\u00ebput me Edi Ram\u00ebn.<\/p>\n<p>Dhe ky nuk \u00ebsht\u00eb vet\u00ebm mendimi yn\u00eb, por \u00ebsht\u00eb nj\u00eb mendim m\u00eb i gjer\u00eb edhe i faktor\u00ebve t\u00eb palidhur me opozit\u00ebn, por q\u00eb ishin dhe jan\u00eb q\u00eb Avokati i Popullit t\u00eb jet\u00eb nj\u00eb person i besuesh\u00ebm, nj\u00eb person me kredenciale dhe integritet t\u00eb lart\u00eb.<\/p>\n<p>M\u00eb s\u00eb paku, Endri Shabani \u00ebsht\u00eb kryetar i nj\u00eb partie, nuk po marr an\u00ebn tjet\u00ebr.<\/p>\n<p>Por Komisioni i Ligjeve vendosi q\u00eb deputet\u00ebt nuk do ken\u00eb t\u00eb drejt\u00eb t\u00eb firmosin p\u00ebr m\u00eb shum\u00eb se nj\u00eb kandidat.<\/p>\n<p>N\u00eb p\u00ebrputhje me k\u00ebt\u00eb vendim, grupi parlamentar i PD d\u00ebrgoi nj\u00eb shkres\u00eb n\u00eb Kuvend ku e informon se t\u00ebrheq \u00e7do firm\u00eb p\u00ebr \u00e7do kandidat.<\/p>\n<p>Dhe, k\u00ebt\u00eb vendim t\u00eb Komisionit t\u00eb Ligjeve, n\u00eb m\u00ebnyr\u00eb t\u00eb habitshme, e hodhi posht\u00eb mazhoranca pa asnj\u00eb vendim.<\/p>\n<p>E b\u00ebri t\u00eb paqen\u00eb pa marr\u00eb asnj\u00eb vendim n\u00eb asnj\u00eb institucion.<\/p>\n<p>Pse e b\u00ebri k\u00ebt\u00eb?<\/p>\n<p>Se humbisnin firmat p\u00ebr Endrin Shabanin&#8221;, tha Berisha.<\/p>\n","protected":false},"excerpt":{"rendered":"<p>Kryetari i PD, Sali Berisha ka dh\u00ebn\u00eb shpjegimet e tij p\u00ebr firmat q\u00eb deputet\u00eb t\u00eb PD kan\u00eb dh\u00ebn\u00eb p\u00ebr kandidat\u00ebt p\u00ebr Avokat t\u00eb Popullit. Berisha tha se, Endri Shabani i mori firmat kur mb\u00ebshteti Florian Binajn! Por doli se \u00ebsht\u00eb i lidhur kryek\u00ebput me Edi Ram\u00ebn. &#8220;Un\u00eb nuk them q\u00eb nuk i mori firmat Endri &hellip;<\/p>\n","protected":false},"author":4,"featured_media":130182,"comment_status":"closed","ping_status":"closed","sticky":false,"template":"","format":"standard","meta":{"footnotes":""},"categories":[37],"tags":[],"class_list":["post-130757","post","type-post","status-publish","format-standard","has-post-thumbnail","","category-politike"],"_links":{"self":[{"href":"https:\/\/rdnews.al\/index.php\/wp-json\/wp\/v2\/posts\/130757","targetHints":{"allow":["GET"]}}],"collection":[{"href":"https:\/\/rdnews.al\/index.php\/wp-json\/wp\/v2\/posts"}],"about":[{"href":"https:\/\/rdnews.al\/index.php\/wp-json\/wp\/v2\/types\/post"}],"author":[{"embeddable":true,"href":"https:\/\/rdnews.al\/index.php\/wp-json\/wp\/v2\/users\/4"}],"replies":[{"embeddable":true,"href":"https:\/\/rdnews.al\/index.php\/wp-json\/wp\/v2\/comments?post=130757"}],"version-history":[{"count":1,"href":"https:\/\/rdnews.al\/index.php\/wp-json\/wp\/v2\/posts\/130757\/revisions"}],"predecessor-version":[{"id":130758,"href":"https:\/\/rdnews.al\/index.php\/wp-json\/wp\/v2\/posts\/130757\/revisions\/130758"}],"wp:featuredmedia":[{"embeddable":true,"href":"https:\/\/rdnews.al\/index.php\/wp-json\/wp\/v2\/media\/130182"}],"wp:attachment":[{"href":"https:\/\/rdnews.al\/index.php\/wp-json\/wp\/v2\/media?parent=130757"}],"wp:term":[{"taxonomy":"category","embeddable":true,"href":"https:\/\/rdnews.al\/index.php\/wp-json\/wp\/v2\/categories?post=130757"},{"taxonomy":"post_tag","embeddable":true,"href":"https:\/\/rdnews.al\/index.php\/wp-json\/wp\/v2\/tags?post=130757"}],"curies":[{"name":"wp","href":"https:\/\/api.w.org\/{rel}","templated":true}]}}