{"id":130759,"date":"2025-12-11T13:09:56","date_gmt":"2025-12-11T13:09:56","guid":{"rendered":"https:\/\/rdnews.al\/?p=130759"},"modified":"2025-12-11T13:10:13","modified_gmt":"2025-12-11T13:10:13","slug":"berisha-edi-rama-eshte-ne-grahmat-e-fundit-te-pushtetit-prandaj-permbysi-gjithcka-per-endri-shabanin","status":"publish","type":"post","link":"https:\/\/rdnews.al\/index.php\/2025\/12\/11\/berisha-edi-rama-eshte-ne-grahmat-e-fundit-te-pushtetit-prandaj-permbysi-gjithcka-per-endri-shabanin\/","title":{"rendered":"Edi Rama \u00ebsht\u00eb n\u00eb grahmat e fundit t\u00eb pushtetit, prandaj p\u00ebrmbysi gjith\u00e7ka p\u00ebr Endri Shabanin"},"content":{"rendered":"<p>Kreu i PD, Sali Berisha, n\u00eb nj\u00eb deklarat\u00eb p\u00ebr mediat jasht\u00eb Kuvendit, u shprh se Edi Rama \u00ebsht\u00eb n\u00eb grahmat e fundit t\u00eb pushtetit, nd\u00ebrsa komentoi \u00e7\u00ebshtjen e kandidaturave t\u00eb dakord\u00ebsuara mes pal\u00ebve politike.<\/p>\n<p>Berisha tha se, n\u00eb list\u00eb kan\u00eb qen\u00eb 27 kandidatura dhe se mb\u00ebshtetja e dh\u00ebn\u00eb prej PD nuk ka qen\u00eb nj\u00eb marr\u00ebveshje e mbyllur, por nj\u00eb proces seleksionimi.<\/p>\n<p><strong>Berisha:<\/strong> Absolutisht, jo!<\/p>\n<p>Ky \u00ebsht\u00eb nj\u00eb interpretim shum\u00eb i pasakt\u00eb.<\/p>\n<p>Aty kan\u00eb qen\u00eb, sa p\u00ebr dijeni, 27 kandidatura.<\/p>\n<p>Nuk do t\u00eb thot\u00eb fare se ato ishin nj\u00eb marr\u00ebveshje.<\/p>\n<p>Ajo ishte nj\u00eb mb\u00ebshtetje p\u00ebr t\u2019u paraqitur n\u00eb gar\u00eb.<\/p>\n<p>P\u00ebr t\u2019u seleksionuar.<\/p>\n<p>Aty ishin 27 persona, nga t\u00eb cilat PD do mb\u00ebshteste 6 persona, m\u00eb s\u00eb pari Besim Ndregjoni, s\u00eb dyti Adriana Kalan\u00eb, dhe kat\u00ebr t\u00eb tjer\u00eb.<\/p>\n<p>Ne e kemi b\u00ebr\u00eb publike k\u00ebt\u00eb, i kemi b\u00ebr\u00eb t\u00eb qart\u00eb edhe pal\u00ebs socialiste, por Edi Rama personalisht, i cili \u00ebsht\u00eb n\u00eb grahmat e fundit t\u00eb pushtetit t\u00eb tij, p\u00ebrmbysi gjith\u00e7ka dhe tha, o Shabani, o nuk ka.<\/p>\n<p>Kjo \u00ebsht\u00eb e v\u00ebrteta.<\/p>\n<p>K\u00ebt\u00eb q\u00ebndrim e p\u00ebrcaktoi n\u00eb m\u00ebnyr\u00eb t\u00eb prer\u00eb Edi Rama.<\/p>\n<p>P\u00ebr dijenin\u00eb tuaj.<\/p>\n<p>Deputet\u00ebt tan\u00eb kan\u00eb t\u00ebrhequr firmat me shkres\u00eb.<\/p>\n<p>\u00cbsht\u00eb praktika m\u00eb e zakonshme t\u00eb t\u00ebrheq\u00ebsh firmat.<\/p>\n<p>Tani, thash\u00eb, edhe mund t\u00eb mos e firmosnin, por tani edhe nj\u00ebher\u00eb, mos u p\u00ebrpiqni t\u00eb mbuloni&#8230;<\/p>\n<p>Ato vota, ato firma u dhan\u00eb p\u00ebr shkak t\u00eb atij koalicioni q\u00eb u krijua.<\/p>\n<p>Tani kur u analizua k\u00ebmb\u00eb e krye i lidhur me Edi Ram\u00ebn.<\/p>\n<p>K\u00ebt\u00eb nuk e themi vet\u00ebm ne, ia kan\u00eb th\u00ebn\u00eb edhe t\u00eb tjer\u00ebt Edi Ram\u00ebs.<\/p>\n<p>Ne do marrim vendimet tona politik\u00eb, nuk ka&#8230;<\/p>\n","protected":false},"excerpt":{"rendered":"<p>Kreu i PD, Sali Berisha, n\u00eb nj\u00eb deklarat\u00eb p\u00ebr mediat jasht\u00eb Kuvendit, u shprh se Edi Rama \u00ebsht\u00eb n\u00eb grahmat e fundit t\u00eb pushtetit, nd\u00ebrsa komentoi \u00e7\u00ebshtjen e kandidaturave t\u00eb dakord\u00ebsuara mes pal\u00ebve politike. Berisha tha se, n\u00eb list\u00eb kan\u00eb qen\u00eb 27 kandidatura dhe se mb\u00ebshtetja e dh\u00ebn\u00eb prej PD nuk ka qen\u00eb nj\u00eb marr\u00ebveshje &hellip;<\/p>\n","protected":false},"author":4,"featured_media":130755,"comment_status":"closed","ping_status":"closed","sticky":false,"template":"","format":"standard","meta":{"footnotes":""},"categories":[37],"tags":[],"class_list":["post-130759","post","type-post","status-publish","format-standard","has-post-thumbnail","","category-politike"],"_links":{"self":[{"href":"https:\/\/rdnews.al\/index.php\/wp-json\/wp\/v2\/posts\/130759","targetHints":{"allow":["GET"]}}],"collection":[{"href":"https:\/\/rdnews.al\/index.php\/wp-json\/wp\/v2\/posts"}],"about":[{"href":"https:\/\/rdnews.al\/index.php\/wp-json\/wp\/v2\/types\/post"}],"author":[{"embeddable":true,"href":"https:\/\/rdnews.al\/index.php\/wp-json\/wp\/v2\/users\/4"}],"replies":[{"embeddable":true,"href":"https:\/\/rdnews.al\/index.php\/wp-json\/wp\/v2\/comments?post=130759"}],"version-history":[{"count":2,"href":"https:\/\/rdnews.al\/index.php\/wp-json\/wp\/v2\/posts\/130759\/revisions"}],"predecessor-version":[{"id":130761,"href":"https:\/\/rdnews.al\/index.php\/wp-json\/wp\/v2\/posts\/130759\/revisions\/130761"}],"wp:featuredmedia":[{"embeddable":true,"href":"https:\/\/rdnews.al\/index.php\/wp-json\/wp\/v2\/media\/130755"}],"wp:attachment":[{"href":"https:\/\/rdnews.al\/index.php\/wp-json\/wp\/v2\/media?parent=130759"}],"wp:term":[{"taxonomy":"category","embeddable":true,"href":"https:\/\/rdnews.al\/index.php\/wp-json\/wp\/v2\/categories?post=130759"},{"taxonomy":"post_tag","embeddable":true,"href":"https:\/\/rdnews.al\/index.php\/wp-json\/wp\/v2\/tags?post=130759"}],"curies":[{"name":"wp","href":"https:\/\/api.w.org\/{rel}","templated":true}]}}