{"id":130762,"date":"2025-12-11T17:31:10","date_gmt":"2025-12-11T17:31:10","guid":{"rendered":"https:\/\/rdnews.al\/?p=130762"},"modified":"2025-12-11T17:31:10","modified_gmt":"2025-12-11T17:31:10","slug":"berisha-vetem-protestat-jane-rruga-e-opozites-me-edi-ramen-nuk-ka-rruge-tjeter","status":"publish","type":"post","link":"https:\/\/rdnews.al\/index.php\/2025\/12\/11\/berisha-vetem-protestat-jane-rruga-e-opozites-me-edi-ramen-nuk-ka-rruge-tjeter\/","title":{"rendered":"Berisha: Vet\u00ebm protestat jan\u00eb rruga e opozit\u00ebs! Me Edi Ram\u00ebn nuk ka rrug\u00eb tjet\u00ebr"},"content":{"rendered":"<p>Kryetari i Partis\u00eb Demokratike, Sali Berisha u shpreh se, protestat jan\u00eb rruga e opozit\u00ebs.<\/p>\n<p>\u2018Vet\u00ebm protestat jan\u00eb rruga! Momenti do p\u00ebrcaktohet bashk\u00ebrisht\u2019, theksoi Berisha gjat\u00eb fjal\u00ebs s\u00eb tij jasht\u00eb sall\u00ebs s\u00eb parlamentit.<\/p>\n<p><strong>Berisha:<\/strong>\u00a0T\u00eb gjith\u00eb ata kan\u00eb t\u00eb drejt\u00eb.<\/p>\n<p>Kan\u00eb shum\u00eb t\u00eb drejt\u00eb.<\/p>\n<p>I p\u00ebrsh\u00ebndes dhe i p\u00ebrg\u00ebzoj.<\/p>\n<p>Vet\u00ebm protestat jan\u00eb rruga.<\/p>\n<p>Momenti do p\u00ebrcaktohet bashk\u00ebrisht.<\/p>\n<p>Kjo e sigurt.<\/p>\n<p>Me Edi Ram\u00ebn nuk ka rrug\u00eb tjet\u00ebr.<\/p>\n<p>Tani, kur k\u00ebta n\u00eb nj\u00eb akt kaq madhor, shkelmojn\u00eb kaq pa skrupuj nj\u00eb marr\u00ebveshje, \u00e7far\u00eb vlere ka harxhimi i koh\u00ebs.<\/p>\n<p>K\u00ebto do i diskutoj\u00eb t\u00eb gjitha grupi parlamentar dhe do u jap\u00eb p\u00ebrgjigjen q\u00eb meritojn\u00eb.<\/p>\n<p>Nuk \u00ebsht\u00eb \u00e7\u00ebshtja e vet\u00ebm dy reformave k\u00ebtu.<\/p>\n<p>\u00cbsht\u00eb \u00e7\u00ebshtja e nj\u00eb q\u00ebndrimi t\u00eb prer\u00eb, p\u00ebrfundimtar.<\/p>\n<p>Sepse ne u angazhuam p\u00ebr Avokatin e Popullit, n\u00eb interes t\u00eb qytetar\u00ebve, q\u00eb t\u00eb kishin nj\u00eb njeri t\u00eb guximsh\u00ebm q\u00eb t\u00eb mbronte sadopak t\u00eb drejtat e tyre.<\/p>\n<p>Tani \u00e7far\u00eb mbetet t\u00eb diskutojm\u00eb me ta?<\/p>\n<p>Q\u00eb do mashtroni p\u00ebrs\u00ebri?<\/p>\n<p>Jo, se nuk ka pse&#8230;<\/p>\n","protected":false},"excerpt":{"rendered":"<p>Kryetari i Partis\u00eb Demokratike, Sali Berisha u shpreh se, protestat jan\u00eb rruga e opozit\u00ebs. \u2018Vet\u00ebm protestat jan\u00eb rruga! Momenti do p\u00ebrcaktohet bashk\u00ebrisht\u2019, theksoi Berisha gjat\u00eb fjal\u00ebs s\u00eb tij jasht\u00eb sall\u00ebs s\u00eb parlamentit. Berisha:\u00a0T\u00eb gjith\u00eb ata kan\u00eb t\u00eb drejt\u00eb. Kan\u00eb shum\u00eb t\u00eb drejt\u00eb. I p\u00ebrsh\u00ebndes dhe i p\u00ebrg\u00ebzoj. Vet\u00ebm protestat jan\u00eb rruga. Momenti do p\u00ebrcaktohet bashk\u00ebrisht. &hellip;<\/p>\n","protected":false},"author":4,"featured_media":15801,"comment_status":"closed","ping_status":"closed","sticky":false,"template":"","format":"standard","meta":{"footnotes":""},"categories":[37],"tags":[],"class_list":["post-130762","post","type-post","status-publish","format-standard","has-post-thumbnail","","category-politike"],"_links":{"self":[{"href":"https:\/\/rdnews.al\/index.php\/wp-json\/wp\/v2\/posts\/130762","targetHints":{"allow":["GET"]}}],"collection":[{"href":"https:\/\/rdnews.al\/index.php\/wp-json\/wp\/v2\/posts"}],"about":[{"href":"https:\/\/rdnews.al\/index.php\/wp-json\/wp\/v2\/types\/post"}],"author":[{"embeddable":true,"href":"https:\/\/rdnews.al\/index.php\/wp-json\/wp\/v2\/users\/4"}],"replies":[{"embeddable":true,"href":"https:\/\/rdnews.al\/index.php\/wp-json\/wp\/v2\/comments?post=130762"}],"version-history":[{"count":1,"href":"https:\/\/rdnews.al\/index.php\/wp-json\/wp\/v2\/posts\/130762\/revisions"}],"predecessor-version":[{"id":130763,"href":"https:\/\/rdnews.al\/index.php\/wp-json\/wp\/v2\/posts\/130762\/revisions\/130763"}],"wp:featuredmedia":[{"embeddable":true,"href":"https:\/\/rdnews.al\/index.php\/wp-json\/wp\/v2\/media\/15801"}],"wp:attachment":[{"href":"https:\/\/rdnews.al\/index.php\/wp-json\/wp\/v2\/media?parent=130762"}],"wp:term":[{"taxonomy":"category","embeddable":true,"href":"https:\/\/rdnews.al\/index.php\/wp-json\/wp\/v2\/categories?post=130762"},{"taxonomy":"post_tag","embeddable":true,"href":"https:\/\/rdnews.al\/index.php\/wp-json\/wp\/v2\/tags?post=130762"}],"curies":[{"name":"wp","href":"https:\/\/api.w.org\/{rel}","templated":true}]}}