{"id":130764,"date":"2025-12-11T17:36:06","date_gmt":"2025-12-11T17:36:06","guid":{"rendered":"https:\/\/rdnews.al\/?p=130764"},"modified":"2025-12-11T17:36:06","modified_gmt":"2025-12-11T17:36:06","slug":"gjekmarkaj-buxheti-2026-nje-projekt-interesash-dhe-jo-i-qytetareve","status":"publish","type":"post","link":"https:\/\/rdnews.al\/index.php\/2025\/12\/11\/gjekmarkaj-buxheti-2026-nje-projekt-interesash-dhe-jo-i-qytetareve\/","title":{"rendered":"Gjekmarkaj: Buxheti 2026, nj\u00eb projekt interesash dhe jo i qytetar\u00ebve!"},"content":{"rendered":"<p>Teksa mori fjal\u00ebn n\u00eb Kuvend, Agron Gjekmarkaj kritikoi buxhetin e vitit 2026, duke th\u00ebn\u00eb se n\u00eb vend q\u00eb t\u00eb ishte p\u00ebr nevojat e qytetar\u00ebve, por n\u00eb fakt iu sh\u00ebrben interesave t\u00eb caktuara.<\/p>\n<p>Deputeti i PD tha se ky buxhet q\u00eb pritet t\u00eb miratohet nuk tregon zhvillim, por e thekson m\u00eb shum\u00eb plag\u00ebn sociale.<\/p>\n<p>\u201cKy buxhet nuk \u00ebsht\u00eb buxhet i shtetit.\u00a0\u00cbsht\u00eb buxhet i porosis\u00eb. \u00cbsht\u00eb buxhet i interesave. \u00cbsht\u00eb buxhet i nj\u00eb filozofie q\u00eb nuk njeh personalitetin e njeriut, por njeh vet\u00ebm p\u00ebrfitimin nga depersonalizuesit! Un\u00eb nuk votoj kund\u00ebr shifrave. Un\u00eb votoj kund\u00ebr filozofis\u00eb q\u00eb ato p\u00ebrfaq\u00ebsojn\u00eb. Kund\u00ebr varf\u00ebris\u00eb s\u00eb programuar\u201c, u shpreh deputeti.<\/p>\n<p>M\u00eb tej, ai shtoi se do t\u00eb vototj\u00eb kund\u00ebr \u00e7do buxheti q\u00eb e sheh shtetin si pron\u00eb private.<\/p>\n<p>\u201c\u00cbsht\u00eb buxhet i nj\u00eb filozofie q\u00eb nuk njeh personalitetin e njeriut, por njeh vet\u00ebm p\u00ebrfitimin nga depersonalizuesit! Un\u00eb nuk votoj kund\u00ebr shifrave. Un\u00eb votoj kund\u00ebr filozofis\u00eb q\u00eb ato p\u00ebrfaq\u00ebsojn\u00eb. Kund\u00ebr varf\u00ebris\u00eb s\u00eb programuar. Kund\u00ebr dekulturimit t\u00eb q\u00ebllimsh\u00ebm. Kund\u00ebr korrupsionit t\u00eb institucionalizuar. Kund\u00ebr modelit q\u00eb e quan t\u00eb ndershmin t\u00eb par\u00ebnd\u00ebsish\u00ebm dhe t\u00eb padrejtin t\u00eb suksessh\u00ebm\u201d,\u00a0tha ai.<\/p>\n","protected":false},"excerpt":{"rendered":"<p>Teksa mori fjal\u00ebn n\u00eb Kuvend, Agron Gjekmarkaj kritikoi buxhetin e vitit 2026, duke th\u00ebn\u00eb se n\u00eb vend q\u00eb t\u00eb ishte p\u00ebr nevojat e qytetar\u00ebve, por n\u00eb fakt iu sh\u00ebrben interesave t\u00eb caktuara. Deputeti i PD tha se ky buxhet q\u00eb pritet t\u00eb miratohet nuk tregon zhvillim, por e thekson m\u00eb shum\u00eb plag\u00ebn sociale. \u201cKy buxhet &hellip;<\/p>\n","protected":false},"author":4,"featured_media":130765,"comment_status":"closed","ping_status":"closed","sticky":false,"template":"","format":"standard","meta":{"footnotes":""},"categories":[37],"tags":[],"class_list":["post-130764","post","type-post","status-publish","format-standard","has-post-thumbnail","","category-politike"],"_links":{"self":[{"href":"https:\/\/rdnews.al\/index.php\/wp-json\/wp\/v2\/posts\/130764","targetHints":{"allow":["GET"]}}],"collection":[{"href":"https:\/\/rdnews.al\/index.php\/wp-json\/wp\/v2\/posts"}],"about":[{"href":"https:\/\/rdnews.al\/index.php\/wp-json\/wp\/v2\/types\/post"}],"author":[{"embeddable":true,"href":"https:\/\/rdnews.al\/index.php\/wp-json\/wp\/v2\/users\/4"}],"replies":[{"embeddable":true,"href":"https:\/\/rdnews.al\/index.php\/wp-json\/wp\/v2\/comments?post=130764"}],"version-history":[{"count":1,"href":"https:\/\/rdnews.al\/index.php\/wp-json\/wp\/v2\/posts\/130764\/revisions"}],"predecessor-version":[{"id":130766,"href":"https:\/\/rdnews.al\/index.php\/wp-json\/wp\/v2\/posts\/130764\/revisions\/130766"}],"wp:featuredmedia":[{"embeddable":true,"href":"https:\/\/rdnews.al\/index.php\/wp-json\/wp\/v2\/media\/130765"}],"wp:attachment":[{"href":"https:\/\/rdnews.al\/index.php\/wp-json\/wp\/v2\/media?parent=130764"}],"wp:term":[{"taxonomy":"category","embeddable":true,"href":"https:\/\/rdnews.al\/index.php\/wp-json\/wp\/v2\/categories?post=130764"},{"taxonomy":"post_tag","embeddable":true,"href":"https:\/\/rdnews.al\/index.php\/wp-json\/wp\/v2\/tags?post=130764"}],"curies":[{"name":"wp","href":"https:\/\/api.w.org\/{rel}","templated":true}]}}