{"id":130767,"date":"2025-12-11T17:40:18","date_gmt":"2025-12-11T17:40:18","guid":{"rendered":"https:\/\/rdnews.al\/?p=130767"},"modified":"2025-12-11T17:40:18","modified_gmt":"2025-12-11T17:40:18","slug":"u-zgjodh-kreu-i-ri-i-spak-kush-eshte-klodian-braho","status":"publish","type":"post","link":"https:\/\/rdnews.al\/index.php\/2025\/12\/11\/u-zgjodh-kreu-i-ri-i-spak-kush-eshte-klodian-braho\/","title":{"rendered":"U zgjodh kreu i ri i SPAK, Kush \u00ebsht\u00eb Klodian Braho"},"content":{"rendered":"<p>Klodian Braho do t\u00eb jet\u00eb drejtuesi i ri i SPAK p\u00ebr tre vitet e ardhshme. Braho do ta marr\u00eb detyr\u00ebn me 19 dhjetor, nj\u00eb dit\u00eb pas p\u00ebrfundimit t\u00eb mandatit t\u00eb Altin Dumanit n\u00eb krye t\u00eb Prokuroris\u00eb s\u00eb Posa\u00e7me. Braho \u00ebsht\u00eb em\u00ebruar Prokurori n\u00eb vitin 2007 dhe pjes\u00eb e SPAK q\u00eb prej krijimit t\u00eb tij.<\/p>\n<p>Ai ka patur nj\u00eb rrug\u00ebtim t\u00eb gjat\u00eb n\u00eb sistemin e drejt\u00ebsis\u00eb, duke mbajtur pozicione t\u00eb r\u00ebnd\u00ebsishme n\u00eb hetimin e rasteve t\u00eb korrupsionit. Braho mban mbi supe edhe drejtimin e shum\u00eb \u00e7\u00ebshtjeve t\u00eb \u201cnxehta\u201d q\u00eb lidhen me politik\u00ebn.<\/p>\n<p>Ai ka hetuar inceneratorin e Elbasanit, duke nxjerr\u00eb urdh\u00ebr arresti p\u00ebr shum\u00eb persona mes t\u00eb cil\u00ebve Mirel M\u00ebrtiri, Stela Gugallja, Klodian Zoto dhe duke ndar\u00eb hetimin p\u00ebr ish z\u00ebvend\u00ebs kryeministrin Arben Ahmetaj, i cili ndodhet n\u00eb arrati.<\/p>\n<p>Braho ka hetuar gjithashtu dosjen 5D, duke d\u00ebrguar n\u00eb gjyq ish-drejtor\u00ebt e Bashkis\u00eb s\u00eb Tiran\u00ebs. Po ashtu, nj\u00eb tjet\u00ebr dosje e hetuar nga Braho \u00ebsht\u00eb edhe ajo e njohur si \u201cToyota Auris\u201d ku jan\u00eb t\u00eb p\u00ebrfshir\u00eb edhe shum\u00eb njer\u00ebz t\u00eb drejt\u00ebsis\u00eb. Kjo dosje \u00ebsht\u00eb e ndar\u00eb n\u00eb disa fraksione dhe jan\u00eb duke u hetuar edhe pjes\u00eb t\u00eb tjera t\u00eb saj.<\/p>\n<p>Gjithashtu Klodian Braho \u00ebsht\u00eb pjes\u00eb edhe e grupit t\u00eb prokuror\u00ebve q\u00eb firmos\u00ebn dosjen p\u00ebr ish-ministrin e mbrojtjes Fatmir Mediu p\u00ebr \u201cG\u00ebrdecin\u201d, tashm\u00eb n\u00eb proces gjyq\u00ebsor, n\u00ebn akuz\u00ebn p\u00ebr \u201cshp\u00ebrdorim detyre\u201d.<\/p>\n","protected":false},"excerpt":{"rendered":"<p>Klodian Braho do t\u00eb jet\u00eb drejtuesi i ri i SPAK p\u00ebr tre vitet e ardhshme. Braho do ta marr\u00eb detyr\u00ebn me 19 dhjetor, nj\u00eb dit\u00eb pas p\u00ebrfundimit t\u00eb mandatit t\u00eb Altin Dumanit n\u00eb krye t\u00eb Prokuroris\u00eb s\u00eb Posa\u00e7me. Braho \u00ebsht\u00eb em\u00ebruar Prokurori n\u00eb vitin 2007 dhe pjes\u00eb e SPAK q\u00eb prej krijimit t\u00eb tij. Ai &hellip;<\/p>\n","protected":false},"author":4,"featured_media":130768,"comment_status":"closed","ping_status":"closed","sticky":false,"template":"","format":"standard","meta":{"footnotes":""},"categories":[37],"tags":[],"class_list":["post-130767","post","type-post","status-publish","format-standard","has-post-thumbnail","","category-politike"],"_links":{"self":[{"href":"https:\/\/rdnews.al\/index.php\/wp-json\/wp\/v2\/posts\/130767","targetHints":{"allow":["GET"]}}],"collection":[{"href":"https:\/\/rdnews.al\/index.php\/wp-json\/wp\/v2\/posts"}],"about":[{"href":"https:\/\/rdnews.al\/index.php\/wp-json\/wp\/v2\/types\/post"}],"author":[{"embeddable":true,"href":"https:\/\/rdnews.al\/index.php\/wp-json\/wp\/v2\/users\/4"}],"replies":[{"embeddable":true,"href":"https:\/\/rdnews.al\/index.php\/wp-json\/wp\/v2\/comments?post=130767"}],"version-history":[{"count":1,"href":"https:\/\/rdnews.al\/index.php\/wp-json\/wp\/v2\/posts\/130767\/revisions"}],"predecessor-version":[{"id":130769,"href":"https:\/\/rdnews.al\/index.php\/wp-json\/wp\/v2\/posts\/130767\/revisions\/130769"}],"wp:featuredmedia":[{"embeddable":true,"href":"https:\/\/rdnews.al\/index.php\/wp-json\/wp\/v2\/media\/130768"}],"wp:attachment":[{"href":"https:\/\/rdnews.al\/index.php\/wp-json\/wp\/v2\/media?parent=130767"}],"wp:term":[{"taxonomy":"category","embeddable":true,"href":"https:\/\/rdnews.al\/index.php\/wp-json\/wp\/v2\/categories?post=130767"},{"taxonomy":"post_tag","embeddable":true,"href":"https:\/\/rdnews.al\/index.php\/wp-json\/wp\/v2\/tags?post=130767"}],"curies":[{"name":"wp","href":"https:\/\/api.w.org\/{rel}","templated":true}]}}