{"id":130770,"date":"2025-12-11T17:45:06","date_gmt":"2025-12-11T17:45:06","guid":{"rendered":"https:\/\/rdnews.al\/?p=130770"},"modified":"2025-12-11T17:46:00","modified_gmt":"2025-12-11T17:46:00","slug":"kercenohet-me-jete-gazetari-qe-dnoncoi-skandalet-te-spitali-onkologjik","status":"publish","type":"post","link":"https:\/\/rdnews.al\/index.php\/2025\/12\/11\/kercenohet-me-jete-gazetari-qe-dnoncoi-skandalet-te-spitali-onkologjik\/","title":{"rendered":"K\u00ebrc\u00ebnohet me jet\u00eb gazetari q\u00eb denoncoi skandalet te spitali Onkologjik"},"content":{"rendered":"<p>Pas denoncimeve t\u00eb vazhdueshme p\u00ebr munges\u00ebn e ila\u00e7eve dhe pajisjeve n\u00eb Spitalin Onkologjik, n\u00eb adres\u00eb t\u00eb Gazetarit Osman Stafa ka mb\u00ebrritur nj\u00eb mesazh k\u00ebrc\u00ebnues, me q\u00ebllim intimidimin, frik\u00ebsimin dhe t\u00ebrheqjen e tij nga investigimet n\u00eb k\u00ebt\u00eb spital.<\/p>\n<p>Gazetarit Stafa i \u00ebsht\u00eb k\u00ebrkuar me nj\u00eb gjuh\u00eb banale, fyese dhe k\u00ebrc\u00ebnuese t\u00eb mos paraqitet m\u00eb n\u00eb ambientet e Onkologjikut dhe t\u00eb heq\u00eb dor\u00eb nga denoncimet mbi korrupsionin dhe abuzimet mbi pacient\u00ebt.<\/p>\n<p>Pas marrjes s\u00eb mesazhit, gazetari i \u00ebsht\u00eb drejtuar Policis\u00eb s\u00eb Shtetit, ku ka b\u00ebr\u00eb kall\u00ebzim penal, p\u00ebr k\u00ebrc\u00ebnim p\u00ebr shkak t\u00eb detyr\u00ebs. Autoritetet kan\u00eb nisur hetimet p\u00ebr t\u00eb zbuluar personin p\u00ebrgjegj\u00ebs dhe se kush fshihet pas k\u00ebtij k\u00ebrc\u00ebnimi.<\/p>\n<p>I ndodhur p\u00ebrball\u00eb presioneve dhe k\u00ebrc\u00ebnimeve, gazetari Osman Stafa, siguron se do t\u00eb vijoj\u00eb denoncimet e tij p\u00ebr situat\u00ebn n\u00eb Spitalin Onkologjik.<\/p>\n","protected":false},"excerpt":{"rendered":"<p>Pas denoncimeve t\u00eb vazhdueshme p\u00ebr munges\u00ebn e ila\u00e7eve dhe pajisjeve n\u00eb Spitalin Onkologjik, n\u00eb adres\u00eb t\u00eb Gazetarit Osman Stafa ka mb\u00ebrritur nj\u00eb mesazh k\u00ebrc\u00ebnues, me q\u00ebllim intimidimin, frik\u00ebsimin dhe t\u00ebrheqjen e tij nga investigimet n\u00eb k\u00ebt\u00eb spital. Gazetarit Stafa i \u00ebsht\u00eb k\u00ebrkuar me nj\u00eb gjuh\u00eb banale, fyese dhe k\u00ebrc\u00ebnuese t\u00eb mos paraqitet m\u00eb n\u00eb ambientet &hellip;<\/p>\n","protected":false},"author":4,"featured_media":130772,"comment_status":"closed","ping_status":"closed","sticky":false,"template":"","format":"standard","meta":{"footnotes":""},"categories":[37],"tags":[],"class_list":["post-130770","post","type-post","status-publish","format-standard","has-post-thumbnail","","category-politike"],"_links":{"self":[{"href":"https:\/\/rdnews.al\/index.php\/wp-json\/wp\/v2\/posts\/130770","targetHints":{"allow":["GET"]}}],"collection":[{"href":"https:\/\/rdnews.al\/index.php\/wp-json\/wp\/v2\/posts"}],"about":[{"href":"https:\/\/rdnews.al\/index.php\/wp-json\/wp\/v2\/types\/post"}],"author":[{"embeddable":true,"href":"https:\/\/rdnews.al\/index.php\/wp-json\/wp\/v2\/users\/4"}],"replies":[{"embeddable":true,"href":"https:\/\/rdnews.al\/index.php\/wp-json\/wp\/v2\/comments?post=130770"}],"version-history":[{"count":2,"href":"https:\/\/rdnews.al\/index.php\/wp-json\/wp\/v2\/posts\/130770\/revisions"}],"predecessor-version":[{"id":130773,"href":"https:\/\/rdnews.al\/index.php\/wp-json\/wp\/v2\/posts\/130770\/revisions\/130773"}],"wp:featuredmedia":[{"embeddable":true,"href":"https:\/\/rdnews.al\/index.php\/wp-json\/wp\/v2\/media\/130772"}],"wp:attachment":[{"href":"https:\/\/rdnews.al\/index.php\/wp-json\/wp\/v2\/media?parent=130770"}],"wp:term":[{"taxonomy":"category","embeddable":true,"href":"https:\/\/rdnews.al\/index.php\/wp-json\/wp\/v2\/categories?post=130770"},{"taxonomy":"post_tag","embeddable":true,"href":"https:\/\/rdnews.al\/index.php\/wp-json\/wp\/v2\/tags?post=130770"}],"curies":[{"name":"wp","href":"https:\/\/api.w.org\/{rel}","templated":true}]}}