{"id":130774,"date":"2025-12-11T17:56:09","date_gmt":"2025-12-11T17:56:09","guid":{"rendered":"https:\/\/rdnews.al\/?p=130774"},"modified":"2025-12-11T17:56:09","modified_gmt":"2025-12-11T17:56:09","slug":"ted-kopliku-nga-shembja-e-murit-te-kuq-te-thyerja-e-regjimit-te-sotem-pd-35-vjet-lufte-per-liri","status":"publish","type":"post","link":"https:\/\/rdnews.al\/index.php\/2025\/12\/11\/ted-kopliku-nga-shembja-e-murit-te-kuq-te-thyerja-e-regjimit-te-sotem-pd-35-vjet-lufte-per-liri\/","title":{"rendered":"Ted Kopliku: Nga shembja e murit t\u00eb kuq te thyerja e regjimit t\u00eb sot\u00ebm, PD 35 vjet luft\u00eb p\u00ebr liri!"},"content":{"rendered":"<div class=\"elementor-column elementor-col-50 elementor-top-column elementor-element elementor-element-3486475\" data-id=\"3486475\" data-element_type=\"column\">\n<div class=\"elementor-widget-wrap elementor-element-populated\">\n<div class=\"elementor-element elementor-element-e6afd38 elementor-widget elementor-widget-theme-post-content\" data-id=\"e6afd38\" data-element_type=\"widget\" data-widget_type=\"theme-post-content.default\">\n<div class=\"elementor-widget-container\">\n<p>I nderuar Kryetari i PD, prof. Dr. Sali Berisha, t\u00eb nderuar militant\u00eb, q\u00ebndrestar\u00eb, zonja dhe zot\u00ebrinj.<\/p>\n<p>Kam nderin t\u00eb flas sot si drejtues i nj\u00eb departamenti i cili \u00ebsht\u00eb prov\u00eb q\u00eb kjo parti frym\u00ebzon dhe brezi i par\u00eb i lindun dhe i rritun n\u00eb demokraci, beson n\u00eb misionin historik q\u00eb kjo parti ka q\u00eb n\u00eb krijimin e saj.<\/p>\n<p>Brain Gain, pra Kthimi dhe mbajtja e Trurit ka q\u00ebn\u00eb dhe mbetet nj\u00eb nga prioritetet e k\u00ebsaj partie, si dje n\u00eb pushtet, dhe sot n\u00eb opozit\u00eb. Nj\u00eb mision q\u00eb do duhej t\u00eb ishte detyr\u00eb ekskluzive e qeveris\u00eb e cila m\u00eb s\u00eb shumti largon se afron, kapacitetet intelektuale e potencialet ekonomike t\u00eb vendit.<\/p>\n<p>Un\u00eb jam produkt i k\u00ebtij q\u00ebllimi, duke u kthyer n\u00eb Shqip\u00ebri sepse besoj q\u00eb PD krijon hap\u00ebsira dhe \u00ebsht\u00eb e vetmja shpres\u00eb q\u00eb Shaip\u00ebria t\u00eb rikthehet n\u00eb rrug\u00ebn e zhvillimit.<\/p>\n<p>Meq\u00eb sot jemi mbledhur p\u00ebr 35 vjetorin e Partis\u00eb Demokratike, nj\u00eb nga krenarit\u00eb e Departamenit Brain Gain \u00ebsht\u00eb Libri i Pun\u00ebve t\u00eb Mira dhe \u00e7do pun\u00eb e k\u00ebtij departamenti ka shkuar n\u00eb k\u00ebt\u00eb drejtim, fal\u00eb edhe arkitektit e k\u00ebtij departamenti, ish-drejtuesit t\u00eb tij, z. Mustafaj dhe profesionist\u00ebve shqiptar nga e gjith\u00eb bota t\u00eb angazhuar prej tashm\u00eb 3 vitesh n\u00eb k\u00ebt\u00eb struktur\u00eb\u00a0: nj\u00eb betej\u00eb p\u00ebr ti kthyer krenarin\u00eb militantit demokrat dhe p\u00ebr t\u00eb informuar brezin e ri p\u00ebr t\u00eb v\u00ebrtet\u00ebn q\u00eb mbulohet me propagand\u00ebn inxhinierike t\u00eb partis\u00eb-shtet \u00e7do dit\u00eb.\u00a0\u00a0 Libri i Pun\u00ebve t\u00eb Mira shpjegon me fakte se arritjet m\u00eb t\u00eb m\u00ebdha t\u00eb k\u00ebtij vendi kan\u00eb firm\u00ebn e PD, duke e b\u00ebr\u00eb k\u00ebt\u00eb parti, parti t\u00eb interesit kob\u00ebtar.<\/p>\n<p>Ky lib\u00ebr duhet t\u00eb jet\u00eb n\u00eb doren e \u00e7do demokrati q\u00eb p\u00ebrballet me t\u00eb pav\u00ebrteta n\u00eb p\u00ebrditshm\u00ebrin\u00eb e tyre.<\/p>\n<p>Ky departament do vazhdoj\u00eb ta b\u00ebj\u00eb k\u00ebt\u00eb pun\u00eb edhe n\u00eb vitet q\u00eb vijn\u00eb duke u b\u00ebr\u00eb laborator idesh dhe burimesh njerezore te PD. Ftoj gjithsecilin nga ju t\u2019i b\u00ebj\u00eb thirrje t\u00eb rinjve dhe t\u00eb rejave profesionist\u00eb t\u00eb b\u00ebhen pjes\u00eb e ketij departamenti q\u00eb idet\u00eb e tyre t\u00eb b\u00ebhen ide t\u00eb PD dhe t\u2019i mbrojn k\u00ebto ide n\u00eb opinionin publik.<\/p>\n<p>Nuk dua t\u00eb ndalem shum\u00eb n\u00eb kontrastin e drejtimit t\u00eb Shqip\u00ebris\u00eb dje dhe sot, sepse ai \u00ebsht\u00eb shum\u00eb i qart\u00eb dhe shifrat jan\u00eb kok\u00ebforta. Arsimi sipas renditjes s\u00eb PISA-s, klima e biznesit dhe investitor\u00ebt e huaj, kthimi i trurit, nd\u00ebrtimi i infrastruktur\u00ebs dhe funksionimi i demokracis\u00eb n\u00eb vitet e qeverisjes ton\u00eb tregonin q\u00eb Shqip\u00ebria mundet t\u00eb jet\u00eb e para n\u00eb rajon dhe nuk meriton t\u00eb r\u00ebnditet si sot me vende q\u00eb jan\u00eb n\u00eb luft\u00eb.<\/p>\n<p>Pik\u00ebrisht k\u00ebto shifra banen q\u00eb ajo t\u00eb ishte nj\u00eb aktor n\u00eb rajon q\u00eb merrej seriozisht dhe jepte siguri duke mund\u00ebsuar k\u00ebshtu NATO dhe liberalizimin e vizave apo duke u mund\u00ebsuar nep\u00ebrmjet diplomacis\u00eb edhe pavarsin\u00eb e Kosov\u00ebs.<\/p>\n<p>Ne sot nuk jemi mbledh p\u00ebr tu qar\u00eb, por p\u00ebr ti kujtuar nj\u00ebri tjetrit q\u00eb ne jemi ngritur gjithmon\u00eb n\u00eb lart\u00ebsin\u00eb e misionit q\u00eb kemi marr\u00eb p\u00ebrsip\u00ebr. Ne kemi ardhur \u00e7do her\u00eb me vot\u00eb t\u00eb lir\u00eb dhe jemi larguar ose nga dhuna e 1997 ose nga dhunuesit e 2013. Ne p\u00ebrs\u00ebri kemi vazhduar betej\u00ebn pa kompromis, p\u00ebr t\u00eb mund\u00ebsuar vot\u00ebn e lir\u00eb e nep\u00ebrmjet saj t\u00eb kthehemi n\u00eb krye t\u00eb shtetit p\u00ebr rim\u00ebk\u00ebmbjen e ekonomis\u00eb dhe kthimin e shqiptarve n\u00eb atdhe.<\/p>\n<p>Ne po udh\u00ebheqim betej\u00ebn p\u00ebr liri e kjo betej\u00eb \u00ebsht\u00eb m\u00eb e v\u00ebshtira, k\u00ebrkon sakrifica e shum\u00eb pun\u00eb, qart\u00ebsi, koherenc\u00eb, organizim tu marr parasysh qe perballe kemi nje ushtri te disiplinuar, madjej ushtri mercenaresh. Nj\u00eb gj\u00eb \u00ebsht\u00eb e sigurt se kjo parti asht e mbushur me zonja e zotinj q\u00ebndrestar dhe me t\u00eb rinj e t\u00eb reja idealist\u00eb.<\/p>\n<p>Para 35 vitesh isha n\u00eb barkun e n\u00ebn\u00ebs kur kjo parti rr\u00ebzonte muret e regjimit t\u00eb fundit komunist n\u00eb Europ\u00eb. Sot 35 vite m\u00eb von\u00eb, f\u00ebmij\u00ebt e atyre zonja e zotninj q\u00eb fituan e \u00ebnd\u00ebrruan lirin\u00eb p\u00ebr ne, gjindemi p\u00ebrball\u00eb nj\u00eb regjimi m\u00eb pak gjakatar, por m\u00eb t\u00eb sofistikuar.<\/p>\n<p>Si dje, sot Partia Demokratike ka misionin dhe detyren t\u2019i kthejn\u00eb lirin\u00eb shqiptarve.<\/p>\n<p>Si dje, sot kjo parti ka p\u00ebrball\u00eb binjt\u00eb e atij barku q\u00eb s\u2019mbet kurr shterp\u00eb<\/p>\n<p>Si dje, sot kjo parti politike ka rreth saj burra e gra, te rinj e te reja qe jane gati te paguajne \u00e7do \u00e7mim. \u00c7do \u00e7mim me te cilin paguhet liria.<\/p>\n<p>Ne jena bijt\u00eb e asaj lirie q\u00eb Partia Demokratike ka sjell dhe duan ta na rr\u00ebmbejn\u00eb po ata q\u00eb na e kan mohu gjys\u00ebm shekulli dhe na kan\u00eb p\u00ebrball\u00eb.<\/p>\n<p>Ne jemi partia q\u00eb \u00ebsht\u00eb rr\u00ebzuar, por ka ditur t\u00eb ngrihet gjithmon\u00eb. Ne nuk ikim, ne q\u00ebndrojm\u00eb, ne fitojm\u00eb.<\/p>\n<p>Rroft\u00eb PD, rroft\u00eb Shqipnia me shqiptar\u00a0!<\/p>\n<\/div>\n<\/div>\n<\/div>\n<\/div>\n<div class=\"elementor-column elementor-col-50 elementor-top-column elementor-element elementor-element-bdba7b0\" data-id=\"bdba7b0\" data-element_type=\"column\">\n<div class=\"elementor-widget-wrap elementor-element-populated\">\n<div class=\"elementor-element elementor-element-fc63f39 elementor-widget elementor-widget-template\" data-id=\"fc63f39\" data-element_type=\"widget\" data-widget_type=\"template.default\">\n<div class=\"elementor-widget-container\">\n<div class=\"elementor-template\">\n<div class=\"elementor elementor-1824 elementor-location-single\" data-elementor-type=\"section\" data-elementor-id=\"1824\" data-elementor-post-type=\"elementor_library\">\n<section class=\"elementor-section elementor-top-section elementor-element elementor-element-079f463 elementor-section-boxed elementor-section-height-default elementor-section-height-default\" data-id=\"079f463\" data-element_type=\"section\">\n<div class=\"elementor-container elementor-column-gap-default\">\n<div class=\"elementor-column elementor-col-100 elementor-top-column elementor-element elementor-element-31ea933\" data-id=\"31ea933\" data-element_type=\"column\">\n<div class=\"elementor-widget-wrap elementor-element-populated\">\n<div class=\"elementor-element elementor-element-86f06b2 elementor-search-form--skin-classic elementor-search-form--button-type-icon elementor-search-form--icon-search elementor-widget elementor-widget-search-form\" data-id=\"86f06b2\" data-element_type=\"widget\" data-settings=\"{&quot;skin&quot;:&quot;classic&quot;}\" data-widget_type=\"search-form.default\">\n<div class=\"elementor-widget-container\">\n<form class=\"elementor-search-form\" action=\"https:\/\/pd.al\/\" method=\"get\">\n<div class=\"elementor-search-form__container\"><\/div>\n<\/form>\n<\/div>\n<\/div>\n<\/div>\n<\/div>\n<\/div>\n<\/section>\n<\/div>\n<\/div>\n<\/div>\n<\/div>\n<\/div>\n<\/div>\n","protected":false},"excerpt":{"rendered":"<p>I nderuar Kryetari i PD, prof. Dr. Sali Berisha, t\u00eb nderuar militant\u00eb, q\u00ebndrestar\u00eb, zonja dhe zot\u00ebrinj. Kam nderin t\u00eb flas sot si drejtues i nj\u00eb departamenti i cili \u00ebsht\u00eb prov\u00eb q\u00eb kjo parti frym\u00ebzon dhe brezi i par\u00eb i lindun dhe i rritun n\u00eb demokraci, beson n\u00eb misionin historik q\u00eb kjo parti ka q\u00eb n\u00eb &hellip;<\/p>\n","protected":false},"author":4,"featured_media":130775,"comment_status":"closed","ping_status":"closed","sticky":false,"template":"","format":"standard","meta":{"footnotes":""},"categories":[37],"tags":[],"class_list":["post-130774","post","type-post","status-publish","format-standard","has-post-thumbnail","","category-politike"],"_links":{"self":[{"href":"https:\/\/rdnews.al\/index.php\/wp-json\/wp\/v2\/posts\/130774","targetHints":{"allow":["GET"]}}],"collection":[{"href":"https:\/\/rdnews.al\/index.php\/wp-json\/wp\/v2\/posts"}],"about":[{"href":"https:\/\/rdnews.al\/index.php\/wp-json\/wp\/v2\/types\/post"}],"author":[{"embeddable":true,"href":"https:\/\/rdnews.al\/index.php\/wp-json\/wp\/v2\/users\/4"}],"replies":[{"embeddable":true,"href":"https:\/\/rdnews.al\/index.php\/wp-json\/wp\/v2\/comments?post=130774"}],"version-history":[{"count":1,"href":"https:\/\/rdnews.al\/index.php\/wp-json\/wp\/v2\/posts\/130774\/revisions"}],"predecessor-version":[{"id":130776,"href":"https:\/\/rdnews.al\/index.php\/wp-json\/wp\/v2\/posts\/130774\/revisions\/130776"}],"wp:featuredmedia":[{"embeddable":true,"href":"https:\/\/rdnews.al\/index.php\/wp-json\/wp\/v2\/media\/130775"}],"wp:attachment":[{"href":"https:\/\/rdnews.al\/index.php\/wp-json\/wp\/v2\/media?parent=130774"}],"wp:term":[{"taxonomy":"category","embeddable":true,"href":"https:\/\/rdnews.al\/index.php\/wp-json\/wp\/v2\/categories?post=130774"},{"taxonomy":"post_tag","embeddable":true,"href":"https:\/\/rdnews.al\/index.php\/wp-json\/wp\/v2\/tags?post=130774"}],"curies":[{"name":"wp","href":"https:\/\/api.w.org\/{rel}","templated":true}]}}