{"id":130777,"date":"2025-12-11T17:58:56","date_gmt":"2025-12-11T17:58:56","guid":{"rendered":"https:\/\/rdnews.al\/?p=130777"},"modified":"2025-12-11T18:52:49","modified_gmt":"2025-12-11T18:52:49","slug":"35-vjetori-i-themelimit-garo-pd-eshte-ora-e-qendreses-dhe-e-bashkimit-kunder-regjimit-te-edi-rames","status":"publish","type":"post","link":"https:\/\/rdnews.al\/index.php\/2025\/12\/11\/35-vjetori-i-themelimit-garo-pd-eshte-ora-e-qendreses-dhe-e-bashkimit-kunder-regjimit-te-edi-rames\/","title":{"rendered":"35 vite histori, 35 vite shpres\u00eb\/ Floriana Garo: Ora e PD-s\u00eb ka ardhur!"},"content":{"rendered":"<p>Partia Demokratike feston sot 35 vjetorin e themelimit. Z\u00ebdh\u00ebn\u00ebsja e PD, Floriana Garo, mbajti fjal\u00ebn e saj n\u00eb hyrje t\u00eb ceremonis\u00eb, ku theksoi sfidat e m\u00ebdha me t\u00eb cilat p\u00ebrballet sot Partia Demokratike.<\/p>\n<p>Garo tha se, demokracia \u00ebsht\u00eb e rrezikuar, shteti ka r\u00ebn\u00eb n\u00eb duart e nj\u00eb regjimi autoritar q\u00eb p\u00ebrpiqet t\u00eb shuaj\u00eb pluralizmin, fjal\u00ebn e lir\u00eb dhe shpres\u00ebn e shqiptar\u00ebve, por kjo sfid\u00eb nuk \u00ebsht\u00eb fundi i Partis\u00eb Demokratike. Kjo \u00ebsht\u00eb ora e saj, ora e q\u00ebndres\u00ebs, e besimit dhe e bashkimit.<\/p>\n<p><strong>Fjala e plot\u00eb <\/strong><\/p>\n<p>T\u00eb nderuar zonja dhe zot\u00ebrinj,<br \/>\nthemelues dhe rithemelues,<\/p>\n<p>I nderuar lideri historik i Partis\u00eb Demokratike,<br \/>\nt\u00eb dashur demokrat\u00eb, opozitar\u00eb, miq dhe t\u00eb ftuar!<\/p>\n<p>Mir\u00eb se erdh\u00ebt n\u00eb k\u00ebt\u00eb mbr\u00ebmje t\u00eb ve\u00e7ant\u00eb t\u00eb 35 vjetorit t\u00eb themelimit t\u00eb Partis\u00eb Demokratike, t\u00eb zanafill\u00ebs s\u00eb historis\u00eb q\u00eb i dha frym\u00eb Shqip\u00ebris\u00eb.<\/p>\n<p>Sot jemi mbledhur me nj\u00eb lajtmotiv t\u00eb thjesht\u00eb, por thelb\u00ebsor:<br \/>\nFaleminderit Partia Demokratike!<\/p>\n<p>Faleminderit PD p\u00ebr guximin q\u00eb solli ndryshimin n\u00eb vitin 1990!<\/p>\n<p>Faleminderit p\u00ebr liberalizimin e vizave, q\u00eb i hapi rrug\u00ebt, horizontet dhe shpresat nj\u00eb populli t\u00eb t\u00ebr\u00eb!<\/p>\n<p>Faleminderit p\u00ebr antar\u00ebsimin e Shqip\u00ebris\u00eb n\u00eb NATO, q\u00eb vendosi siguris dhe stabilitet p\u00ebr brezat!<\/p>\n<p>Faleminderit p\u00ebr rolin historik n\u00eb pavar\u00ebsin\u00eb e Kosov\u00ebs.<\/p>\n<p>Faleminderit p\u00ebr Rrug\u00ebn e Kombit, q\u00eb bashkoi shqiptar\u00ebt pa dallim feje, krahine dhe ideje!<\/p>\n<p>Sonte, teksa nderojm\u00eb t\u00eb shkuar\u00ebn, ne shohim drejt nj\u00eb t\u00eb ardhmeje q\u00eb k\u00ebrkon m\u00eb shum\u00eb prej nesh.<br \/>\nPartia Demokratike sot gjendet para sfidash t\u00eb m\u00ebdha. Sfida t\u00eb nj\u00eb kohe kur demokracia \u00ebsht\u00eb e rrezikuar, kur shteti ka r\u00ebn\u00eb n\u00eb duart e nj\u00eb regjimi autoritar, q\u00eb p\u00ebrpiqet t\u00eb shuaj\u00eb pluralizmin, fjal\u00ebn e lir\u00eb dhe shpres\u00ebn e shqiptar\u00ebve.<\/p>\n<p>Po ju them me bindje: kjo sfid\u00eb nuk \u00ebsht\u00eb fundi i PD. Kjo \u00ebsht\u00eb ora e saj.<\/p>\n<p>\u00cbsht\u00eb ora e q\u00ebndres\u00ebs.<br \/>\n\u00cbsht\u00eb ora e besimit.<br \/>\n\u00cbsht\u00eb ora e bashkimit.<\/p>\n<p>Sepse historia e k\u00ebsaj partie na ka m\u00ebsuar se kur demokrat\u00ebt q\u00ebndrojn\u00eb bashk\u00eb, kur besojn\u00eb te liria dhe kur ecin p\u00ebrpara pa u trembur, at\u00ebher\u00eb edhe e pamundura b\u00ebhet e mundur.<\/p>\n<p>Sot, m\u00eb shum\u00eb se kurr\u00eb, Shqip\u00ebria ka nevoj\u00eb p\u00ebr PD-n\u00eb.<\/p>\n<p>Ka nevoj\u00eb p\u00ebr vendosm\u00ebrin\u00eb e saj, p\u00ebr njer\u00ebzit e saj.<\/p>\n<p>Dhe ju siguroj: ne bashk\u00eb, n\u00ebse duam, n\u00ebse besojm\u00eb, n\u00ebse ngrihemi pa frik\u00eb, e mposhtim regjimin e Edi Ram\u00ebs.<\/p>\n<p>Ne e rikthejm\u00eb PD-n\u00eb n\u00eb vendin q\u00eb i takon: forc\u00eb e par\u00eb dhe forc\u00eb fituese.<\/p>\n<p>Ndaj sot, le t\u00eb festojm\u00eb jo vet\u00ebm \u00e7far\u00eb ka b\u00ebr\u00eb PD, por edhe \u00e7far\u00eb do t\u00eb b\u00ebj\u00eb. Sepse rruga e liris\u00eb nuk mbaron kurr\u00eb dhe ne jemi ata q\u00eb do ta \u00e7ojm\u00eb p\u00ebrpara<em>.<\/em><\/p>\n","protected":false},"excerpt":{"rendered":"<p>Partia Demokratike feston sot 35 vjetorin e themelimit. Z\u00ebdh\u00ebn\u00ebsja e PD, Floriana Garo, mbajti fjal\u00ebn e saj n\u00eb hyrje t\u00eb ceremonis\u00eb, ku theksoi sfidat e m\u00ebdha me t\u00eb cilat p\u00ebrballet sot Partia Demokratike. Garo tha se, demokracia \u00ebsht\u00eb e rrezikuar, shteti ka r\u00ebn\u00eb n\u00eb duart e nj\u00eb regjimi autoritar q\u00eb p\u00ebrpiqet t\u00eb shuaj\u00eb pluralizmin, fjal\u00ebn &hellip;<\/p>\n","protected":false},"author":4,"featured_media":130802,"comment_status":"closed","ping_status":"closed","sticky":false,"template":"","format":"standard","meta":{"footnotes":""},"categories":[37],"tags":[],"class_list":["post-130777","post","type-post","status-publish","format-standard","has-post-thumbnail","","category-politike"],"_links":{"self":[{"href":"https:\/\/rdnews.al\/index.php\/wp-json\/wp\/v2\/posts\/130777","targetHints":{"allow":["GET"]}}],"collection":[{"href":"https:\/\/rdnews.al\/index.php\/wp-json\/wp\/v2\/posts"}],"about":[{"href":"https:\/\/rdnews.al\/index.php\/wp-json\/wp\/v2\/types\/post"}],"author":[{"embeddable":true,"href":"https:\/\/rdnews.al\/index.php\/wp-json\/wp\/v2\/users\/4"}],"replies":[{"embeddable":true,"href":"https:\/\/rdnews.al\/index.php\/wp-json\/wp\/v2\/comments?post=130777"}],"version-history":[{"count":2,"href":"https:\/\/rdnews.al\/index.php\/wp-json\/wp\/v2\/posts\/130777\/revisions"}],"predecessor-version":[{"id":130803,"href":"https:\/\/rdnews.al\/index.php\/wp-json\/wp\/v2\/posts\/130777\/revisions\/130803"}],"wp:featuredmedia":[{"embeddable":true,"href":"https:\/\/rdnews.al\/index.php\/wp-json\/wp\/v2\/media\/130802"}],"wp:attachment":[{"href":"https:\/\/rdnews.al\/index.php\/wp-json\/wp\/v2\/media?parent=130777"}],"wp:term":[{"taxonomy":"category","embeddable":true,"href":"https:\/\/rdnews.al\/index.php\/wp-json\/wp\/v2\/categories?post=130777"},{"taxonomy":"post_tag","embeddable":true,"href":"https:\/\/rdnews.al\/index.php\/wp-json\/wp\/v2\/tags?post=130777"}],"curies":[{"name":"wp","href":"https:\/\/api.w.org\/{rel}","templated":true}]}}