{"id":130780,"date":"2025-12-11T18:03:21","date_gmt":"2025-12-11T18:03:21","guid":{"rendered":"https:\/\/rdnews.al\/?p=130780"},"modified":"2025-12-11T18:35:51","modified_gmt":"2025-12-11T18:35:51","slug":"rrefimi-i-rralle-per-themelimin-e-pd-rajmonda-bulku-berishes-krenare-qe-ju-kam-ndjekur","status":"publish","type":"post","link":"https:\/\/rdnews.al\/index.php\/2025\/12\/11\/rrefimi-i-rralle-per-themelimin-e-pd-rajmonda-bulku-berishes-krenare-qe-ju-kam-ndjekur\/","title":{"rendered":"Liria ishte nj\u00eb zgjedhje\/Rajmonda Bulku: Zoti Berisha, krenare q\u00eb ju kam ndjekur!"},"content":{"rendered":"<p>N\u00eb 35-vjetorin e themelimit t\u00eb PD, ish-deputetja Rajmonda Bulku solli d\u00ebshmi emocionuese nga fillimet e Partis\u00eb Demokratike, duke iu drejtuar drejtp\u00ebrdrejt edhe ish-kryeministrit Sali Berisha.<\/p>\n<p>Bulku rikujtoi koh\u00ebt e v\u00ebshtira t\u00eb themelimit t\u00eb pluralizmit, duke theksuar se rruga drejt fitores \u00ebsht\u00eb ende e gjat\u00eb dhe pritet me ankth nga an\u00ebtar\u00ebsia. N\u00eb fjal\u00ebn e saj, ish ligjv\u00ebn\u00ebsja demokrate, theksoi r\u00ebnd\u00ebsin\u00eb e kujtes\u00ebs historike, duke pikturuar nj\u00eb tablo t\u00eb zymt\u00eb t\u00eb realitetit shqiptar 35 vite m\u00eb par\u00eb.<\/p>\n<p>\u201cNuk ishte sot. Ishte diktatura komuniste, ishte sigurimi i brendsh\u00ebm. \u00c7do moment mund t\u00eb ndodhte gjith\u00e7ka me trupin t\u00ebnd, nj\u00eb asgj\u00ebsim fizik,\u201d deklaroi ajo, duke n\u00ebnvizuar rrezikun e vazhduesh\u00ebm q\u00eb kanosej mbi k\u00ebdo q\u00eb guxonte t\u00eb mendonte ndryshe.<\/p>\n<p><strong>Fjala e plot\u00eb<\/strong><\/p>\n<p>T\u00eb nderuar demokrat\u00eb, mir\u00ebmbr\u00ebma, mir\u00ebmbr\u00ebma dhe shum\u00eb i nderuar zoti Berisha. Kam nderin t\u00eb jem k\u00ebtu, t&#8217;ju p\u00ebrsh\u00ebndes dhe t&#8217;ju uroj se keni rrug\u00eb t\u00eb gjat\u00eb dhe ju presin suksese dhe fitore, q\u00eb demokrat\u00ebt e presin me shum\u00eb ankth dhe me t\u00eb drejt\u00eb. Por t\u00eb kujtosh \u00ebsht\u00eb bukur, por mbi t\u00eb gjitha \u00ebsht\u00eb edhe, \u00ebsht\u00eb edhe nj\u00eb kusht historik. Duhet t\u00eb dish nga vjen, duhet t\u00eb dish \u00e7far\u00eb p\u00ebrpjekjesh ke b\u00ebr\u00eb, duhet t\u00eb dish se sa koh\u00eb t\u00eb v\u00ebshtira kan\u00eb qen\u00eb. Nuk ishte sot. Ishte 35 vite m\u00eb par\u00eb, ishte diktatura komuniste, ishte sigurimi i brendsh\u00ebm. \u00c7do moment mund t\u00eb ndodhte gjith\u00e7ka me trupin t\u00ebnd, nj\u00eb asgj\u00ebsim fizik. Dhe n\u00eb qoft\u00eb se shum\u00eb intelektual\u00eb, me parti, pa parti, t\u00eb lindur n\u00eb familje komuniste, zgjodh\u00ebn lirin\u00eb.<\/p>\n<p>K\u00ebt\u00eb e kam t\u00eb huazuar nga ju, zoti Berisha, q\u00eb e that\u00eb, e rip\u00ebrs\u00ebrit\u00ebt, q\u00eb ishte nj\u00eb zgjedhje. Liria ishte nj\u00eb zgjedhje. Dhe ne t\u00eb gjith\u00eb, bashk\u00eb jush, qytetar\u00eb t\u00eb Tiran\u00ebs, rini, intelektual\u00eb, student\u00eb, \u00ebh, gra, burra, motra, v\u00ebllez\u00ebr, ju bashka-ngjitem juve. Ju besuam, ju mb\u00ebshtet\u00ebm, ishim pran\u00eb jush n\u00eb \u00e7do moment dhe nuk duhet harruar sepse n\u00ebse ju ishit diku dhe b\u00ebnit pun\u00ebn tuaj p\u00ebr t\u00eb krijuar Partin\u00eb e par\u00eb Demokratike n\u00eb nj\u00eb shtet akoma komunist shqiptar, shum\u00eb njer\u00ebz ishin jasht\u00eb jush, duke ju ruajtur e para, duke besuar, duke shpresuar dhe duke qen\u00eb, duke dashur t\u00eb jen\u00eb d\u00ebshmitar\u00eb t\u00eb atij akti heroik.<\/p>\n<p>Pra, ishte v\u00ebshtir\u00eb. Zoti Berisha, kam k\u00ebnaq\u00ebsin\u00eb t&#8217;ju uroj sot nj\u00eb jet\u00eb t\u00eb gjat\u00eb dhe nj\u00eb udh\u00ebheqje t\u00eb fort\u00eb t\u00eb Partis\u00eb Demokratike deri n\u00eb fitoren e saj p\u00ebrfundimtare, ashtu si\u00e7 i takon, sepse p\u00ebr her\u00eb t\u00eb par\u00eb ishit ju q\u00eb pash\u00eb kryetar i Partis\u00eb Demokratike n\u00eb apartamentin, n\u00eb sht\u00ebpin\u00eb e Pashkos. Dhe sot jeni ju p\u00ebrball\u00eb midis nesh dhe p\u00ebrball\u00eb meje p\u00ebr t\u00eb th\u00ebn\u00eb q\u00eb jam krenare q\u00eb ju kam ndjekur, jam krenare q\u00eb ju kam mb\u00ebshtetur dhe besoj fort sepse ishit ju n\u00eb at\u00eb dhjetor t\u00eb para pak viteve q\u00eb ishte nj\u00eb mrekulli, q\u00eb ju mb\u00ebshteti e gjith\u00eb forca demokratike e Shqip\u00ebris\u00eb n\u00eb at\u00eb stadium. Ishin foltoret tuaja, ishin primar\u00ebt tuaj. Vazhdoni dhe ne do ju besojm\u00eb dhe do ju mb\u00ebshtesim.<\/p>\n<p>Fitore!<\/p>\n","protected":false},"excerpt":{"rendered":"<p>N\u00eb 35-vjetorin e themelimit t\u00eb PD, ish-deputetja Rajmonda Bulku solli d\u00ebshmi emocionuese nga fillimet e Partis\u00eb Demokratike, duke iu drejtuar drejtp\u00ebrdrejt edhe ish-kryeministrit Sali Berisha. Bulku rikujtoi koh\u00ebt e v\u00ebshtira t\u00eb themelimit t\u00eb pluralizmit, duke theksuar se rruga drejt fitores \u00ebsht\u00eb ende e gjat\u00eb dhe pritet me ankth nga an\u00ebtar\u00ebsia. N\u00eb fjal\u00ebn e saj, ish &hellip;<\/p>\n","protected":false},"author":4,"featured_media":130781,"comment_status":"closed","ping_status":"closed","sticky":false,"template":"","format":"standard","meta":{"footnotes":""},"categories":[37],"tags":[],"class_list":["post-130780","post","type-post","status-publish","format-standard","has-post-thumbnail","","category-politike"],"_links":{"self":[{"href":"https:\/\/rdnews.al\/index.php\/wp-json\/wp\/v2\/posts\/130780","targetHints":{"allow":["GET"]}}],"collection":[{"href":"https:\/\/rdnews.al\/index.php\/wp-json\/wp\/v2\/posts"}],"about":[{"href":"https:\/\/rdnews.al\/index.php\/wp-json\/wp\/v2\/types\/post"}],"author":[{"embeddable":true,"href":"https:\/\/rdnews.al\/index.php\/wp-json\/wp\/v2\/users\/4"}],"replies":[{"embeddable":true,"href":"https:\/\/rdnews.al\/index.php\/wp-json\/wp\/v2\/comments?post=130780"}],"version-history":[{"count":2,"href":"https:\/\/rdnews.al\/index.php\/wp-json\/wp\/v2\/posts\/130780\/revisions"}],"predecessor-version":[{"id":130798,"href":"https:\/\/rdnews.al\/index.php\/wp-json\/wp\/v2\/posts\/130780\/revisions\/130798"}],"wp:featuredmedia":[{"embeddable":true,"href":"https:\/\/rdnews.al\/index.php\/wp-json\/wp\/v2\/media\/130781"}],"wp:attachment":[{"href":"https:\/\/rdnews.al\/index.php\/wp-json\/wp\/v2\/media?parent=130780"}],"wp:term":[{"taxonomy":"category","embeddable":true,"href":"https:\/\/rdnews.al\/index.php\/wp-json\/wp\/v2\/categories?post=130780"},{"taxonomy":"post_tag","embeddable":true,"href":"https:\/\/rdnews.al\/index.php\/wp-json\/wp\/v2\/tags?post=130780"}],"curies":[{"name":"wp","href":"https:\/\/api.w.org\/{rel}","templated":true}]}}