{"id":130783,"date":"2025-12-11T18:06:11","date_gmt":"2025-12-11T18:06:11","guid":{"rendered":"https:\/\/rdnews.al\/?p=130783"},"modified":"2025-12-11T18:06:11","modified_gmt":"2025-12-11T18:06:11","slug":"fiona-nishani-11-dhjetori-na-kujton-se-demokracia-nuk-eshte-dhurate-por-detyre","status":"publish","type":"post","link":"https:\/\/rdnews.al\/index.php\/2025\/12\/11\/fiona-nishani-11-dhjetori-na-kujton-se-demokracia-nuk-eshte-dhurate-por-detyre\/","title":{"rendered":"Fiona Nishani: 11 dhjetori na kujton se demokracia nuk \u00ebsht\u00eb dhurat\u00eb, por detyr\u00eb!"},"content":{"rendered":"<p>I nderuar Prof. Dr. Sali Berisha,<\/p>\n<p>T\u00eb nderuar deputet\u00eb,<\/p>\n<p>T\u00eb dashur miq, demokrat\u00eb dhe themelues t\u00eb Partis\u00eb Demokratike!<\/p>\n<p>Sot kujtojm\u00eb 35-vjetorin e themelimit t\u00eb Partis\u00eb Demokratike, nj\u00eb dit\u00eb q\u00eb ndezi drit\u00ebn e shpres\u00ebs p\u00ebr nj\u00eb Shqip\u00ebri t\u00eb lir\u00eb pas dekadash err\u00ebsire komuniste. M\u00eb 11 dhjetor 1990, z\u00ebri i guximsh\u00ebm i student\u00ebve, intelektual\u00ebve dhe pun\u00ebtor\u00ebve t\u00eb Shqip\u00ebris\u00eb sfidoi frik\u00ebn dhe izolimin, duke hapur rrug\u00ebn drejt demokracis\u00eb.<\/p>\n<p>P\u00ebr mua, ky p\u00ebrvjetor \u00ebsht\u00eb shum\u00eb i r\u00ebnd\u00ebsish\u00ebm. Jam pjes\u00eb e nj\u00eb familjeje ku politika ka qen\u00eb gjithmon\u00eb frym\u00ebzim, debat dhe pasion. Brezi im \u00ebsht\u00eb rritur n\u00eb nj\u00eb realitet ku arritjet e Partis\u00eb Demokratike kan\u00eb l\u00ebn\u00eb gjurm\u00eb t\u00eb drejtp\u00ebrdrejta n\u00eb jet\u00ebn e secilit prej nesh.<\/p>\n<p>Ne jemi brezi q\u00eb ka fluturuar drejt Europ\u00ebs pa viza, nj\u00eb \u00ebnd\u00ebrr q\u00eb u b\u00eb realitet fal\u00eb qeverisjes s\u00eb PD-s\u00eb. Liberalizimi i vizave ishte \u00e7el\u00ebsi q\u00eb hapi dyert e mund\u00ebsive, universiteteve, njohjeve dhe kulturave t\u00eb reja. Ndoshta ishte dhurata m\u00eb e bukur q\u00eb politika shqiptare u ka b\u00ebr\u00eb t\u00eb rinjve.<\/p>\n<p>Ne jemi brezi q\u00eb \u00ebsht\u00eb rritur i sigurt n\u00ebn ombrell\u00ebn e NATO-s. An\u00ebtar\u00ebsimi n\u00eb NATO nuk ishte thjesht nj\u00eb firm\u00eb n\u00eb nj\u00eb dokument; ishte garancia se e ardhmja jon\u00eb do t\u00eb ishte m\u00eb e sigurt se e kaluara e hidhur.<\/p>\n<p>T\u00eb gjitha k\u00ebto tregojn\u00eb se, kur PD ka qen\u00eb n\u00eb krye t\u00eb vendit, Shqip\u00ebria ka ecur p\u00ebrpara n\u00eb liri, n\u00eb drejt\u00ebsi, n\u00eb integrim dhe n\u00eb zhvillim.<\/p>\n<p>Por sot, n\u00eb 35-vjetorin e saj, Partia Demokratike ka nevoj\u00eb m\u00eb shum\u00eb se kurr\u00eb p\u00ebr ne, t\u00eb rinjt\u00eb. P\u00ebr energjin\u00eb, idet\u00eb dhe past\u00ebrtin\u00eb ton\u00eb morale. Ka nevoj\u00eb p\u00ebr t\u00eb rinj q\u00eb nuk dor\u00ebzohen, q\u00eb nuk e pranojn\u00eb padrejt\u00ebsin\u00eb si normalitet, q\u00eb nuk e pranojn\u00eb largimin si zgjidhje.<\/p>\n<p>Sot, 11 dhjetori, na kujton se demokracia nuk \u00ebsht\u00eb dhurat\u00eb, por detyr\u00eb. Na kujton se shpresa nuk duhet humbur kurr\u00eb, sepse ajo lindi pik\u00ebrisht n\u00eb momentet m\u00eb t\u00eb v\u00ebshtira.<\/p>\n<p>G\u00ebzuar 35-vjetorin e themelimit t\u00eb Partis\u00eb Demokratike!<\/p>\n<p>Rroft\u00eb Partia Demokratike!<\/p>\n","protected":false},"excerpt":{"rendered":"<p>I nderuar Prof. Dr. Sali Berisha, T\u00eb nderuar deputet\u00eb, T\u00eb dashur miq, demokrat\u00eb dhe themelues t\u00eb Partis\u00eb Demokratike! Sot kujtojm\u00eb 35-vjetorin e themelimit t\u00eb Partis\u00eb Demokratike, nj\u00eb dit\u00eb q\u00eb ndezi drit\u00ebn e shpres\u00ebs p\u00ebr nj\u00eb Shqip\u00ebri t\u00eb lir\u00eb pas dekadash err\u00ebsire komuniste. M\u00eb 11 dhjetor 1990, z\u00ebri i guximsh\u00ebm i student\u00ebve, intelektual\u00ebve dhe pun\u00ebtor\u00ebve t\u00eb &hellip;<\/p>\n","protected":false},"author":4,"featured_media":130784,"comment_status":"closed","ping_status":"closed","sticky":false,"template":"","format":"standard","meta":{"footnotes":""},"categories":[37],"tags":[],"class_list":["post-130783","post","type-post","status-publish","format-standard","has-post-thumbnail","","category-politike"],"_links":{"self":[{"href":"https:\/\/rdnews.al\/index.php\/wp-json\/wp\/v2\/posts\/130783","targetHints":{"allow":["GET"]}}],"collection":[{"href":"https:\/\/rdnews.al\/index.php\/wp-json\/wp\/v2\/posts"}],"about":[{"href":"https:\/\/rdnews.al\/index.php\/wp-json\/wp\/v2\/types\/post"}],"author":[{"embeddable":true,"href":"https:\/\/rdnews.al\/index.php\/wp-json\/wp\/v2\/users\/4"}],"replies":[{"embeddable":true,"href":"https:\/\/rdnews.al\/index.php\/wp-json\/wp\/v2\/comments?post=130783"}],"version-history":[{"count":1,"href":"https:\/\/rdnews.al\/index.php\/wp-json\/wp\/v2\/posts\/130783\/revisions"}],"predecessor-version":[{"id":130785,"href":"https:\/\/rdnews.al\/index.php\/wp-json\/wp\/v2\/posts\/130783\/revisions\/130785"}],"wp:featuredmedia":[{"embeddable":true,"href":"https:\/\/rdnews.al\/index.php\/wp-json\/wp\/v2\/media\/130784"}],"wp:attachment":[{"href":"https:\/\/rdnews.al\/index.php\/wp-json\/wp\/v2\/media?parent=130783"}],"wp:term":[{"taxonomy":"category","embeddable":true,"href":"https:\/\/rdnews.al\/index.php\/wp-json\/wp\/v2\/categories?post=130783"},{"taxonomy":"post_tag","embeddable":true,"href":"https:\/\/rdnews.al\/index.php\/wp-json\/wp\/v2\/tags?post=130783"}],"curies":[{"name":"wp","href":"https:\/\/api.w.org\/{rel}","templated":true}]}}