{"id":130786,"date":"2025-12-11T18:09:47","date_gmt":"2025-12-11T18:09:47","guid":{"rendered":"https:\/\/rdnews.al\/?p=130786"},"modified":"2025-12-11T18:09:47","modified_gmt":"2025-12-11T18:09:47","slug":"rruga-e-kombit-qe-bashkoi-zemrat-gazmend-saiti-nga-prizreni-ne-tirane-udhetimi-i-jetes-sime","status":"publish","type":"post","link":"https:\/\/rdnews.al\/index.php\/2025\/12\/11\/rruga-e-kombit-qe-bashkoi-zemrat-gazmend-saiti-nga-prizreni-ne-tirane-udhetimi-i-jetes-sime\/","title":{"rendered":"Rruga e Kombit q\u00eb bashkoi zemrat\/ Gazmend Saiti: Nga Prizreni n\u00eb Tiran\u00eb, udh\u00ebtimi i jet\u00ebs sime!"},"content":{"rendered":"<p>Un\u00eb jam Gazmend Saiti, shqiptar i Prizrenit, por qytetar i Tiran\u00ebs! Erdha n\u00eb Tiran\u00eb pas luft\u00ebs, p\u00ebr t\u00eb realizuar nj\u00eb \u00ebnd\u00ebrr, p\u00ebr tu b\u00ebr\u00eb gazetar, nga Kosova q\u00eb dikur ishte brenda zemr\u00ebs s\u00eb \u00e7do shqiptari p\u00ebr at\u00eb q\u00eb vuajti, por nga ana tjet\u00ebr shum\u00eb larg, p\u00ebr shkak t\u00eb maleve q\u00eb i kemi po aq t\u00eb larta sa vuajtjet e kombit ton\u00eb.<br \/>\nMbaj mend rrug\u00ebn time t\u00eb par\u00eb, p\u00ebr t\u00eb studiuar n\u00eb Tiran\u00eb, duhet t\u00eb udh\u00ebtoja gjith\u00eb dit\u00ebn, p\u00ebr afro 10 or\u00eb, e plot rreziqe t\u00eb rrug\u00ebs q\u00eb gjarp\u00ebronte buz\u00eb gremin\u00ebs.<br \/>\nIshte e lodhshme, e rrezikshme, e p\u00ebr mua dukej edhe m\u00eb e rrezikshme edhe m\u00eb e gjat\u00eb p\u00ebr shkak t\u00eb padurimit p\u00ebr t\u00eb mb\u00ebrritur n\u00eb dhom\u00ebn time t\u00eb studimit. P\u00ebr shkak t\u00eb distanc\u00ebs, familjen e takoja shum\u00eb rrall\u00eb, shpesh dimri kalonte pa u takuar me n\u00ebn\u00ebn.<br \/>\nPor s\u00ebrish mendoja se edhe pse kaq larg, isha n\u00eb sht\u00ebpin\u00eb time, Shqip\u00ebri. K\u00ebshtu ndodhi edhe pas studimeve, un\u00eb q\u00ebndrova n\u00eb sht\u00ebpi, e Prizreni u kthye ne vendin tim t\u00eb lindjes.<br \/>\nTeksa p\u00ebrfundoja studimet, Kosova p\u00ebr mua ishte shum\u00eb larg, por teksa krijova k\u00ebtu familjen time dhe Zoti m\u00eb bekoi me dy f\u00ebmij\u00eb, sht\u00ebpia ime, Kosova me erdhi m\u00eb af\u00ebr se kurr\u00eb.<br \/>\nIsha nd\u00ebr t\u00eb par\u00ebt q\u00eb p\u00ebrshkova Rrug\u00ebn e Kombit, sapo tuneli u hap, jo se kisha ndonj\u00eb nxitim, por p\u00ebr ti th\u00ebn\u00eb vetes dhe bashk\u00ebshortes time, shqiptare t\u00eb Shqip\u00ebris\u00eb, se un\u00eb nuk isha m\u00eb ai shqiptari nga Kosova e larg\u00ebt, por tashm\u00eb ishim dy shqiptar\u00eb t\u00eb dy qyteteve t\u00eb ndryshme shqiptare.<br \/>\nSi un\u00eb dhe shum\u00eb bashk\u00ebvendasit e mi t\u00eb Kosov\u00ebs kishim zgjedhur vet\u00eb rrug\u00ebn e bashkimit, por n\u00eb at\u00eb koh\u00eb, vullneti i nj\u00eb pushteti t\u00eb mir\u00eb, vizioni i nj\u00eb kryeministri patriot, bashkoi dy shtetet shqiptare.<br \/>\nNa bashkoi ne me familjet q\u00eb dikur i kishim larg, na dha mund\u00ebsin\u00eb q\u00eb hallet q\u00eb nuk i zgjidhnim dot n\u00eb Kosov\u00ebn e pas luft\u00ebs, ti zgjidhnim n\u00eb Tiran\u00eb.<br \/>\nG\u00ebzimet tashm\u00eb i festojm\u00eb si nj\u00eb familje e bashkuar, ku nga udh\u00ebtimet 1 ditore, tashm\u00eb p\u00ebr 2 or\u00eb un\u00eb dhe \u00e7do shqiptar i Kosov\u00ebs mund\u00eb t\u00eb ishim s\u00ebrish n\u00eb sht\u00ebpi. Bregdeti shqiptar nuk ishte m\u00eb vet\u00ebm destinacioni i pushimeve verore, por u kthye n\u00eb destinacionin e cdo fundjave.<br \/>\nTeksa i \u00e7oja \u00e7do fundjav\u00eb n\u00eb sht\u00ebpin\u00eb time n\u00eb Prizren, i tregoja vajz\u00ebs dhe djalit tim, vuajtjet e rrug\u00ebs q\u00eb un\u00eb duhet t\u00eb kaloja, nd\u00ebrsa sot ata kalojn\u00eb n\u00eb Rrug\u00ebn q\u00eb bashkoi Kombin edhe pse tani me ndonj\u00eb penges\u00eb t\u00eb vog\u00ebl gjat\u00eb saj.<br \/>\nPor un\u00eb k\u00ebt\u00eb nuk ja them dot vajz\u00ebs dhe djalit tim! Por p\u00ebrpiqem t\u00eb gjej arsye nga m\u00eb t\u00eb ndryshmet q\u00eb t\u2019i shpjegoj, se p\u00ebr t\u00eb nd\u00ebrtuar nj\u00eb familje t\u00eb fort\u00eb, duhet t\u00eb kursehet, se shpenzimet jan\u00eb t\u00eb m\u00ebdha, kostot e jetes\u00ebs rriten bashk\u00eb me ta.<br \/>\nE shteti, n\u00eb vend q\u00eb t\u00eb na leht\u00ebsoj\u00eb bashkimin dhe rritjen e familjes, Rrug\u00ebs q\u00eb bashkoi kombin i vendosi traun! Megjithat\u00eb mbetemi me shpres\u00eb q\u00eb ai q\u00eb nd\u00ebrtoj\u00eb k\u00ebt\u00eb rrug\u00eb t\u00eb heq\u00eb k\u00ebto barriera zhvat\u00ebse p\u00ebr qytetar\u00ebt e mbar\u00ebshqiptaris\u00eb.<br \/>\nP\u00ebr mua vizioni dhe puna p\u00ebr nd\u00ebrtimin e rrug\u00ebs s\u00eb Kombit nuk ishte ve\u00e7 nj\u00eb rrug\u00eb q\u00eb bashkoi dy shtetet, por bashkoi familjen time, e familjen e \u00e7do shqiptari t\u00eb Kosov\u00ebs e Shqip\u00ebris\u00eb.<br \/>\nBashkoi treg\u00ebtin\u00eb, bashkoi arsimin, e p\u00ebr m\u00eb tep\u00ebr bashkoi vlerat komb\u00ebtare.<br \/>\nFaleminderit!<\/p>\n","protected":false},"excerpt":{"rendered":"<p>Un\u00eb jam Gazmend Saiti, shqiptar i Prizrenit, por qytetar i Tiran\u00ebs! Erdha n\u00eb Tiran\u00eb pas luft\u00ebs, p\u00ebr t\u00eb realizuar nj\u00eb \u00ebnd\u00ebrr, p\u00ebr tu b\u00ebr\u00eb gazetar, nga Kosova q\u00eb dikur ishte brenda zemr\u00ebs s\u00eb \u00e7do shqiptari p\u00ebr at\u00eb q\u00eb vuajti, por nga ana tjet\u00ebr shum\u00eb larg, p\u00ebr shkak t\u00eb maleve q\u00eb i kemi po aq t\u00eb &hellip;<\/p>\n","protected":false},"author":4,"featured_media":130787,"comment_status":"closed","ping_status":"closed","sticky":false,"template":"","format":"standard","meta":{"footnotes":""},"categories":[37],"tags":[],"class_list":["post-130786","post","type-post","status-publish","format-standard","has-post-thumbnail","","category-politike"],"_links":{"self":[{"href":"https:\/\/rdnews.al\/index.php\/wp-json\/wp\/v2\/posts\/130786","targetHints":{"allow":["GET"]}}],"collection":[{"href":"https:\/\/rdnews.al\/index.php\/wp-json\/wp\/v2\/posts"}],"about":[{"href":"https:\/\/rdnews.al\/index.php\/wp-json\/wp\/v2\/types\/post"}],"author":[{"embeddable":true,"href":"https:\/\/rdnews.al\/index.php\/wp-json\/wp\/v2\/users\/4"}],"replies":[{"embeddable":true,"href":"https:\/\/rdnews.al\/index.php\/wp-json\/wp\/v2\/comments?post=130786"}],"version-history":[{"count":1,"href":"https:\/\/rdnews.al\/index.php\/wp-json\/wp\/v2\/posts\/130786\/revisions"}],"predecessor-version":[{"id":130788,"href":"https:\/\/rdnews.al\/index.php\/wp-json\/wp\/v2\/posts\/130786\/revisions\/130788"}],"wp:featuredmedia":[{"embeddable":true,"href":"https:\/\/rdnews.al\/index.php\/wp-json\/wp\/v2\/media\/130787"}],"wp:attachment":[{"href":"https:\/\/rdnews.al\/index.php\/wp-json\/wp\/v2\/media?parent=130786"}],"wp:term":[{"taxonomy":"category","embeddable":true,"href":"https:\/\/rdnews.al\/index.php\/wp-json\/wp\/v2\/categories?post=130786"},{"taxonomy":"post_tag","embeddable":true,"href":"https:\/\/rdnews.al\/index.php\/wp-json\/wp\/v2\/tags?post=130786"}],"curies":[{"name":"wp","href":"https:\/\/api.w.org\/{rel}","templated":true}]}}