{"id":130789,"date":"2025-12-11T18:15:48","date_gmt":"2025-12-11T18:15:48","guid":{"rendered":"https:\/\/rdnews.al\/?p=130789"},"modified":"2025-12-11T18:16:27","modified_gmt":"2025-12-11T18:16:27","slug":"pollo-perballe-keni-nje-ushtri-mercenaresh-opozita-shpresa-e-vetme-per-ndryshim","status":"publish","type":"post","link":"https:\/\/rdnews.al\/index.php\/2025\/12\/11\/pollo-perballe-keni-nje-ushtri-mercenaresh-opozita-shpresa-e-vetme-per-ndryshim\/","title":{"rendered":"Pollo: P\u00ebrball\u00eb kemi nj\u00eb ushtri mercenar\u00ebsh! Shpresa e vetme p\u00ebr ndryshim, opozita!"},"content":{"rendered":"<p>Ish-ministri Genc Pollo, gjat\u00eb fjal\u00ebs s\u00eb tij n\u00eb p\u00ebrvjetorin e themelimit t\u00eb PD tha se, beteja p\u00ebr liri vazhdon edhe sot, 35 vite pas r\u00ebnies s\u00eb komunizmit. Ai deklaroi se demokrat\u00ebt gjenden p\u00ebrball\u00eb nj\u00eb &#8220;ushtrie t\u00eb disiplinuar, madje nj\u00eb ushtrie mercenar\u00ebsh&#8221;, duke iu referuar kund\u00ebrshtar\u00ebve politik\u00eb. Sipas tij, Partia Demokratike \u00ebsht\u00eb e mbushur me qendrestar\u00eb dhe idealist\u00eb, dhe ka si mision t&#8217;u kthej\u00eb lirin\u00eb shqiptar\u00ebve, duke qen\u00eb gati t\u00eb paguaj\u00eb \u00e7do \u00e7mim p\u00ebr k\u00ebt\u00eb q\u00ebllim.<\/p>\n<p>N\u00eb fjal\u00ebn e tij, Genc Pollo, b\u00ebri nj\u00eb pasqyr\u00eb t\u00eb 35 viteve t\u00eb historis\u00eb s\u00eb partis\u00eb, duke theksuar vendimet me ndikim n\u00eb jet\u00ebn e qytetar\u00ebve. Ai p\u00ebrmendi arritje si pranimi n\u00eb K\u00ebshillin e Evrop\u00ebs, an\u00ebtar\u00ebsimi n\u00eb NATO dhe n\u00ebnshkrimi i Marr\u00ebveshjes s\u00eb Stabilizim-Asociimit me Bashkimin Evropian. Pollo ve\u00e7oi si nj\u00eb nga vendimet m\u00eb themelore t\u00eb qeverisjes s\u00eb par\u00eb demokratike rikthimin e dinjitetit t\u00eb njeriut p\u00ebrmes pron\u00ebs private, duke i b\u00ebr\u00eb shqiptar\u00ebt pronar\u00eb t\u00eb apartamenteve dhe tokave t\u00eb tyre.<\/p>\n<p><strong>Fjala e plot\u00eb<\/strong><\/p>\n<p>Mbr\u00ebma zonja e zot\u00ebrinj, t\u00eb dashur miq, zoti Berisha kryetari i Partis\u00eb Demokratike. Jan\u00eb 35 vjet, nuk jan\u00eb pak n\u00eb historin\u00eb e nj\u00eb kombi. Dhe vendimet e m\u00ebdha, vendimet e r\u00ebnd\u00ebsishme, vendimet me pesh\u00eb dhe me ndikim n\u00eb jet\u00ebn e njer\u00ebzve, q\u00eb mund t\u00eb merren gjat\u00eb asaj kohe, jan\u00eb ato q\u00eb mbahen mend. Dhe ky \u00ebsht\u00eb momenti p\u00ebr t&#8217;i kujtuar, jo thjesht p\u00ebr t\u00eb th\u00ebn\u00eb, si\u00e7 kemi b\u00ebr\u00eb shpesh her\u00eb, pothuajse 35 her\u00eb n\u00eb fjalime t\u00eb ngjashme me k\u00ebt\u00eb dit\u00eb \u00e7do vit, heroizmin, sfid\u00ebn e dit\u00ebve t\u00eb dhjetorit, themelimin e partis\u00eb, zgjerimin e saj n\u00eb t\u00eb gjitha koh\u00ebt. Por n\u00eb 35 vjet, p\u00ebr sa koh\u00eb ka qen\u00eb n\u00eb pushtet, edhe n\u00eb koh\u00ebn q\u00eb ka b\u00ebr\u00eb opozit\u00eb, po heqim pushtet ku merr vendime. Jan\u00eb gj\u00ebra q\u00eb v\u00ebrtet\u00eb kan\u00eb l\u00ebn\u00eb shenj\u00eb dhe kujtohen. Dhe ne ndoshta nga psikika e trysnuar nga regjimi, nga izolimi i regjimit komunist, do rreshtonim pranimin n\u00eb K\u00ebshillin e Evrop\u00ebs n\u00eb qeverin\u00eb e par\u00eb, pranimin n\u00eb NATO n\u00eb qeverin\u00eb e dyt\u00eb. \u00cb, edhe dy gj\u00ebra t\u00eb tjera n\u00eb k\u00ebt\u00eb drejtim q\u00eb harrohen, q\u00eb dy marr\u00ebveshje themelore me Bashkimin Europian, ajo e 92-shit, Bashkimi, marr\u00ebveshja p\u00ebr bashk\u00ebpunim dhe tjetra q\u00eb \u00ebsht\u00eb n\u00eb fuqi akoma, Marr\u00ebveshja e Stabilizim-Asociimit, po nga Partia Demokratike n\u00eb pushtet. \u00cbsht\u00eb negociuar dhe \u00ebsht\u00eb n\u00ebnshkruar.<\/p>\n<p>Por ne matemi me marr\u00ebdh\u00ebniet me jasht\u00eb pik\u00ebrisht sepse \u00ebsht\u00eb ai shtremb\u00ebrimi paksa i regjimit komunist edhe marr\u00ebdh\u00ebniet me bot\u00ebn jan\u00eb t\u00eb r\u00ebnd\u00ebsishme, si\u00e7 e tregojn\u00eb dhe fotografit\u00eb e shpeshta aty. Por un\u00eb do thoja nj\u00eb vendim nga t\u00eb par\u00ebt, i cili p\u00ebrb\u00ebn edhe thelbin e atij frym\u00ebzimi politik q\u00eb u shnd\u00ebrrua n\u00eb nj\u00eb program, q\u00eb u shnd\u00ebrrua pastaj n\u00eb legjislacion, q\u00eb ishte rikthimi i dinjitetit t\u00eb njeriut dhe rikthimi i liris\u00eb, dhe jo si koncepte abstrakte, por q\u00eb t\u00eb jet\u00eb qytetar i vendit t\u00eb vet, duhet t\u00eb jet\u00eb edhe pronar n\u00eb di\u00e7ka. Sepse ashtu si\u00e7 ishte katandisur n\u00eb fund t\u00eb regjimit komunist, shqiptar\u00ebt ishin b\u00ebr\u00eb jabanxhinj n\u00eb tok\u00ebn e tyre. Dhe u kujtoi nj\u00eb element, n\u00eb vitin e par\u00eb, n\u00eb 92-shin m\u00eb duket, me dekret presidencial, shqiptar\u00ebt u b\u00ebn\u00eb pronar\u00eb t\u00eb apartamenteve. Hera e par\u00eb q\u00eb g\u00ebzoni di\u00e7ka t\u00eb tyre. Hera e par\u00eb q\u00eb mund ta mbanin dhe t\u00eb thoshin, kam \u00e7far\u00eb t&#8217;i l\u00eb f\u00ebmij\u00ebve, ose mund ta shisnin, ose mund ta jepnin me qira, ose t\u00eb b\u00ebnin di\u00e7ka. Por u b\u00ebn\u00eb p\u00ebr her\u00eb t\u00eb par\u00eb pronar\u00eb, sot jan\u00eb pronar\u00eb dhe t\u00eb gj\u00ebrave t\u00eb tjera.<\/p>\n<p>Por jo, ishte nj\u00eb moment \u00e7lirimi q\u00eb nuk \u00ebsht\u00eb vler\u00ebsuar dhe nuk \u00ebsht\u00eb kujtuar, mendoj un\u00eb, aq sa duhet dhe aq sa e meriton. Dhe ka qen\u00eb nj\u00eb nd\u00ebr gj\u00ebrat e para, themelore, me impakt n\u00eb jet\u00ebn e shumic\u00ebs s\u00eb shqiptar\u00ebve. Dhe t\u00eb m\u00eb falin dhe ish-pronar\u00ebt, nj\u00eb korrespondent me t\u00eb, \u00ebsht\u00eb edhe ligji 7501 q\u00eb i b\u00ebri fshatar\u00ebt me tok\u00eb, pavar\u00ebsisht nga problemet q\u00eb ai sjell. Dhe n\u00eb k\u00ebt\u00eb gjurm\u00eb jan\u00eb shum\u00eb e shum\u00eb arritje t\u00eb tjera q\u00eb i dhan\u00eb mund\u00ebsin\u00eb q\u00eb n\u00eb nj\u00eb ekonomi tregu, q\u00eb si qytetar\u00eb me t\u00eb drejta, t\u00eb zhvillonin jet\u00ebn e tyre apo duke marr\u00eb fraz\u00ebn nga et\u00ebrit themelues t\u00eb Amerik\u00ebs, t\u00eb ndiqnin t\u00eb lir\u00eb lumturin\u00eb. Dhe kjo besoj q\u00eb \u00ebsht\u00eb nga meritat kryesore t\u00eb t\u00eb dyja qeverisjeve t\u00eb Partis\u00eb Demokratike, si t\u00eb asaj t\u00eb viteve &#8217;90, por edhe t\u00eb periudh\u00ebs 2005-2013. Dhe sot jemi para sfidave t\u00eb tjera, jo vet\u00ebm t\u00eb drejtat e njeriut jan\u00eb shpesh t\u00eb shkelura dhe n\u00eb p\u00ebrgjith\u00ebsi t\u00eb ngushtuara. Edhe t\u00eb drejtat ekonomike n\u00eb nj\u00eb situat\u00eb ku konkurrenca nuk vepron dhe xhepi i konsumatorit vuan nga kjo, jan\u00eb nj\u00eb nga sfidat q\u00eb, nj\u00eb nga problemet, nj\u00eb nga v\u00ebshtir\u00ebsit\u00eb q\u00eb nuk p\u00ebrmenden aq shum\u00eb, por q\u00eb gjithkush i ndjen n\u00eb xhepin e vet apo n\u00eb cil\u00ebsin\u00eb e mallit apo t\u00eb sh\u00ebrbimit q\u00eb vuan. Dhe ne p\u00ebrqendrohemi n\u00eb gj\u00ebra t\u00eb tjera dhe me t\u00eb drejt\u00eb.<\/p>\n<p>P\u00ebrqendrohemi n\u00eb skandalet e m\u00ebdha. Dhe m\u00eb leni t\u00eb kujtoj q\u00eb shpeshher\u00eb themi pa precedent. Ajo q\u00eb ndodh me mosdor\u00ebheqjen, me mos-shkarkimin e Ballukut, \u00ebsht\u00eb nj\u00eb skandal i jasht\u00ebzakonsh\u00ebm q\u00eb s&#8217;ka ndodhur ndonj\u00ebher\u00eb p\u00ebrpara. Kan\u00eb ndodhur skandale, kan\u00eb ndodhur skandale me Ram\u00ebn t\u00eb jasht\u00ebzakonshme, kan\u00eb ndodhur probleme edhe m\u00eb par\u00eb. Por skandale mund t\u00eb ndodhin. Ajo q\u00eb i dallon njer\u00ebzit, qytetar\u00ebt, \u00ebsht\u00eb m\u00ebnyra si reagojn\u00eb ndaj tyre. Prandaj, ashtu si thoja dikur, q\u00eb ata qytetar\u00eb q\u00eb protestonin te bashkia \u00e7do t\u00eb premte, ishin pjesa e mir\u00eb, m\u00eb e mir\u00eb e qytetit t\u00eb Tiran\u00ebs. Un\u00eb insistoj p\u00ebr ata q\u00eb mblidhen \u00e7do t\u00eb h\u00ebn\u00eb bashk\u00eb me mua apo dhe t\u00eb tjer\u00ebt q\u00eb pavar\u00ebsisht nga Partia Demokratike me 10 veta apo me 15 veta, jan\u00eb pjesa m\u00eb e nd\u00ebrgjegjshme e k\u00ebtij vendi. T\u00eb ndjekur nga ata q\u00eb duan t\u00eb nj\u00ebjt\u00ebn gj\u00eb, por e shikojn\u00eb tubimin nga televizionet apo nga celular\u00ebt e tyre. Dhe prandaj, zonja e zot\u00ebrinj, \u00ebsht\u00eb rast p\u00ebr t&#8217;i th\u00ebn\u00eb q\u00eb n\u00eb qoft\u00eb se ka nj\u00eb shpres\u00eb n\u00eb k\u00ebt\u00eb vend, n\u00eb nj\u00eb situat\u00eb jo t\u00eb leht\u00eb, t\u00eb brendshme dhe t\u00eb jashtme, kjo shpres\u00eb nuk mund t\u00eb jet\u00eb n\u00eb shum\u00eb vende.<\/p>\n<p>Kjo shpres\u00eb \u00ebsht\u00eb e opozita. Kjo shpres\u00eb \u00ebsht\u00eb e Partia Demokratike. Dhe kjo shpres\u00eb \u00ebsht\u00eb e ajo mas\u00eb qytetar\u00ebsh q\u00eb e duan ndryshimin por q\u00eb duan t\u00eb b\u00ebhen m\u00eb t\u00eb ngroht\u00eb, m\u00eb shpres\u00ebtar\u00eb, m\u00eb t\u00eb bindur q\u00eb ky ndryshim \u00ebsht\u00eb i mundur. Dhe ne t\u00eb gjith\u00eb besojm\u00eb dhe t\u00eb gjith\u00eb duam q\u00eb kjo t\u00eb ndodhi dhe p\u00ebr k\u00ebt\u00eb duhen p\u00ebrpjekje, por n\u00eb radh\u00eb t\u00eb par\u00eb nga Partia Demokratike. Dhe p\u00ebrpjekja si rregull shoq\u00ebrohet me sakrifica. Dhe sa m\u00eb lart t\u00eb jesh n\u00eb hierarki, proporcionalisht m\u00eb e lart\u00eb \u00ebsht\u00eb dhe sakrifica. Prandaj, \u00ebsht\u00eb rasti ta themi q\u00eb jo vet\u00ebm besimi nuk duhet humbur, por dhe p\u00ebrpjekja duhet shtuar, sepse ndryshimi mund t\u00eb vonoj\u00eb, mund t\u00eb mos vonoj\u00eb, por sado vonoj\u00eb, varet nga vullneti yn\u00eb dhe nga p\u00ebrpjekja jon\u00eb. Ju faleminderit dhe me suksese dhe fitore t\u00eb ardhme.<\/p>\n","protected":false},"excerpt":{"rendered":"<p>Ish-ministri Genc Pollo, gjat\u00eb fjal\u00ebs s\u00eb tij n\u00eb p\u00ebrvjetorin e themelimit t\u00eb PD tha se, beteja p\u00ebr liri vazhdon edhe sot, 35 vite pas r\u00ebnies s\u00eb komunizmit. Ai deklaroi se demokrat\u00ebt gjenden p\u00ebrball\u00eb nj\u00eb &#8220;ushtrie t\u00eb disiplinuar, madje nj\u00eb ushtrie mercenar\u00ebsh&#8221;, duke iu referuar kund\u00ebrshtar\u00ebve politik\u00eb. Sipas tij, Partia Demokratike \u00ebsht\u00eb e mbushur me qendrestar\u00eb &hellip;<\/p>\n","protected":false},"author":4,"featured_media":130791,"comment_status":"closed","ping_status":"closed","sticky":false,"template":"","format":"standard","meta":{"footnotes":""},"categories":[37],"tags":[],"class_list":["post-130789","post","type-post","status-publish","format-standard","has-post-thumbnail","","category-politike"],"_links":{"self":[{"href":"https:\/\/rdnews.al\/index.php\/wp-json\/wp\/v2\/posts\/130789","targetHints":{"allow":["GET"]}}],"collection":[{"href":"https:\/\/rdnews.al\/index.php\/wp-json\/wp\/v2\/posts"}],"about":[{"href":"https:\/\/rdnews.al\/index.php\/wp-json\/wp\/v2\/types\/post"}],"author":[{"embeddable":true,"href":"https:\/\/rdnews.al\/index.php\/wp-json\/wp\/v2\/users\/4"}],"replies":[{"embeddable":true,"href":"https:\/\/rdnews.al\/index.php\/wp-json\/wp\/v2\/comments?post=130789"}],"version-history":[{"count":2,"href":"https:\/\/rdnews.al\/index.php\/wp-json\/wp\/v2\/posts\/130789\/revisions"}],"predecessor-version":[{"id":130793,"href":"https:\/\/rdnews.al\/index.php\/wp-json\/wp\/v2\/posts\/130789\/revisions\/130793"}],"wp:featuredmedia":[{"embeddable":true,"href":"https:\/\/rdnews.al\/index.php\/wp-json\/wp\/v2\/media\/130791"}],"wp:attachment":[{"href":"https:\/\/rdnews.al\/index.php\/wp-json\/wp\/v2\/media?parent=130789"}],"wp:term":[{"taxonomy":"category","embeddable":true,"href":"https:\/\/rdnews.al\/index.php\/wp-json\/wp\/v2\/categories?post=130789"},{"taxonomy":"post_tag","embeddable":true,"href":"https:\/\/rdnews.al\/index.php\/wp-json\/wp\/v2\/tags?post=130789"}],"curies":[{"name":"wp","href":"https:\/\/api.w.org\/{rel}","templated":true}]}}