{"id":130794,"date":"2025-12-11T18:25:38","date_gmt":"2025-12-11T18:25:38","guid":{"rendered":"https:\/\/rdnews.al\/?p=130794"},"modified":"2025-12-11T18:25:38","modified_gmt":"2025-12-11T18:25:38","slug":"danjela-shyti-tuneli-i-kerrabes-ura-qe-na-ka-lehtesuar-jeten","status":"publish","type":"post","link":"https:\/\/rdnews.al\/index.php\/2025\/12\/11\/danjela-shyti-tuneli-i-kerrabes-ura-qe-na-ka-lehtesuar-jeten\/","title":{"rendered":"Danjela Shyti: Tuneli i K\u00ebrrab\u00ebs, \u201cUra\u201d q\u00eb na ka leht\u00ebsuar jet\u00ebn!"},"content":{"rendered":"<p>Un\u00eb jam Danjela Shyti, nj\u00eb qytetare dhe n\u00ebn\u00eb nga Elbasani.<br \/>\nJam sonte k\u00ebtu p\u00ebr t\u00eb th\u00eb shkurt dy fjal\u00eb p\u00ebr rrug\u00ebn Elbasan-Tiran\u00eb, p\u00ebr tunelin e K\u00ebrrab\u00ebs, q\u00eb i zuri vendin kthesave t\u00eb tmershme t\u00eb Qaf\u00eb Krrab\u00ebs. P\u00ebr t\u00eb shprehur mir\u00ebnjohjen pafund p\u00ebr leht\u00ebsirat q\u00eb kam patur e kam, un\u00eb e familja ime, mij\u00ebra familje elbasanase, tiranase e shqiptare!<br \/>\nIme bij\u00eb studente dhe m\u00eb pas e pun\u00ebsuar, im bir po ashtu.<br \/>\nLeht\u00ebsi n\u00eb koh\u00eb, leht\u00ebsi n\u00eb shpenzime dhe mbi t\u00eb gjitha qet\u00ebsin\u00eb e darkave tek sheh f\u00ebmij\u00ebt n\u00eb sht\u00ebpi!<br \/>\nRrug\u00ebt jan\u00eb si fjal\u00ebt, nd\u00ebrtojn\u00eb ura ose ngren\u00eb mure!<br \/>\nKeni nd\u00ebrtuar URA Doktor, dhe p\u00ebr k\u00ebt\u00eb keni mir\u00ebnjohjen me z\u00eb apo n\u00ebn z\u00eb t\u00eb t\u00eb gjith\u00eb njer\u00ebzve q\u00eb kalojn\u00eb aty.<br \/>\nDhe tuneli \u00ebsht\u00eb q\u00eb \u201cUra\u201d na ka leht\u00ebsuar jet\u00ebn!<br \/>\nFaleminderit, PD!<br \/>\nFaleminderit Sali Berisha!<\/p>\n","protected":false},"excerpt":{"rendered":"<p>Un\u00eb jam Danjela Shyti, nj\u00eb qytetare dhe n\u00ebn\u00eb nga Elbasani. Jam sonte k\u00ebtu p\u00ebr t\u00eb th\u00eb shkurt dy fjal\u00eb p\u00ebr rrug\u00ebn Elbasan-Tiran\u00eb, p\u00ebr tunelin e K\u00ebrrab\u00ebs, q\u00eb i zuri vendin kthesave t\u00eb tmershme t\u00eb Qaf\u00eb Krrab\u00ebs. P\u00ebr t\u00eb shprehur mir\u00ebnjohjen pafund p\u00ebr leht\u00ebsirat q\u00eb kam patur e kam, un\u00eb e familja ime, mij\u00ebra familje elbasanase, &hellip;<\/p>\n","protected":false},"author":4,"featured_media":130795,"comment_status":"closed","ping_status":"closed","sticky":false,"template":"","format":"standard","meta":{"footnotes":""},"categories":[37],"tags":[],"class_list":["post-130794","post","type-post","status-publish","format-standard","has-post-thumbnail","","category-politike"],"_links":{"self":[{"href":"https:\/\/rdnews.al\/index.php\/wp-json\/wp\/v2\/posts\/130794","targetHints":{"allow":["GET"]}}],"collection":[{"href":"https:\/\/rdnews.al\/index.php\/wp-json\/wp\/v2\/posts"}],"about":[{"href":"https:\/\/rdnews.al\/index.php\/wp-json\/wp\/v2\/types\/post"}],"author":[{"embeddable":true,"href":"https:\/\/rdnews.al\/index.php\/wp-json\/wp\/v2\/users\/4"}],"replies":[{"embeddable":true,"href":"https:\/\/rdnews.al\/index.php\/wp-json\/wp\/v2\/comments?post=130794"}],"version-history":[{"count":1,"href":"https:\/\/rdnews.al\/index.php\/wp-json\/wp\/v2\/posts\/130794\/revisions"}],"predecessor-version":[{"id":130796,"href":"https:\/\/rdnews.al\/index.php\/wp-json\/wp\/v2\/posts\/130794\/revisions\/130796"}],"wp:featuredmedia":[{"embeddable":true,"href":"https:\/\/rdnews.al\/index.php\/wp-json\/wp\/v2\/media\/130795"}],"wp:attachment":[{"href":"https:\/\/rdnews.al\/index.php\/wp-json\/wp\/v2\/media?parent=130794"}],"wp:term":[{"taxonomy":"category","embeddable":true,"href":"https:\/\/rdnews.al\/index.php\/wp-json\/wp\/v2\/categories?post=130794"},{"taxonomy":"post_tag","embeddable":true,"href":"https:\/\/rdnews.al\/index.php\/wp-json\/wp\/v2\/tags?post=130794"}],"curies":[{"name":"wp","href":"https:\/\/api.w.org\/{rel}","templated":true}]}}